{"id":561,"date":"2006-08-07T20:40:39","date_gmt":"2006-08-07T18:40:39","guid":{"rendered":"http:\/\/www.alpoma.net\/tecob\/?p=561"},"modified":"2006-08-07T20:56:45","modified_gmt":"2006-08-07T18:56:45","slug":"la-unica-obra-de-arte-dejada-en-la-luna","status":"publish","type":"post","link":"https:\/\/alpoma.net\/tecob\/?p=561","title":{"rendered":"La \u00fanica obra de arte dejada en la Luna"},"content":{"rendered":"<p>Los astronautas de las <strong><a href=\"http:\/\/www.apollosaturn.com\/\">misiones Apolo<\/a><\/strong> iban equipados con toda clase de tecnolog\u00eda destinada a estudiar nuestro sat\u00e9lite natural. Instalaron reflect\u00f3metros l\u00e1ser, sism\u00f3metros&#8230; pero tambi\u00e9n portaron algunas cosas curiosas. Hoy los <strong><a href=\"http:\/\/www.kirchersociety.org\/blog\/?p=896\">amigos kircherianos<\/a><\/strong> me han sorprendido con la que es <strong>la \u00fanica obra de arte depositada en Luna hasta el momento<\/strong>. El concepto de arte es muy laxo, cada cual se lo tomar\u00e1 como quiera, pero no deja de ser curioso que <strong><a href=\"http:\/\/spaceflight.nasa.gov\/history\/apollo\/apollo15\/index.html\">David Scott<\/a><\/strong>, astronauta del <strong>Apolo XV<\/strong>, dejara una placa en las arenas lunares con el nombre grabado de catorce astronautas y cosmonautas fallecidos en acto de servicio. Junto a la placa, deposit\u00f3 una <strong><a href=\"http:\/\/en.wikipedia.org\/wiki\/Fallen_Astronaut\">peque\u00f1a escultura de aluminio<\/a><\/strong>, de 8,5 cent\u00edmetros, obra del artista belga <strong>Paul Van Hoeydonck<\/strong> a la que se titul\u00f3 como <strong><a href=\"http:\/\/www.collectspace.com\/resources\/flown_a15_articlescarried.html\">\u00abEl astronauta ca\u00eddo\u00bb<\/a><\/strong>. En contra de la opini\u00f3n de la NASA y la tripulaci\u00f3n, el artista cre\u00f3 casi mil r\u00e9plicas de la figurilla que puso a la venta por 750 d\u00f3lares cada una.<\/p>\n<p><a href=\"http:\/\/www.flickr.com\/photos\/alpoma\/209283507\/\" title=\"Photo Sharing\"><img loading=\"lazy\" decoding=\"async\" src=\"http:\/\/static.flickr.com\/89\/209283507_81c4aab8e8_o.jpg\" width=\"630\" height=\"473\" alt=\"astronauta\" class=\"otros\"\/><\/a><\/p>\n","protected":false},"excerpt":{"rendered":"<div class=\"mh-excerpt\"><p>Los astronautas de las misiones Apolo iban equipados con toda clase de tecnolog\u00eda destinada a estudiar nuestro sat\u00e9lite natural. Instalaron reflect\u00f3metros l\u00e1ser, sism\u00f3metros&#8230; pero tambi\u00e9n portaron algunas cosas curiosas. Hoy <a class=\"mh-excerpt-more\" href=\"https:\/\/alpoma.net\/tecob\/?p=561\" title=\"La \u00fanica obra de arte dejada en la Luna\">[&#8230;]<\/a><\/p>\n<\/div>","protected":false},"author":1,"featured_media":10609,"comment_status":"open","ping_status":"open","sticky":false,"template":"","format":"standard","meta":{"jetpack_post_was_ever_published":false,"_jetpack_newsletter_access":"","_jetpack_dont_email_post_to_subs":false,"_jetpack_newsletter_tier_id":0,"_jetpack_memberships_contains_paywalled_content":false,"_jetpack_memberships_contains_paid_content":false,"footnotes":""},"categories":[5,3],"tags":[],"class_list":["post-561","post","type-post","status-publish","format-standard","has-post-thumbnail","hentry","category-geo","category-obsolescencia"],"jetpack_featured_media_url":"https:\/\/alpoma.net\/tecob\/wp-content\/uploads\/2006\/08\/209283507_81c4aab8e8_o.jpg","jetpack_shortlink":"https:\/\/wp.me\/p93Dc1-93","jetpack-related-posts":[{"id":14511,"url":"https:\/\/alpoma.net\/tecob\/?p=14511","url_meta":{"origin":561,"position":0},"title":"El Proyecto Apolo en 35 im\u00e1genes poco conocidas","author":"alpoma","date":"9 julio 2019","format":false,"excerpt":"Este mes de julio de 2019 se cumplen 50 a\u00f1os de la llegada del Apolo 11 a la Luna. He escrito mucho sobre el Proyecto Apolo en los \u00faltimos a\u00f1os, por lo que, visto que aparecen por doquier documentales y art\u00edculos sobre el tema, no quer\u00eda quedarme en lo de\u2026","rel":"","context":"En \u00abObsolescencia\u00bb","block_context":{"text":"Obsolescencia","link":"https:\/\/alpoma.net\/tecob\/?cat=3"},"img":{"alt_text":"","src":"https:\/\/i0.wp.com\/alpoma.net\/tecob\/wp-content\/uploads\/2019\/07\/proyecto-apolo.png?resize=350%2C200&ssl=1","width":350,"height":200,"srcset":"https:\/\/i0.wp.com\/alpoma.net\/tecob\/wp-content\/uploads\/2019\/07\/proyecto-apolo.png?resize=350%2C200&ssl=1 1x, https:\/\/i0.wp.com\/alpoma.net\/tecob\/wp-content\/uploads\/2019\/07\/proyecto-apolo.png?resize=525%2C300&ssl=1 1.5x"},"classes":[]},{"id":805,"url":"https:\/\/alpoma.net\/tecob\/?p=805","url_meta":{"origin":561,"position":1},"title":"Un encuentro con Venus","author":"alpoma","date":"26 diciembre 2007","format":false,"excerpt":"Ahora que las aguas andan muy revueltas en el mundo de la astron\u00e1utica, me he acordado de un viejo proyecto con el que se pens\u00f3 enviar una tripulaci\u00f3n de astronautas a un encuentro con el planeta Venus. Se han dise\u00f1ado muchas naves y misiones a lo largo de la corta\u2026","rel":"","context":"En \u00abObsolescencia\u00bb","block_context":{"text":"Obsolescencia","link":"https:\/\/alpoma.net\/tecob\/?cat=3"},"img":{"alt_text":"","src":"https:\/\/i0.wp.com\/alpoma.net\/tecob\/wp-content\/uploads\/2007\/12\/2138890618_3085b3f5fe_o.jpg?resize=350%2C200&ssl=1","width":350,"height":200,"srcset":"https:\/\/i0.wp.com\/alpoma.net\/tecob\/wp-content\/uploads\/2007\/12\/2138890618_3085b3f5fe_o.jpg?resize=350%2C200&ssl=1 1x, https:\/\/i0.wp.com\/alpoma.net\/tecob\/wp-content\/uploads\/2007\/12\/2138890618_3085b3f5fe_o.jpg?resize=525%2C300&ssl=1 1.5x"},"classes":[]},{"id":628,"url":"https:\/\/alpoma.net\/tecob\/?p=628","url_meta":{"origin":561,"position":2},"title":"Rodando sobre la Luna","author":"alpoma","date":"31 octubre 2006","format":false,"excerpt":"Tras el mal trago que para el programa de exploraci\u00f3n lunar de los Estados Unidos supuso el Apolo XIII, donde sus tres tripulantes a punto estuvieron de perecer, la mision Apolo XIV discurri\u00f3 por caminos normales, teniendo en cuenta que salir disparado hacia la Luna impulsado por un monstruo como\u2026","rel":"","context":"En \u00abObsolescencia\u00bb","block_context":{"text":"Obsolescencia","link":"https:\/\/alpoma.net\/tecob\/?cat=3"},"img":{"alt_text":"","src":"https:\/\/i0.wp.com\/alpoma.net\/tecob\/wp-content\/uploads\/2006\/10\/284873649_560d932c42_o.jpg?resize=350%2C200&ssl=1","width":350,"height":200,"srcset":"https:\/\/i0.wp.com\/alpoma.net\/tecob\/wp-content\/uploads\/2006\/10\/284873649_560d932c42_o.jpg?resize=350%2C200&ssl=1 1x, https:\/\/i0.wp.com\/alpoma.net\/tecob\/wp-content\/uploads\/2006\/10\/284873649_560d932c42_o.jpg?resize=525%2C300&ssl=1 1.5x"},"classes":[]},{"id":776,"url":"https:\/\/alpoma.net\/tecob\/?p=776","url_meta":{"origin":561,"position":3},"title":"Recreando la Luna en la Tierra","author":"alpoma","date":"11 septiembre 2007","format":false,"excerpt":"En los a\u00f1os sesenta, durante la fiebre de la carrera hacia la Luna, las personas encargadas de preparar las misiones tripuladas a nuestro sat\u00e9lite natural se plantearon seriamente una cuesti\u00f3n muy sencilla. \u00bfC\u00f3mo entrenar a un astronauta para moverse por terreno lunar? La respuesta no es nada sencilla, no se\u2026","rel":"","context":"En \u00abGeo\u00bb","block_context":{"text":"Geo","link":"https:\/\/alpoma.net\/tecob\/?cat=5"},"img":{"alt_text":"","src":"https:\/\/i0.wp.com\/alpoma.net\/tecob\/wp-content\/uploads\/2007\/09\/1362564516_cf5237f958_o.jpg?resize=350%2C200&ssl=1","width":350,"height":200},"classes":[]},{"id":7097,"url":"https:\/\/alpoma.net\/tecob\/?p=7097","url_meta":{"origin":561,"position":4},"title":"Neil Armstrong y el vuelo del Gemini 8","author":"alpoma","date":"26 agosto 2012","format":false,"excerpt":"A estas horas ya ha sido comentado por todas partes, ha fallecido Neil Armstrong, el primer ser humano en poner el pie no s\u00f3lo en nuestra Luna, sino el primero en hacerlo en un cuerpo celeste que no fuera nuestro mundo. No repetir\u00e9 nada de lo dicho por doquier, si\u2026","rel":"","context":"En \u00abObsolescencia\u00bb","block_context":{"text":"Obsolescencia","link":"https:\/\/alpoma.net\/tecob\/?cat=3"},"img":{"alt_text":"camino","src":"https:\/\/i0.wp.com\/farm9.staticflickr.com\/8438\/7867403172_32e1b06c98_n.jpg?resize=350%2C200","width":350,"height":200},"classes":[]},{"id":458,"url":"https:\/\/alpoma.net\/tecob\/?p=458","url_meta":{"origin":561,"position":5},"title":"Viejos selenitas","author":"alpoma","date":"7 mayo 2006","format":false,"excerpt":"Los habitantes, nativos, de la Luna dieron mucho que hablar hace d\u00e9cadas. Los selenitas, como se les conoc\u00eda, daban mucho juego en narraciones fant\u00e1sticas de todo tipo, se imaginaban los humanos c\u00f3mo ser\u00edan los paisajes lunares y las ciudades, mayormente \"cavern\u00edcolas\", constru\u00eddas por sus habitantes. Ya Haydn dedic\u00f3 a las\u2026","rel":"","context":"En \u00abGeo\u00bb","block_context":{"text":"Geo","link":"https:\/\/alpoma.net\/tecob\/?cat=5"},"img":{"alt_text":"","src":"","width":0,"height":0},"classes":[]}],"jetpack_sharing_enabled":true,"_links":{"self":[{"href":"https:\/\/alpoma.net\/tecob\/index.php?rest_route=\/wp\/v2\/posts\/561","targetHints":{"allow":["GET"]}}],"collection":[{"href":"https:\/\/alpoma.net\/tecob\/index.php?rest_route=\/wp\/v2\/posts"}],"about":[{"href":"https:\/\/alpoma.net\/tecob\/index.php?rest_route=\/wp\/v2\/types\/post"}],"author":[{"embeddable":true,"href":"https:\/\/alpoma.net\/tecob\/index.php?rest_route=\/wp\/v2\/users\/1"}],"replies":[{"embeddable":true,"href":"https:\/\/alpoma.net\/tecob\/index.php?rest_route=%2Fwp%2Fv2%2Fcomments&post=561"}],"version-history":[{"count":0,"href":"https:\/\/alpoma.net\/tecob\/index.php?rest_route=\/wp\/v2\/posts\/561\/revisions"}],"wp:featuredmedia":[{"embeddable":true,"href":"https:\/\/alpoma.net\/tecob\/index.php?rest_route=\/wp\/v2\/media\/10609"}],"wp:attachment":[{"href":"https:\/\/alpoma.net\/tecob\/index.php?rest_route=%2Fwp%2Fv2%2Fmedia&parent=561"}],"wp:term":[{"taxonomy":"category","embeddable":true,"href":"https:\/\/alpoma.net\/tecob\/index.php?rest_route=%2Fwp%2Fv2%2Fcategories&post=561"},{"taxonomy":"post_tag","embeddable":true,"href":"https:\/\/alpoma.net\/tecob\/index.php?rest_route=%2Fwp%2Fv2%2Ftags&post=561"}],"curies":[{"name":"wp","href":"https:\/\/api.w.org\/{rel}","templated":true}]}}