{"id":5557,"date":"2011-11-03T17:13:58","date_gmt":"2011-11-03T15:13:58","guid":{"rendered":"http:\/\/www.alpoma.net\/tecob\/?p=5557"},"modified":"2015-09-04T22:50:08","modified_gmt":"2015-09-04T20:50:08","slug":"%c2%bfpodria-aprovecharse-el-trafico-rodado-para-generar-energia-electrica","status":"publish","type":"post","link":"https:\/\/alpoma.net\/tecob\/?p=5557","title":{"rendered":"\u00bfPodr\u00eda aprovecharse el tr\u00e1fico rodado para generar energ\u00eda el\u00e9ctrica?"},"content":{"rendered":"<p class=\"otros3\">En el n\u00famero correspondiente a este mes de noviembre de 2011 de la revista <a href=\"http:\/\/www.historiadeiberiavieja.com\/\">Historia de Iberia Vieja<\/a>, en mi secci\u00f3n <em>Made in Spain<\/em>, hago un repaso a lo que la prensa comentaba all\u00e1 en los a\u00f1os sesenta y setenta sobre el motor de agua del inventor <strong>Arturo Est\u00e9vez Varela<\/strong>. Antes de pasar a publicar un post a modo de versi\u00f3n resumida de ese art\u00edculo, me gustar\u00eda comentar una idea que no inclu\u00ed en ese texto y que se refiere a <strong>una propuesta que me parece interesante<\/strong>.<\/p>\n<p>El t\u00edtulo de este post naci\u00f3 de la tormenta de ideas que surgi\u00f3 en mi cabeza el mes pasado cuando estuve repasando las <strong><a href=\"http:\/\/www.oepm.es\/es\/invenciones\/resultados.html?bases=0&#038;titulo_busq_avanzada=&#038;fieldTitulo=TITU&#038;resumen_busq_avanzada=&#038;fieldResumen=TIRE+&#038;numPublicacion_busq_avanzada=&#038;fieldNumPub=NPUB&#038;numSolicitud_busq_avanzada=&#038;fieldNumSol=NSOL&#038;numPrioridad_busq_avanzada=&#038;fieldNumPri=VPRIO&#038;fechaPublicaciones_busq_avanzada=&#038;fieldFechaPub=FPCO&#038;solicitante_busq_avanzada=Estevez+Varela&#038;fieldSolicitante=SOLI&#038;inventor_busq_avanzada=&#038;fieldInventor=INVE&#038;clasif_busq_avanzada=&#038;fieldClasificacion=CLASIF\">patentes de Est\u00e9vez Varela<\/a><\/strong> custodiadas por la <strong>Oficina Espa\u00f1ola de Patentes y Marcas<\/strong>. Casi todo el mundo que se ha interesado por la figura de este inventor ha mencionado o citado \u00abmotor de agua\u00bb, lo digo con cierto pesar porque a mi entender el resto de patentes son mucho m\u00e1s interesantes, al menos desde el punto de vista conceptual. He ah\u00ed, por ejemplo, <strong>dos patentes que me han llamado especialmente la atenci\u00f3n<\/strong> y que, si se volvieran a replantear con tecnolog\u00eda actual, posiblemente tuvieran alg\u00fan \u00e9xito. La duda es la siguiente: <strong>\u00bfpodr\u00eda llevarse a cabo algo as\u00ed y conseguir que fuera de alguna utilidad? <\/strong>Las dos patentes que voy a citar, y pi\u00e9nsese que datan de mediados del siglo XX, <strong>planteaban aprovechar carreteras con gran cantidad de tr\u00e1fico como generadores el\u00e9ctricos<\/strong>. S\u00e9 que se han realizado muchos intentos en ese sentido, pero hasta ahora no veo que haya prosperado ninguno. Lo que Est\u00e9vez Varela pretend\u00eda era incluir un cilindro m\u00f3vil que sobresaliera levemente sobre la carretera. Al pasar los veh\u00edculos, el cilindro se pondr\u00eda en movimiento, pasando \u00e9ste giro a trav\u00e9s de una transmisi\u00f3n a un <strong>compresor de aire<\/strong>. Ser\u00eda este aire comprimido el que, liberado a voluntad, servir\u00eda para generar energ\u00eda el\u00e9ctrica para alimentar el alumbrado p\u00fablico, por ejemplo. Lo del cilindro lo veo un poco complicado, pero aplicando materiales actuales y miniaturizaci\u00f3n la cosa podr\u00eda cambiar, aunque a buen seguro que la eficacia ser\u00eda bastante penosa. Quien quiera consultar las patentes tiene acceso a ellas a trav\u00e9s de los siguientes documentos en PDF (por cierto, el lenguaje empleado en ellas, guarda ciertas particularidades que saltan a la vista, no deja de ser t\u00edpico de la \u00e9poca y de algunos ambientes, pero lo aviso para quien no lo haya visto antes, llama mucho la atenci\u00f3n.) \ud83d\ude09<\/p>\n<ul>\n<li><strong>Patente de 1951<\/strong>: <a href=\"http:\/\/www.oepm.es\/pdf\/ES\/0000\/000\/00\/19\/64\/ES-0196444_A1.pdf\">Un mecanismo especial productor de energ\u00eda mec\u00e1nica aprovechando el movimiento de toda clase se veh\u00edculos<\/a>. (PDF)<\/li>\n<li><strong>Patente de 1949<\/strong>: <a href=\"http:\/\/www.oepm.es\/pdf\/ES\/0000\/000\/00\/18\/90\/ES-0189093_A1.pdf\">Un mecanismo especial para acumular energ\u00eda aprovechando el movimiento de toda clase de veh\u00edculos<\/a>. (PDF)<\/li>\n<\/ul>\n<p><a href=\"http:\/\/www.flickr.com\/photos\/alpoma\/6308911239\/\" title=\"captura_patente by alpoma, on Flickr\"><img loading=\"lazy\" decoding=\"async\" src=\"http:\/\/farm7.static.flickr.com\/6095\/6308911239_65a0fdfd86_o.jpg\" width=\"620\" height=\"450\" alt=\"captura_patente\" class=\"otros\"\/><\/a><br \/>\n<small>Fragmento de uno de los gr\u00e1ficos presente en una de las patentes citadas en el post.<\/small><\/p>\n","protected":false},"excerpt":{"rendered":"<div class=\"mh-excerpt\"><p>En el n\u00famero correspondiente a este mes de noviembre de 2011 de la revista Historia de Iberia Vieja, en mi secci\u00f3n Made in Spain, hago un repaso a lo que <a class=\"mh-excerpt-more\" href=\"https:\/\/alpoma.net\/tecob\/?p=5557\" title=\"\u00bfPodr\u00eda aprovecharse el tr\u00e1fico rodado para generar energ\u00eda el\u00e9ctrica?\">[&#8230;]<\/a><\/p>\n<\/div>","protected":false},"author":1,"featured_media":10562,"comment_status":"open","ping_status":"open","sticky":false,"template":"","format":"standard","meta":{"jetpack_post_was_ever_published":false,"_jetpack_newsletter_access":"","_jetpack_dont_email_post_to_subs":false,"_jetpack_newsletter_tier_id":0,"_jetpack_memberships_contains_paywalled_content":false,"_jetpack_memberships_contains_paid_content":false,"footnotes":""},"categories":[10],"tags":[],"class_list":["post-5557","post","type-post","status-publish","format-standard","has-post-thumbnail","hentry","category-made_in_spain"],"jetpack_featured_media_url":"https:\/\/alpoma.net\/tecob\/wp-content\/uploads\/2011\/11\/6308911239_65a0fdfd86_o.jpg","jetpack_shortlink":"https:\/\/wp.me\/p93Dc1-1rD","jetpack-related-posts":[{"id":10262,"url":"https:\/\/alpoma.net\/tecob\/?p=10262","url_meta":{"origin":5557,"position":0},"title":"Lo mejor de TecOb en 2014","author":"alpoma","date":"29 diciembre 2014","format":false,"excerpt":"En febrero de 2015 este blog, Tecnolog\u00eda Obsoleta, cumplir\u00e1 10 a\u00f1os. Tiempo habr\u00e1 entonces para alguna sorpresa. Mientras tanto, ahora que termina el 2014, toca recuperar los doce art\u00edculos aqu\u00ed publicados que, a mi entender, han sido los m\u00e1s sorprendentes. He aqu\u00ed lo mejor de este a\u00f1o que est\u00e1 a\u2026","rel":"","context":"En \u00abPersonal\u00bb","block_context":{"text":"Personal","link":"https:\/\/alpoma.net\/tecob\/?cat=2"},"img":{"alt_text":"","src":"https:\/\/i0.wp.com\/alpoma.net\/tecob\/wp-content\/uploads\/2014\/12\/felis-300x237.jpg?resize=350%2C200&ssl=1","width":350,"height":200},"classes":[]},{"id":12491,"url":"https:\/\/alpoma.net\/tecob\/?p=12491","url_meta":{"origin":5557,"position":1},"title":"Lo mejor de TecOb en 2016","author":"alpoma","date":"24 diciembre 2016","format":false,"excerpt":"Este a\u00f1o que est\u00e1 a punto de terminar no ha habido mucho movimiento en Tecnolog\u00eda Obsoleta, m\u00e1s que nada porque otros proyectos se han llevado la mayor parte de mi tiempo de escritura, sobre todo mi nuevo libro, Aviones bizarros, escrito junto a Jos\u00e9 Manuel Gil. En total, han sido\u2026","rel":"","context":"En \u00abPersonal\u00bb","block_context":{"text":"Personal","link":"https:\/\/alpoma.net\/tecob\/?cat=2"},"img":{"alt_text":"","src":"https:\/\/i0.wp.com\/alpoma.net\/tecob\/wp-content\/uploads\/2016\/11\/sdasm_avs.jpg?resize=350%2C200&ssl=1","width":350,"height":200,"srcset":"https:\/\/i0.wp.com\/alpoma.net\/tecob\/wp-content\/uploads\/2016\/11\/sdasm_avs.jpg?resize=350%2C200&ssl=1 1x, https:\/\/i0.wp.com\/alpoma.net\/tecob\/wp-content\/uploads\/2016\/11\/sdasm_avs.jpg?resize=525%2C300&ssl=1 1.5x, https:\/\/i0.wp.com\/alpoma.net\/tecob\/wp-content\/uploads\/2016\/11\/sdasm_avs.jpg?resize=700%2C400&ssl=1 2x"},"classes":[]},{"id":11350,"url":"https:\/\/alpoma.net\/tecob\/?p=11350","url_meta":{"origin":5557,"position":2},"title":"Morillas Cobo y su motor rotativo","author":"alpoma","date":"8 mayo 2015","format":false,"excerpt":"En mi nuevo libro, Made in Spain. Cuando invent\u00e1bamos nosotros, adem\u00e1s de los cap\u00edtulos que se centran en un personaje concreto, he incluido referencias breves, a modo de fichas, sobre los casos de otros inventores que merecen un recuerdo pero que, por diversos motivos, no encontraron m\u00e1s espacio en el\u2026","rel":"","context":"En \u00abMade in Spain\u00bb","block_context":{"text":"Made in Spain","link":"https:\/\/alpoma.net\/tecob\/?cat=10"},"img":{"alt_text":"","src":"https:\/\/i0.wp.com\/alpoma.net\/tecob\/wp-content\/uploads\/2015\/05\/morillas_cobo.jpg?resize=350%2C200&ssl=1","width":350,"height":200,"srcset":"https:\/\/i0.wp.com\/alpoma.net\/tecob\/wp-content\/uploads\/2015\/05\/morillas_cobo.jpg?resize=350%2C200&ssl=1 1x, https:\/\/i0.wp.com\/alpoma.net\/tecob\/wp-content\/uploads\/2015\/05\/morillas_cobo.jpg?resize=525%2C300&ssl=1 1.5x, https:\/\/i0.wp.com\/alpoma.net\/tecob\/wp-content\/uploads\/2015\/05\/morillas_cobo.jpg?resize=700%2C400&ssl=1 2x, https:\/\/i0.wp.com\/alpoma.net\/tecob\/wp-content\/uploads\/2015\/05\/morillas_cobo.jpg?resize=1050%2C600&ssl=1 3x, https:\/\/i0.wp.com\/alpoma.net\/tecob\/wp-content\/uploads\/2015\/05\/morillas_cobo.jpg?resize=1400%2C800&ssl=1 4x"},"classes":[]},{"id":8646,"url":"https:\/\/alpoma.net\/tecob\/?p=8646","url_meta":{"origin":5557,"position":3},"title":"\u00bfExplosi\u00f3n de un b\u00f3lido sobre Arag\u00f3n en 1791?","author":"alpoma","date":"12 noviembre 2013","format":false,"excerpt":"He comentado en TecOb varias veces c\u00f3mo el 4 de enero de 2004 fue para m\u00ed uno de esos d\u00edas que nunca podr\u00e9 olvidar. Justo sobre el lugar en el que me encontraba explot\u00f3 violentamente un b\u00f3lido que, convertido en fragmentos, dio lugar al famoso meteorito de Villalbeto. El mes\u2026","rel":"","context":"En \u00abMade in Spain\u00bb","block_context":{"text":"Made in Spain","link":"https:\/\/alpoma.net\/tecob\/?cat=10"},"img":{"alt_text":"mercurio","src":"https:\/\/i0.wp.com\/www.alpoma.net\/tecob\/wp-content\/uploads\/2013\/11\/mercurio-164x300.jpg?resize=350%2C200","width":350,"height":200},"classes":[]},{"id":8959,"url":"https:\/\/alpoma.net\/tecob\/?p=8959","url_meta":{"origin":5557,"position":4},"title":"No, el de la foto no es Tesla","author":"alpoma","date":"7 abril 2014","format":false,"excerpt":"Va a hacer un a\u00f1o que publiqu\u00e9 un art\u00edculo, que tuvo bastante eco, sobre cierta historia que implicaba una tiza y al genial Charles Proteus Steinmetz, que junto a Nikola Tesla puede considerarse como el padre de la tecnolog\u00eda el\u00e9ctrica de corriente alterna. En ese art\u00edculo inclu\u00ed una c\u00e9lebre fotograf\u00eda,\u2026","rel":"","context":"En \u00abObsolescencia\u00bb","block_context":{"text":"Obsolescencia","link":"https:\/\/alpoma.net\/tecob\/?cat=3"},"img":{"alt_text":"","src":"https:\/\/i0.wp.com\/alpoma.net\/tecob\/wp-content\/uploads\/2014\/04\/ampliacion.jpg?resize=350%2C200&ssl=1","width":350,"height":200,"srcset":"https:\/\/i0.wp.com\/alpoma.net\/tecob\/wp-content\/uploads\/2014\/04\/ampliacion.jpg?resize=350%2C200&ssl=1 1x, https:\/\/i0.wp.com\/alpoma.net\/tecob\/wp-content\/uploads\/2014\/04\/ampliacion.jpg?resize=525%2C300&ssl=1 1.5x"},"classes":[]},{"id":15198,"url":"https:\/\/alpoma.net\/tecob\/?p=15198","url_meta":{"origin":5557,"position":5},"title":"365 Inventos Made in Spain (Campa\u00f1a en Verkami)","author":"alpoma","date":"8 mayo 2023","format":false,"excerpt":"Despu\u00e9s de mucho dar vueltas a la idea, aqu\u00ed est\u00e1 la campa\u00f1a de crowdfunding para llevar a la vida mi nuevo libro: 365 Inventos Made in Spain. Como ya saben quienes siguen este blog desde hace a\u00f1os, una de las categor\u00edas m\u00e1s pobladas es relacionada con invenciones espa\u00f1olas. Ha llegado\u2026","rel":"","context":"En \u00abMade in Spain\u00bb","block_context":{"text":"Made in Spain","link":"https:\/\/alpoma.net\/tecob\/?cat=10"},"img":{"alt_text":"","src":"https:\/\/i0.wp.com\/alpoma.net\/tecob\/wp-content\/uploads\/2023\/05\/365-1.jpg?resize=350%2C200&ssl=1","width":350,"height":200,"srcset":"https:\/\/i0.wp.com\/alpoma.net\/tecob\/wp-content\/uploads\/2023\/05\/365-1.jpg?resize=350%2C200&ssl=1 1x, https:\/\/i0.wp.com\/alpoma.net\/tecob\/wp-content\/uploads\/2023\/05\/365-1.jpg?resize=525%2C300&ssl=1 1.5x, https:\/\/i0.wp.com\/alpoma.net\/tecob\/wp-content\/uploads\/2023\/05\/365-1.jpg?resize=700%2C400&ssl=1 2x, https:\/\/i0.wp.com\/alpoma.net\/tecob\/wp-content\/uploads\/2023\/05\/365-1.jpg?resize=1050%2C600&ssl=1 3x"},"classes":[]}],"jetpack_sharing_enabled":true,"_links":{"self":[{"href":"https:\/\/alpoma.net\/tecob\/index.php?rest_route=\/wp\/v2\/posts\/5557","targetHints":{"allow":["GET"]}}],"collection":[{"href":"https:\/\/alpoma.net\/tecob\/index.php?rest_route=\/wp\/v2\/posts"}],"about":[{"href":"https:\/\/alpoma.net\/tecob\/index.php?rest_route=\/wp\/v2\/types\/post"}],"author":[{"embeddable":true,"href":"https:\/\/alpoma.net\/tecob\/index.php?rest_route=\/wp\/v2\/users\/1"}],"replies":[{"embeddable":true,"href":"https:\/\/alpoma.net\/tecob\/index.php?rest_route=%2Fwp%2Fv2%2Fcomments&post=5557"}],"version-history":[{"count":0,"href":"https:\/\/alpoma.net\/tecob\/index.php?rest_route=\/wp\/v2\/posts\/5557\/revisions"}],"wp:featuredmedia":[{"embeddable":true,"href":"https:\/\/alpoma.net\/tecob\/index.php?rest_route=\/wp\/v2\/media\/10562"}],"wp:attachment":[{"href":"https:\/\/alpoma.net\/tecob\/index.php?rest_route=%2Fwp%2Fv2%2Fmedia&parent=5557"}],"wp:term":[{"taxonomy":"category","embeddable":true,"href":"https:\/\/alpoma.net\/tecob\/index.php?rest_route=%2Fwp%2Fv2%2Fcategories&post=5557"},{"taxonomy":"post_tag","embeddable":true,"href":"https:\/\/alpoma.net\/tecob\/index.php?rest_route=%2Fwp%2Fv2%2Ftags&post=5557"}],"curies":[{"name":"wp","href":"https:\/\/api.w.org\/{rel}","templated":true}]}}