{"id":543,"date":"2006-07-20T19:34:20","date_gmt":"2006-07-20T17:34:20","guid":{"rendered":"http:\/\/www.alpoma.net\/tecob\/?p=543"},"modified":"2006-07-20T19:36:39","modified_gmt":"2006-07-20T17:36:39","slug":"grandes-batallas-espaciales","status":"publish","type":"post","link":"https:\/\/alpoma.net\/tecob\/?p=543","title":{"rendered":"Grandes batallas espaciales"},"content":{"rendered":"<p><a href=\"http:\/\/www.flickr.com\/photos\/alpoma\/194098422\/\" title=\"Photo Sharing\"><img loading=\"lazy\" decoding=\"async\" src=\"http:\/\/static.flickr.com\/52\/194098422_ddb866f218_m.jpg\" width=\"240\" height=\"180\" alt=\"Peter Elson\" class=\"dch\"\/><\/a>Hacia la navidad del a\u00f1o 1986, a\u00f1o arriba o abajo porque la memoria no me da para m\u00e1s, gan\u00e9 un <strong>concursillo de dibujo<\/strong>. Se trataba de un t\u00edpico certamen de postales navide\u00f1as organizado por el Ayuntamiento de <a href=\"http:\/\/www.guardoweb.com\">Guardo<\/a>. El caso es que, con apenas once a\u00f1os y pasando mucho rato cada d\u00eda <strong>dibujando cualquier cosa<\/strong>, siempre con tinta o bol\u00edgrafo negro, decid\u00ed mandar una postalilla inspirada en el portal de Bel\u00e9n que hab\u00edamos montado en casa. Al cabo de unos d\u00edas, una t\u00edpica carta de la m\u00e1s rancia burocracia municipal me comunic\u00f3 que hab\u00eda ganado el concursillo infantil. Pues vale, esas cosas nunca me hecho ilusi\u00f3n, debe ser que hasta para eso soy un retorcido bicho raro. Lo m\u00e1s gracioso de la carta, tal y como en el brumoso recuerdo se mantiene, era que me trataban \u00abde usted\u00bb o algo as\u00ed. Tiene gracia, un mocosillo peque\u00f1ajo tratado como un \u00abse\u00f1or\u00bb, cosas de las plantillas preparadas para realizar escritos administrativos. Cuando lleg\u00f3 el <strong>d\u00eda de recoger el premio<\/strong>, sin tener ni idea de su contenido, me present\u00e9 con mi padre en el <strong>Cine Bravo<\/strong>, hoy ya demolido y, tras aguantar el tost\u00f3n institucional, me llamaron, sub\u00ed las escaleritas del escenario, recog\u00ed un paquetito que me entreg\u00f3 un se\u00f1or de corbata y, adi\u00f3s, muy buenas&#8230; Pasado el trago de la \u00abfiesta\u00bb de entrega de premios, que m\u00e1s bien me pareci\u00f3 una pesada tortura que me puso nervioso, con tanta cancioncita navide\u00f1a y denso discurso, ya en casa, <strong>decidimos abrir el premio<\/strong>. Result\u00f3 que <strong>eran libros<\/strong>, magn\u00edfico regalo a mi modo de ver, pues ya en aquel entonces hab\u00eda comenzado a comprar, coleccionar o pedir como regalo, libros de todo tipo, de los que ya hab\u00eda acumulado buena cantidad. Los <strong>ejemplares seleccionados <\/strong>por la comisi\u00f3n cultural no eran una mala elecci\u00f3n. All\u00ed estaba la <strong>Vuelta al Mundo en ochenta d\u00edas <\/strong>de Julio Verne, varios libros de aventuras infantiles, varios c\u00f3mics -algunos \u00absolo para ni\u00f1as\u00bb, qu\u00e9 curioso- y <strong>dos libros muy raros<\/strong> que me llamaron la atenci\u00f3n desde el principio.<\/p>\n<p>A excepci\u00f3n de estos dos \u00faltimos y el de Verne, no hice casi ning\u00fan caso al resto. Naturalmente, <strong>Verne<\/strong> ya estaba en mi \u00ablista\u00bb y disfrut\u00e9 con aquella curiosa versi\u00f3n del cl\u00e1sico, tama\u00f1o bolsillo, pero tan grueso que se desencolaban las p\u00e1ginas. Ahora bien, no pudo haber mejor regalo que el de <strong>dos libros de ciencia ficci\u00f3n<\/strong>, extra\u00f1os donde los haya: <em>Naves espaciales<\/em><sup>1<\/sup> y <em>Grandes Batallas Espaciales<\/em><sup>2<\/sup>. Se trataba de dos curiosos vol\u00famenes de <strong>gran formato<\/strong>, editados por <strong><a href=\"http:\/\/es.wikipedia.org\/wiki\/Editorial_Bruguera\">Bruguera<\/a><\/strong>, que planteaban una especie de <strong>historia de la exploraci\u00f3n del espacio en un futuro cercano<\/strong>, llena de fascinantes descubrimientos t\u00e9cnicos y guerras con especies alien\u00edgenas habitantes de sistemas estelares pr\u00f3ximos. La calidad literaria del texto no era lo importante, porque no iba m\u00e1s all\u00e1 de lo simplemente entretenido, la trama tampoco era muy complicada o interesante, pero hab\u00eda algo en aquellos libros que todav\u00eda me encanta. Se trataba de las<strong> ilustraciones<\/strong>. El texto no abundaba, pero ilustraciones&#8230; decenas y decenas, de gran tama\u00f1o, <strong>magn\u00edficamente realizadas<\/strong>. Ah\u00ed descubr\u00ed que hab\u00eda dise\u00f1adores, pintores y artistas gr\u00e1ficos, a los que encargaban realizar grandes obras pict\u00f3ricas para ilustrar novelillas de ciencia ficci\u00f3n. Se notaba de lejos que el texto hab\u00eda sido adaptado al dibujo y no al contrario, porque a buen seguro la gran colecci\u00f3n de ilustraciones proced\u00eda de muchas y diversas publicaciones y, alg\u00fan editor con buen ojo, hab\u00eda decidido reunirlas en forma de <strong>libros de inveros\u00edmil trama pero indudable gusto visual<\/strong>. Pues nada, me pas\u00e9 semanas repasando los detalles de aquellos dibujos, viendo uno tras otro los diversos <strong>mundos alien\u00edgenas<\/strong> dibujados, las <strong>naves imaginadas<\/strong>, hasta el m\u00e1s m\u00ednimo detalle&#8230; Una aut\u00e9ntica delicia para la vista. Durante alg\u00fan tiempo cambi\u00e9 mis man\u00edas pict\u00f3ricas, que sol\u00edan consistir en plasmar paisajes de monta\u00f1a y tambi\u00e9n mapas artesanales en cientos de cuartillas, para dolor de cabeza de mi madre que ten\u00eda que comprar paquetitos de cien hojas y bol\u00edgrafos o recambios de <em>inoxcrom<\/em> cada semana, por escenarios de ambiente espacial. Hoy, pueden encontrarse en Internet algunos ejemplos del trabajo de parte de <strong>aquellos ilustradores<\/strong>, como <strong><a href=\"http:\/\/www.net-cafe.hu\/fantasy.php?ct=158\">Bob Layzell<\/a><\/strong>, <strong><a href=\"http:\/\/www.imagenetion.net\/artcoll\/amckie1.htm\">Angus McKie<\/a><\/strong> o <strong><a href=\"http:\/\/hugues.namur.free.fr\/images_autres_HD\/vaisseaux\/illus\/peter-elson_gallery\/\">Peter Elson<\/a><\/strong>, una de cuyas obras ilustra este post.<\/p>\n<p>Adem\u00e1s de las apasionantes ilustraciones, lo m\u00e1s atractivo del libro y que, a pesar de los a\u00f1os sigue haci\u00e9ndome gracia, es la <strong>compleja cronolog\u00eda<\/strong> que se montaron autores y editores para \u00abencajar\u00bb cada nave y escenario dibujados en un marco l\u00f3gico. As\u00ed, se crea una convincente historia del futuro que no deja de ser un lejano reflejo de la propia historia de la humanidad, con sus triunfos y, sobre todo, conflictos. Imaginemos que nos hallamos dentro de dos siglos y miramos atr\u00e1s, <strong>seg\u00fan aquel futuro alternativo<\/strong>, \u00e9stas hubieran sido las fechas clave en la historia espacial:<\/p>\n<blockquote><p>1987 &#8211; Aparecen los motores de energ\u00eda nuclear, i\u00f3nico y de plasma.<br \/>\n1990 &#8211; Se funda el Consejo Mundial de Investigaci\u00f3n Comunitaria.<br \/>\n1998 &#8211; Entran en funcionamiento los centros de investigaci\u00f3n espacial de \u00c1frica.<br \/>\n1999 &#8211; Se funda la Autoridad Comercial Mundial.<br \/>\n2004 &#8211; Entra en servicio el primer carguero espacial, la Colonial I.<br \/>\n2005 &#8211; Se inician las obras de la Estaci\u00f3n Lunar.<br \/>\n2011 &#8211; Entra en funcionamiento la Estaci\u00f3n Lunar.<br \/>\n2012 &#8211; Se inician las obras de la Estaci\u00f3n marciana.<br \/>\n2014 &#8211; La Colonial II se equipa con propulsores i\u00f3nicos.<br \/>\n2015 &#8211; La Reina Marciana efect\u00faa el primer vuelo de pasajeros a Marte.<br \/>\n2018 &#8211; Primer embarque a la Tierra de aleaciones fabricadas en la Luna.<br \/>\n2027 &#8211; Se desarrolla el generador de torsi\u00f3n. (Algo as\u00ed como un impulsor warp).<br \/>\n2036 &#8211; Una nave de reconocimiento contacta con la civilizaci\u00f3n de Alfa Centauro.<br \/>\n2038 &#8211; Se rompe la barrera del lenguaje con los alfanos.<br \/>\n2039 &#8211; Se llega a acuerdos comerciales y tecnol\u00f3gicos con los alfanos.<br \/>\n             La Autoridad Comercial Mundial se convierte en Autoridad Comercial Terrestre.<br \/>\n2041 &#8211; Se termina el primer centro industrial espacial en \u00f3rbita de J\u00fapiter.<br \/>\n2042 &#8211; Desarrollo del sistema de defensa por pantalla absorbente de energ\u00eda.<br \/>\n2045 &#8211; Desarrollo del generador antigravitatorio.<br \/>\n2046 &#8211; Finaliza la construcci\u00f3n de los astilleros marcianos.<br \/>\n2047 &#8211; Una patrulla terrestre es destruida por naves de Pr\u00f3xima de Centauro.<br \/>\n             Los proximanos atacan Alfa Centauro.<br \/>\n2048 &#8211; Un crucero terrestre es destru\u00eddo por los proximanos.<br \/>\n             Se declara la guerra entre La Tierra y Alfa, contra Pr\u00f3xima.<br \/>\n2049 &#8211; Se crea Autoridad de Defensa Terrestre.<br \/>\n2052 &#8211; Batalla de Marte.<br \/>\n2060 &#8211; Ocupaci\u00f3n de Pr\u00f3xima por los terrestres y alfanos.<br \/>\n2068 &#8211; Negociaci\u00f3n del tratado de paz.<br \/>\n2073 &#8211; Inauguraci\u00f3n de la tubov\u00eda entre Europa y Am\u00e9rica.<br \/>\n2078 &#8211; Parte de la Tierra la primera nave colonizadora, hacia Arturo.<br \/>\n2096 &#8211; La primera nave de pasajeros alfana inicia sus viajes.<\/p><\/blockquote>\n<p>Me parece que, tal y como vamos, <strong>me dar\u00eda con un canto en los dientes si la humanidad llega a Marte a mediados del siglo XXI<\/strong>. La cronolog\u00eda era muy optimista, pero claro, cuando se edit\u00f3 nos hall\u00e1bamos en plena euforia de los transbordadores, que luego resultaron ser un fiasco. S\u00f3lo espero que, si alg\u00fan d\u00eda sucede, el contacto con otras civilizaciones no sea tan traum\u00e1tico como en esta imaginaria cronolog\u00eda de los tiempos venideros.<\/p>\n<p>__________<\/p>\n<p><sup>1<\/sup> <strong>Naves espaciales, 2000 a 2100 D.C.<\/strong> Stewart Cowley. Primera edici\u00f3n, octubre 1982. Editorial Bruguera, Barcelona. ISBN: 84-02-08616-0<br \/>\n<sup>2<\/sup> <strong>Grandes batallas espaciales<\/strong>. Stewart Cowley y Charles Herridge. Primera edici\u00f3n, octubre 1982. Editorial Bruguera, Barcelona. ISBN: 84-02-08617-9<\/p>\n","protected":false},"excerpt":{"rendered":"<div class=\"mh-excerpt\"><p>Hacia la navidad del a\u00f1o 1986, a\u00f1o arriba o abajo porque la memoria no me da para m\u00e1s, gan\u00e9 un concursillo de dibujo. Se trataba de un t\u00edpico certamen de <a class=\"mh-excerpt-more\" href=\"https:\/\/alpoma.net\/tecob\/?p=543\" title=\"Grandes batallas espaciales\">[&#8230;]<\/a><\/p>\n<\/div>","protected":false},"author":1,"featured_media":11129,"comment_status":"open","ping_status":"open","sticky":false,"template":"","format":"standard","meta":{"jetpack_post_was_ever_published":false,"_jetpack_newsletter_access":"","_jetpack_dont_email_post_to_subs":false,"_jetpack_newsletter_tier_id":0,"_jetpack_memberships_contains_paywalled_content":false,"_jetpack_memberships_contains_paid_content":false,"footnotes":""},"categories":[2],"tags":[],"class_list":["post-543","post","type-post","status-publish","format-standard","has-post-thumbnail","hentry","category-personal"],"jetpack_featured_media_url":"https:\/\/alpoma.net\/tecob\/wp-content\/uploads\/2006\/07\/194098422_ddb866f218_m.jpg","jetpack_shortlink":"https:\/\/wp.me\/p93Dc1-8L","jetpack-related-posts":[{"id":2781,"url":"https:\/\/alpoma.net\/tecob\/?p=2781","url_meta":{"origin":543,"position":0},"title":"Orfila y los catedr\u00e1ticos","author":"alpoma","date":"25 mayo 2010","format":false,"excerpt":"Esta tarde he terminado un nuevo art\u00edculo para Historia de Iberia Vieja, que aparecer\u00e1 en papel en el n\u00famero de julio si no se tuerce nada, dedicado a la figura del insigne padre de la toxicolog\u00eda, el menorqu\u00edn Mateo Orfila. Una vez cerrado el texto y enviado a la redacci\u00f3n,\u2026","rel":"","context":"En \u00abMade in Spain\u00bb","block_context":{"text":"Made in Spain","link":"https:\/\/alpoma.net\/tecob\/?cat=10"},"img":{"alt_text":"mateo-orfila","src":"https:\/\/i0.wp.com\/farm5.static.flickr.com\/4057\/4639565931_f68a59c563_m.jpg?resize=350%2C200","width":350,"height":200},"classes":[]},{"id":7844,"url":"https:\/\/alpoma.net\/tecob\/?p=7844","url_meta":{"origin":543,"position":1},"title":"El caso Miyakawa, o cuando el arte puede meterte en un l\u00edo muy grave","author":"alpoma","date":"24 febrero 2013","format":false,"excerpt":"Habr\u00e1 quien diga que el objeto de comentario de este post no tiene nada que ver con el arte, por eso aviso desde este momento que no voy a tratar de eso ni de lejos, sino que simplemente voy citar algo que me ha llamado la atenci\u00f3n y nada m\u00e1s.\u2026","rel":"","context":"En \u00abObsolescencia\u00bb","block_context":{"text":"Obsolescencia","link":"https:\/\/alpoma.net\/tecob\/?cat=3"},"img":{"alt_text":"NY","src":"https:\/\/i0.wp.com\/www.alpoma.net\/tecob\/wp-content\/uploads\/2013\/02\/NY-284x300.jpg?resize=350%2C200","width":350,"height":200},"classes":[]},{"id":3260,"url":"https:\/\/alpoma.net\/tecob\/?p=3260","url_meta":{"origin":543,"position":2},"title":"Juan de la Cosa y el m\u00e1s antiguo mapa de Am\u00e9rica","author":"alpoma","date":"4 agosto 2010","format":false,"excerpt":"AVISO: Este art\u00edculo corresponde a una versi\u00f3n reducida del que publiqu\u00e9 en la revista Historia de Iberia Vieja, n\u00famero 62, agosto de 2010. Es el primero del Nuevo Mundo llegado hasta nosotros. Parece que la Providencia, preservando de la destrucci\u00f3n el monumento geogr\u00e1fico m\u00e1s grande de fin del siglo XV\u2026","rel":"","context":"En \u00abMade in Spain\u00bb","block_context":{"text":"Made in Spain","link":"https:\/\/alpoma.net\/tecob\/?cat=10"},"img":{"alt_text":"","src":"https:\/\/i0.wp.com\/alpoma.net\/tecob\/wp-content\/uploads\/2010\/08\/fragmento_mapa.jpg?resize=350%2C200&ssl=1","width":350,"height":200,"srcset":"https:\/\/i0.wp.com\/alpoma.net\/tecob\/wp-content\/uploads\/2010\/08\/fragmento_mapa.jpg?resize=350%2C200&ssl=1 1x, https:\/\/i0.wp.com\/alpoma.net\/tecob\/wp-content\/uploads\/2010\/08\/fragmento_mapa.jpg?resize=525%2C300&ssl=1 1.5x"},"classes":[]},{"id":1081,"url":"https:\/\/alpoma.net\/tecob\/?p=1081","url_meta":{"origin":543,"position":3},"title":"Virotyp, escribiendo desde las trincheras","author":"alpoma","date":"17 febrero 2009","format":false,"excerpt":"Esta m\u00e1quina de escritura, que no dudo en calificar como una de las m\u00e1s sorprendentes de la historia, se ha convertido actualmente en pieza digna de coleccionistas. Si hace unos d\u00edas visit\u00f3 TecOb la m\u00e1quina de Hansen, preciosa en sus formas, pensada para la oficina, gabinete o el hogar, hoy\u2026","rel":"","context":"En \u00abObsolescencia\u00bb","block_context":{"text":"Obsolescencia","link":"https:\/\/alpoma.net\/tecob\/?cat=3"},"img":{"alt_text":"","src":"https:\/\/i0.wp.com\/alpoma.net\/tecob\/wp-content\/uploads\/2009\/02\/3288173992_7bdc198c5b_o.jpg?resize=350%2C200&ssl=1","width":350,"height":200,"srcset":"https:\/\/i0.wp.com\/alpoma.net\/tecob\/wp-content\/uploads\/2009\/02\/3288173992_7bdc198c5b_o.jpg?resize=350%2C200&ssl=1 1x, https:\/\/i0.wp.com\/alpoma.net\/tecob\/wp-content\/uploads\/2009\/02\/3288173992_7bdc198c5b_o.jpg?resize=525%2C300&ssl=1 1.5x"},"classes":[]},{"id":3054,"url":"https:\/\/alpoma.net\/tecob\/?p=3054","url_meta":{"origin":543,"position":4},"title":"Mateo Orfila, qu\u00edmica y pasi\u00f3n","author":"alpoma","date":"3 julio 2010","format":false,"excerpt":"AVISO: El presente post corresponde a una versi\u00f3n abreviada del art\u00edculo que publiqu\u00e9 en la revista Historia de Iberia Vieja, edici\u00f3n de julio de 2010. Usted sabe que D. Hern\u00e1ndez me dijo que la Universidad Valencia era la mejor de Espa\u00f1a y quiz\u00e1 de Europa; yo como un inocente lo\u2026","rel":"","context":"En \u00abMade in Spain\u00bb","block_context":{"text":"Made in Spain","link":"https:\/\/alpoma.net\/tecob\/?cat=10"},"img":{"alt_text":"","src":"https:\/\/i0.wp.com\/alpoma.net\/tecob\/wp-content\/uploads\/2010\/07\/4757049495_35e40bfca8_m.jpg?resize=350%2C200&ssl=1","width":350,"height":200},"classes":[]},{"id":23,"url":"https:\/\/alpoma.net\/tecob\/?p=23","url_meta":{"origin":543,"position":5},"title":"Rudolf Fent, el crononauta que nunca existi\u00f3","author":"alpoma","date":"19 septiembre 2005","format":false,"excerpt":"Nueva York, a las once y media de la noche en una fecha indeterminada hacia junio del a\u00f1o 1950. Hace calor, la gente aprovecha la bonanza veraniega para pasear por las calles o disfrutar de una de las muchas atracciones de la ciudad de los rascacielos. Esta t\u00edpica estampa americana\u2026","rel":"","context":"En \u00abGeneral\u00bb","block_context":{"text":"General","link":"https:\/\/alpoma.net\/tecob\/?cat=1"},"img":{"alt_text":"","src":"https:\/\/i0.wp.com\/alpoma.net\/tecob\/wp-content\/uploads\/2005\/09\/tiempo.jpg?resize=350%2C200&ssl=1","width":350,"height":200,"srcset":"https:\/\/i0.wp.com\/alpoma.net\/tecob\/wp-content\/uploads\/2005\/09\/tiempo.jpg?resize=350%2C200&ssl=1 1x, https:\/\/i0.wp.com\/alpoma.net\/tecob\/wp-content\/uploads\/2005\/09\/tiempo.jpg?resize=525%2C300&ssl=1 1.5x, https:\/\/i0.wp.com\/alpoma.net\/tecob\/wp-content\/uploads\/2005\/09\/tiempo.jpg?resize=700%2C400&ssl=1 2x, https:\/\/i0.wp.com\/alpoma.net\/tecob\/wp-content\/uploads\/2005\/09\/tiempo.jpg?resize=1050%2C600&ssl=1 3x, https:\/\/i0.wp.com\/alpoma.net\/tecob\/wp-content\/uploads\/2005\/09\/tiempo.jpg?resize=1400%2C800&ssl=1 4x"},"classes":[]}],"jetpack_sharing_enabled":true,"_links":{"self":[{"href":"https:\/\/alpoma.net\/tecob\/index.php?rest_route=\/wp\/v2\/posts\/543","targetHints":{"allow":["GET"]}}],"collection":[{"href":"https:\/\/alpoma.net\/tecob\/index.php?rest_route=\/wp\/v2\/posts"}],"about":[{"href":"https:\/\/alpoma.net\/tecob\/index.php?rest_route=\/wp\/v2\/types\/post"}],"author":[{"embeddable":true,"href":"https:\/\/alpoma.net\/tecob\/index.php?rest_route=\/wp\/v2\/users\/1"}],"replies":[{"embeddable":true,"href":"https:\/\/alpoma.net\/tecob\/index.php?rest_route=%2Fwp%2Fv2%2Fcomments&post=543"}],"version-history":[{"count":0,"href":"https:\/\/alpoma.net\/tecob\/index.php?rest_route=\/wp\/v2\/posts\/543\/revisions"}],"wp:featuredmedia":[{"embeddable":true,"href":"https:\/\/alpoma.net\/tecob\/index.php?rest_route=\/wp\/v2\/media\/11129"}],"wp:attachment":[{"href":"https:\/\/alpoma.net\/tecob\/index.php?rest_route=%2Fwp%2Fv2%2Fmedia&parent=543"}],"wp:term":[{"taxonomy":"category","embeddable":true,"href":"https:\/\/alpoma.net\/tecob\/index.php?rest_route=%2Fwp%2Fv2%2Fcategories&post=543"},{"taxonomy":"post_tag","embeddable":true,"href":"https:\/\/alpoma.net\/tecob\/index.php?rest_route=%2Fwp%2Fv2%2Ftags&post=543"}],"curies":[{"name":"wp","href":"https:\/\/api.w.org\/{rel}","templated":true}]}}