{"id":5381,"date":"2011-09-28T19:04:12","date_gmt":"2011-09-28T17:04:12","guid":{"rendered":"http:\/\/www.alpoma.net\/tecob\/?p=5381"},"modified":"2011-09-28T19:04:12","modified_gmt":"2011-09-28T17:04:12","slug":"rayos-petrificados","status":"publish","type":"post","link":"https:\/\/alpoma.net\/tecob\/?p=5381","title":{"rendered":"Rayos \u00abpetrificados\u00bb"},"content":{"rendered":"<p class=\"otros3\">Si te gusta <em>TecOb<\/em>, puedes votar por este blog en los <strong><a href=\"http:\/\/bitacoras.com\/premios11\/votar\/3382da2f460b91930629b7d10117bd976dff92e7\">Premios Bit\u00e1coras 2011<\/a><\/strong>. \ud83d\ude42<\/p>\n<p>A diario se generan en el mundo <strong>millones de rayos<\/strong>. No es, por tanto, un fen\u00f3meno raro. Ahora bien, los rayos que caen a tierra son relativamente escasos, y los que causan da\u00f1os todav\u00eda lo son m\u00e1s, por fortuna. Tuve oportunidad de comprobar qu\u00e9 sucede cuando un rayo atraviesa una casa el verano pasado en Triollo, provincia de Palencia. Por fortuna, nadie se encontraba en el interior del edificio cuando golpe\u00f3 el rayo, pero el estruendo dicen que se escuch\u00f3 en todo el pueblo. A los pocos d\u00edas, cuando visit\u00e9 el lugar, pude ver c\u00f3mo la descarga el\u00e9ctrica hab\u00eda penetrado en el interior de la casa, rompiendo parte del revestimiento de piedra en un punto concreto, quemando todos los materiales que hab\u00eda en su camino formando huellas en forma de grandes ra\u00edces como si de un enorme \u00e1rbol de fuego se tratara. <\/p>\n<p><a href=\"http:\/\/www.flickr.com\/photos\/alpoma\/6192133295\/\" title=\"fulguritas, on Flickr\"><img loading=\"lazy\" decoding=\"async\" src=\"http:\/\/farm7.static.flickr.com\/6029\/6192133295_91570a22d8_z.jpg\" width=\"620\" height=\"608\" alt=\"fulguritas\" class=\"otros\"\/><\/a><br \/>\n<small><strong><a href=\"http:\/\/fr.wikipedia.org\/wiki\/Fichier:Fulgurites-algeria.jpg\">Fulguritas<\/a><\/strong> procedentes de Argelia.<\/small><\/p>\n<p>El resultado del choque no era muy espectacular, pero s\u00ed inquietante. Salvando las distancias, cuando la potencia de la descarga el\u00e9ctrica del rayo es lo bastante potente al entrar en contacto con materiales del suelo, puede aparecer algo ciertamente atractivo y \u00fanico. Se trata de las <strong><a href=\"http:\/\/es.wikipedia.org\/wiki\/Fulgurita\">fulguritas<\/a><\/strong> (del lat\u00edn<em> fulgur<\/em>, rel\u00e1mpago), un tipo de <strong>vidrio natural<\/strong> que se forma cuando un rayo alcanza el suelo. Claro, no siempre que cae un rayo se forman fulguritas, puesto que los materiales de la superficie expuestos al mismo deben tener ciertas condiciones para que el proceso se lleve a cabo. En terrenos arenosos (o menos com\u00fanmente en otros de tipo arcilloso), el <strong>s\u00fabito aumento de temperatura de miles de grados<\/strong> generado con el choque, junto con el tambi\u00e9n casi instant\u00e1neo enfriamiento, hace que el material del suelo se funda. Todo <strong>sucede en escasos milisegundos<\/strong>, dando forma a una fulgurita, masa v\u00edtrea que tiene la apariencia similar a <strong>cilindros huecos ramificados<\/strong> muy vistosos de colores diversos seg\u00fan la composici\u00f3n del material original del suelo. Extraer una fulgurita es complejo porque son fr\u00e1giles y tienen a romperse en pedazos con facilidad. <\/p>\n<p>Las fulguritas no son un simple divertimento geol\u00f3gico, tienen utilidad por ejemplo a la hora de realizar <strong>estudios paleoambientales<\/strong>. En casos de fulguritas con miles de a\u00f1os de antig\u00fcedad, el an\u00e1lisis de burbujas de aire atmosf\u00e9rico encerradas en el vidrio creado por el rayo ofrece pistas de gran inter\u00e9s sobre las condiciones ambientales de \u00e9pocas pasadas. Uno de los casos m\u00e1s c\u00e9lebres de fulgurita es el de un ejemplar de gran tama\u00f1o (con ramas de hasta siete metros de longitud) que se form\u00f3 el 24 de mayo de 1998 en Torre de Moncorvo, Portugal. En ese caso fue una torre met\u00e1lica la que sirvi\u00f3 de \u00abreclamo\u00bb para el rayo. Esta fulgurita, una de las m\u00e1s grandes conocidas hasta ahora, puede contemplarse en el <strong><a href=\"http:\/\/www.igme.es\/museo\/\">Museo Geominero de Madrid<\/a><\/strong>. <\/p>\n<p>Como apunte final cabe recordar que las fulguritas nada tienen que ver con las \u00abpiedras de rayo\u00bb o <em><strong><a href=\"http:\/\/es.wikipedia.org\/wiki\/Piedra_de_rayo\">ceraunias<\/a><\/strong><\/em>, herramientas l\u00edticas prehist\u00f3ricas con forma de flecha que durante mucho tiempo se crey\u00f3 que que hab\u00edan sido formadas por ca\u00eddas de rayos a la tierra.<\/p>\n<p><strong>M\u00e1s informaci\u00f3n<\/strong>: Lozano Fern\u00e1ndez, R.P., Gonz\u00e1lez Laguna, R. y Mart\u00edn Crespo, T. <em><strong><a href=\"http:\/\/www.sociedadgeologica.es\/archivos\/geogacetas\/Geo42\/Art35.pdf\">Descripci\u00f3n Macrosc\u00f3pica de la Fulgurita de Torre de Moncorvo (Portugal).<\/a><\/strong> (PDF)<\/em> Geogaceta, 42, 139-142.<\/p>\n","protected":false},"excerpt":{"rendered":"<div class=\"mh-excerpt\"><p>Si te gusta TecOb, puedes votar por este blog en los Premios Bit\u00e1coras 2011. \ud83d\ude42 A diario se generan en el mundo millones de rayos. No es, por tanto, un <a class=\"mh-excerpt-more\" href=\"https:\/\/alpoma.net\/tecob\/?p=5381\" title=\"Rayos \u00abpetrificados\u00bb\">[&#8230;]<\/a><\/p>\n<\/div>","protected":false},"author":1,"featured_media":10605,"comment_status":"open","ping_status":"open","sticky":false,"template":"","format":"standard","meta":{"jetpack_post_was_ever_published":false,"_jetpack_newsletter_access":"","_jetpack_dont_email_post_to_subs":false,"_jetpack_newsletter_tier_id":0,"_jetpack_memberships_contains_paywalled_content":false,"_jetpack_memberships_contains_paid_content":false,"footnotes":""},"categories":[5],"tags":[],"class_list":["post-5381","post","type-post","status-publish","format-standard","has-post-thumbnail","hentry","category-geo"],"jetpack_featured_media_url":"https:\/\/alpoma.net\/tecob\/wp-content\/uploads\/2011\/09\/6192133295_91570a22d8_z.jpg","jetpack_shortlink":"https:\/\/wp.me\/p93Dc1-1oN","jetpack-related-posts":[{"id":8178,"url":"https:\/\/alpoma.net\/tecob\/?p=8178","url_meta":{"origin":5381,"position":0},"title":"Antonio Longoria y el rayo de la muerte","author":"alpoma","date":"1 mayo 2013","format":false,"excerpt":"Versi\u00f3n reducida del art\u00edculo que publiqu\u00e9 en la revista Historia de Iberia Vieja en su edici\u00f3n del mes de mayo de 2013. El punto de partida de esta aventura hay que ponerlo en cierto art\u00edculo con el que me he cruzado hace poco. He de reconocer que hasta ahora no\u2026","rel":"","context":"En \u00abMade in Spain\u00bb","block_context":{"text":"Made in Spain","link":"https:\/\/alpoma.net\/tecob\/?cat=10"},"img":{"alt_text":"","src":"https:\/\/i0.wp.com\/alpoma.net\/tecob\/wp-content\/uploads\/2013\/05\/antonio_longoria.jpg?resize=350%2C200&ssl=1","width":350,"height":200,"srcset":"https:\/\/i0.wp.com\/alpoma.net\/tecob\/wp-content\/uploads\/2013\/05\/antonio_longoria.jpg?resize=350%2C200&ssl=1 1x, https:\/\/i0.wp.com\/alpoma.net\/tecob\/wp-content\/uploads\/2013\/05\/antonio_longoria.jpg?resize=525%2C300&ssl=1 1.5x"},"classes":[]},{"id":8470,"url":"https:\/\/alpoma.net\/tecob\/?p=8470","url_meta":{"origin":5381,"position":1},"title":"El doctor C\u00e9sar Comas Llaber\u00eda, h\u00e9roe de los rayos X","author":"alpoma","date":"2 septiembre 2013","format":false,"excerpt":"Publiqu\u00e9 originalmente este art\u00edculo en la revista Historia de Iberia Vieja, n\u00famero 99, septiembre de 2013. \u00abVivir para ver\u00bb, dice el viejo refr\u00e1n castellano. Repit\u00e1moslo hoy, en que interesa tanto a la gente la nueva del descubrimiento de una especie de Iuz que no se ve, pero cuya intensidad de\u2026","rel":"","context":"En \u00abMade in Spain\u00bb","block_context":{"text":"Made in Spain","link":"https:\/\/alpoma.net\/tecob\/?cat=10"},"img":{"alt_text":"cesar_comas","src":"https:\/\/i0.wp.com\/www.alpoma.net\/tecob\/wp-content\/uploads\/2013\/09\/cesar_comas-204x300.jpg?resize=350%2C200","width":350,"height":200},"classes":[]},{"id":5660,"url":"https:\/\/alpoma.net\/tecob\/?p=5660","url_meta":{"origin":5381,"position":2},"title":"Buscando c\u00e1maras secretas en las pir\u00e1mides de Egipto con rayos c\u00f3smicos","author":"alpoma","date":"3 noviembre 2017","format":false,"excerpt":"ACTUALIZACI\u00d3N 3\/11\/2017: Este art\u00edculo fue originalmente publicado el 18 de noviembre de 2011. El tema ha entrado ahora de lleno en las noticias de actualidad por el posible descubrimiento de un espacio desconocido en el interior de la Gran Pir\u00e1mide. Sea como fuere, porque hay pol\u00e9mica al respecto, conviene recordar\u2026","rel":"","context":"En \u00abGeo\u00bb","block_context":{"text":"Geo","link":"https:\/\/alpoma.net\/tecob\/?cat=5"},"img":{"alt_text":"imagen_1","src":"https:\/\/i0.wp.com\/farm7.static.flickr.com\/6228\/6359195149_e638cac8bc_o.jpg?resize=350%2C200","width":350,"height":200,"srcset":"https:\/\/i0.wp.com\/farm7.static.flickr.com\/6228\/6359195149_e638cac8bc_o.jpg?resize=350%2C200 1x, https:\/\/i0.wp.com\/farm7.static.flickr.com\/6228\/6359195149_e638cac8bc_o.jpg?resize=525%2C300 1.5x"},"classes":[]},{"id":5905,"url":"https:\/\/alpoma.net\/tecob\/?p=5905","url_meta":{"origin":5381,"position":3},"title":"Arturo Duperier en la orilla del mar radiante","author":"alpoma","date":"1 enero 2012","format":false,"excerpt":"Versi\u00f3n reducida del art\u00edculo que publiqu\u00e9 en la revista Historia de Iberia Vieja, n\u00famero 79, enero de 2012. ...se ha celebrado el entierro del catedr\u00e1tico de la Facultad de Ciencias de la Universidad de Madrid don Arturo Duperier, fallecido repentinamente en su domicilio al llegar de la Facultad. El profesor\u2026","rel":"","context":"En \u00abMade in Spain\u00bb","block_context":{"text":"Made in Spain","link":"https:\/\/alpoma.net\/tecob\/?cat=10"},"img":{"alt_text":"","src":"https:\/\/i0.wp.com\/alpoma.net\/tecob\/wp-content\/uploads\/2012\/01\/6609159281_ee917df530_z.jpg?resize=350%2C200&ssl=1","width":350,"height":200,"srcset":"https:\/\/i0.wp.com\/alpoma.net\/tecob\/wp-content\/uploads\/2012\/01\/6609159281_ee917df530_z.jpg?resize=350%2C200&ssl=1 1x, https:\/\/i0.wp.com\/alpoma.net\/tecob\/wp-content\/uploads\/2012\/01\/6609159281_ee917df530_z.jpg?resize=525%2C300&ssl=1 1.5x"},"classes":[]},{"id":8052,"url":"https:\/\/alpoma.net\/tecob\/?p=8052","url_meta":{"origin":5381,"position":4},"title":"El Laboratorio El\u00e9ctrico de M\u00f3nico S\u00e1nchez","author":"alpoma","date":"1 abril 2013","format":false,"excerpt":"Este post corresponde a una versi\u00f3n reducida del art\u00edculo que publiqu\u00e9 en la revista Historia de Iberia Vieja en su edici\u00f3n correspondiente al mes de abril de 2013. Una de las notas m\u00e1s simp\u00e1ticamente interesantes de la actual Exposici\u00f3n de Medicina e Higiene es la presencia en ella del maravilloso\u2026","rel":"","context":"En \u00abMade in Spain\u00bb","block_context":{"text":"Made in Spain","link":"https:\/\/alpoma.net\/tecob\/?cat=10"},"img":{"alt_text":"monico_sanchez_2","src":"https:\/\/i0.wp.com\/farm9.staticflickr.com\/8384\/8605906331_7db2561641_m.jpg?resize=350%2C200","width":350,"height":200},"classes":[]},{"id":7290,"url":"https:\/\/alpoma.net\/tecob\/?p=7290","url_meta":{"origin":5381,"position":5},"title":"Cazadores de espectros de las alturas","author":"alpoma","date":"22 septiembre 2012","format":false,"excerpt":"Habitan en los l\u00edmites entre la atm\u00f3sfera y el espacio. Apenas tienen una vida de fracciones de segundo y, sin embargo, son fascinantes. Han recibido todo tipo de nombres: rel\u00e1mpagos superatmosf\u00e9ricos, eventos luminosos transitorios, sprites o duendes de las alturas, pero c\u00f3mo se les llame es lo de menos, lo\u2026","rel":"","context":"En \u00abClima\u00bb","block_context":{"text":"Clima","link":"https:\/\/alpoma.net\/tecob\/?cat=8"},"img":{"alt_text":"","src":"https:\/\/i0.wp.com\/alpoma.net\/tecob\/wp-content\/uploads\/2012\/09\/rojizo.jpg?resize=350%2C200&ssl=1","width":350,"height":200,"srcset":"https:\/\/i0.wp.com\/alpoma.net\/tecob\/wp-content\/uploads\/2012\/09\/rojizo.jpg?resize=350%2C200&ssl=1 1x, https:\/\/i0.wp.com\/alpoma.net\/tecob\/wp-content\/uploads\/2012\/09\/rojizo.jpg?resize=525%2C300&ssl=1 1.5x"},"classes":[]}],"jetpack_sharing_enabled":true,"_links":{"self":[{"href":"https:\/\/alpoma.net\/tecob\/index.php?rest_route=\/wp\/v2\/posts\/5381","targetHints":{"allow":["GET"]}}],"collection":[{"href":"https:\/\/alpoma.net\/tecob\/index.php?rest_route=\/wp\/v2\/posts"}],"about":[{"href":"https:\/\/alpoma.net\/tecob\/index.php?rest_route=\/wp\/v2\/types\/post"}],"author":[{"embeddable":true,"href":"https:\/\/alpoma.net\/tecob\/index.php?rest_route=\/wp\/v2\/users\/1"}],"replies":[{"embeddable":true,"href":"https:\/\/alpoma.net\/tecob\/index.php?rest_route=%2Fwp%2Fv2%2Fcomments&post=5381"}],"version-history":[{"count":0,"href":"https:\/\/alpoma.net\/tecob\/index.php?rest_route=\/wp\/v2\/posts\/5381\/revisions"}],"wp:featuredmedia":[{"embeddable":true,"href":"https:\/\/alpoma.net\/tecob\/index.php?rest_route=\/wp\/v2\/media\/10605"}],"wp:attachment":[{"href":"https:\/\/alpoma.net\/tecob\/index.php?rest_route=%2Fwp%2Fv2%2Fmedia&parent=5381"}],"wp:term":[{"taxonomy":"category","embeddable":true,"href":"https:\/\/alpoma.net\/tecob\/index.php?rest_route=%2Fwp%2Fv2%2Fcategories&post=5381"},{"taxonomy":"post_tag","embeddable":true,"href":"https:\/\/alpoma.net\/tecob\/index.php?rest_route=%2Fwp%2Fv2%2Ftags&post=5381"}],"curies":[{"name":"wp","href":"https:\/\/api.w.org\/{rel}","templated":true}]}}