{"id":535,"date":"2006-07-15T00:22:09","date_gmt":"2006-07-14T22:22:09","guid":{"rendered":"http:\/\/www.alpoma.net\/tecob\/?p=535"},"modified":"2006-07-15T00:24:42","modified_gmt":"2006-07-14T22:24:42","slug":"el-homunculo-cortical","status":"publish","type":"post","link":"https:\/\/alpoma.net\/tecob\/?p=535","title":{"rendered":"El hom\u00fanculo cortical"},"content":{"rendered":"<p><a href=\"http:\/\/www.flickr.com\/photos\/alpoma\/189666992\/\" title=\"Photo Sharing\"><img loading=\"lazy\" decoding=\"async\" src=\"http:\/\/static.flickr.com\/47\/189666992_7053137df6_m.jpg\" width=\"215\" height=\"240\" alt=\"homunculo2\" class=\"dch\"\/><\/a>Algunas veces se dice que los hombre pensamos con&#8230; Vale, creo que no es necesario rellenar el espacio dejado por los puntos suspensivos, todo el mundo conoce la respuesta. Tal vulgaridad tiene una curiosa \u00abmoraleja\u00bb, a saber, que el espacio que en <strong>nuestra corteza cerebral<\/strong> se dedica a procesar la informaci\u00f3n procedente de diversas partes del cuerpo es, de todo, menos equitativa con el tama\u00f1o de las mismas. Tomando como referencia la porci\u00f3n m\u00e1s evolucionada de nuestro cerebro, el cortex, se pueden diferenciar dos espacios principales, la <strong>regi\u00f3n somatestesica<\/strong> y la <strong>motriz<\/strong>, que est\u00e1n especializadas de tal forma que a cada porci\u00f3n de las mismas puede asociarse con otras partes del cuerpo. As\u00ed, <strong>desplegando un cuerpo human<\/strong>o y represent\u00e1ndolo gr\u00e1ficamente sobre los pliegues del c\u00f3rtex, se logran dibujar dos <strong><a href=\"http:\/\/en.wikipedia.org\/wiki\/Cortical_homunculus\">curiosos hom\u00fanculos<\/a><\/strong>, indudablemente deformes. Los \u00abhom\u00fanculos\u00bb, t\u00e9rmino que proviene del lat\u00edn <em>homunculus<\/em>, significando algo as\u00ed como \u00abhombre peque\u00f1o\u00bb, han sido utilizados como medio de representaci\u00f3n de diversos procesos biol\u00f3gicos en humanos desde hace tiempo. Desde luego, el hom\u00fanculo cortical es muy \u00fatil a la hora de comprender ciertos aspectos del<strong> funcionamiento de nuestro cerebro<\/strong>. La deformidad del hom\u00fanculo cortical viene dada porque las \u00e1reas del c\u00f3rtex dedicadas a cada parte del cuerpo no son proporcionales al tama\u00f1o que realmente tiene esa parte u \u00f3rgano, al contrario, se dibujan siguiendo la mayor o menor <strong>necesidad de control o percepci\u00f3n<\/strong> por parte del cerebro sobre esos \u00f3rganos o partes del cuerpo. As\u00ed, las regiones del c\u00f3rtex dedicadas a controlar y \u00absentir\u00bb <strong>el rostro y las manos<\/strong> son mucho mayores que el resto, de ah\u00ed que el hom\u00fanculo presente su caracter\u00edstica deformaci\u00f3n. En una representaci\u00f3n ya cl\u00e1sica, como la del gr\u00e1fico<sup>1<\/sup>, se presenta s\u00f3lo la mitad de cada regi\u00f3n del c\u00f3rtex, siendo la <strong>porci\u00f3n izquierda<\/strong> la correspondiente al \u00e1rea somatest\u00e9sica que se encarga de recibir las sensaciones de la mitad derecha del cuerpo y la porci\u00f3n derecha representa al c\u00f3rtex motor derecho, que se encarga de controlar los movimientos efectuados sobre la mitad izquierda el cuerpo.<\/p>\n<p><a href=\"http:\/\/www.flickr.com\/photos\/alpoma\/189666990\/\" title=\"Photo Sharing\"><img loading=\"lazy\" decoding=\"async\" src=\"http:\/\/static.flickr.com\/53\/189666990_47a95c43e0_o.jpg\" width=\"630\" height=\"391\" alt=\"homunculo\" \/><\/a><br \/>\n______<br \/>\n<sup>1<\/sup> Fuente del gr\u00e1fico: <em>Especializaciones del cerebro humano<\/em>. Norman Geschwind, en <strong>El Cerebro<\/strong>, pg. 144. Prensa Cient\u00edfica, Barcelona. Edici\u00f3n de 1986.<\/p>\n","protected":false},"excerpt":{"rendered":"<div class=\"mh-excerpt\"><p>Algunas veces se dice que los hombre pensamos con&#8230; Vale, creo que no es necesario rellenar el espacio dejado por los puntos suspensivos, todo el mundo conoce la respuesta. Tal <a class=\"mh-excerpt-more\" href=\"https:\/\/alpoma.net\/tecob\/?p=535\" title=\"El hom\u00fanculo cortical\">[&#8230;]<\/a><\/p>\n<\/div>","protected":false},"author":1,"featured_media":10494,"comment_status":"open","ping_status":"open","sticky":false,"template":"","format":"standard","meta":{"jetpack_post_was_ever_published":false,"_jetpack_newsletter_access":"","_jetpack_dont_email_post_to_subs":false,"_jetpack_newsletter_tier_id":0,"_jetpack_memberships_contains_paywalled_content":false,"_jetpack_memberships_contains_paid_content":false,"footnotes":""},"categories":[4],"tags":[],"class_list":["post-535","post","type-post","status-publish","format-standard","has-post-thumbnail","hentry","category-innovacion"],"jetpack_featured_media_url":"https:\/\/alpoma.net\/tecob\/wp-content\/uploads\/2006\/07\/189666992_7053137df6_m.jpg","jetpack_shortlink":"https:\/\/wp.me\/p93Dc1-8D","jetpack-related-posts":[{"id":1220,"url":"https:\/\/alpoma.net\/tecob\/?p=1220","url_meta":{"origin":535,"position":0},"title":"Huesos viejos","author":"alpoma","date":"24 septiembre 2009","format":false,"excerpt":"Este art\u00edculo nace gracias al ingenio de una periodista singular e incansable, Esther Celma, a quien, como no pod\u00eda ser de otro modo, va dedicado. A veces, en una conversaci\u00f3n, se empieza discutiendo un asunto para terminar en algo completamente diferente. Tal cosa es lo que sucedi\u00f3 ayer por la\u2026","rel":"","context":"En \u00abObsolescencia\u00bb","block_context":{"text":"Obsolescencia","link":"https:\/\/alpoma.net\/tecob\/?cat=3"},"img":{"alt_text":"","src":"https:\/\/i0.wp.com\/alpoma.net\/tecob\/wp-content\/uploads\/2009\/09\/3949956953_cdbe73d9d5_o.jpg?resize=350%2C200&ssl=1","width":350,"height":200},"classes":[]},{"id":10184,"url":"https:\/\/alpoma.net\/tecob\/?p=10184","url_meta":{"origin":535,"position":1},"title":"El Frankenstein de Zehnder","author":"alpoma","date":"25 octubre 2014","format":false,"excerpt":"Hoy nos visita una fotograf\u00eda muy especial, una imagen que tiene reservado un espacio singular en la historia de la ciencia y la tecnolog\u00eda. He aqu\u00ed al Frankenstein de Zehnder... Lo de Frankenstein es una licencia que me he tomado porque, a fin de cuentas, la imagen fue realizada con\u2026","rel":"","context":"En \u00abGeneral\u00bb","block_context":{"text":"General","link":"https:\/\/alpoma.net\/tecob\/?cat=1"},"img":{"alt_text":"","src":"https:\/\/i0.wp.com\/alpoma.net\/tecob\/wp-content\/uploads\/2014\/10\/Zehnder_rayos_X.jpg?resize=350%2C200&ssl=1","width":350,"height":200},"classes":[]},{"id":7097,"url":"https:\/\/alpoma.net\/tecob\/?p=7097","url_meta":{"origin":535,"position":2},"title":"Neil Armstrong y el vuelo del Gemini 8","author":"alpoma","date":"26 agosto 2012","format":false,"excerpt":"A estas horas ya ha sido comentado por todas partes, ha fallecido Neil Armstrong, el primer ser humano en poner el pie no s\u00f3lo en nuestra Luna, sino el primero en hacerlo en un cuerpo celeste que no fuera nuestro mundo. No repetir\u00e9 nada de lo dicho por doquier, si\u2026","rel":"","context":"En \u00abObsolescencia\u00bb","block_context":{"text":"Obsolescencia","link":"https:\/\/alpoma.net\/tecob\/?cat=3"},"img":{"alt_text":"camino","src":"https:\/\/i0.wp.com\/farm9.staticflickr.com\/8438\/7867403172_32e1b06c98_n.jpg?resize=350%2C200","width":350,"height":200},"classes":[]},{"id":11619,"url":"https:\/\/alpoma.net\/tecob\/?p=11619","url_meta":{"origin":535,"position":3},"title":"De gimnotos, caballos y el fluido vital el\u00e9ctrico","author":"alpoma","date":"18 septiembre 2015","format":false,"excerpt":"Comentaba Alexander von Humboldt que, durante su gran viaje por Am\u00e9rica del Sur, en los albores del siglo XIX, pocas cosas le hab\u00edan impresionado m\u00e1s que las vivencias relacionadas con ciertos peces el\u00e9ctricos. Se trataba de una clase de gimnoto, especie de remedo de \"anguila el\u00e9ctrica\", salvando las distancias, capaz\u2026","rel":"","context":"En \u00abObsolescencia\u00bb","block_context":{"text":"Obsolescencia","link":"https:\/\/alpoma.net\/tecob\/?cat=3"},"img":{"alt_text":"","src":"https:\/\/i0.wp.com\/alpoma.net\/tecob\/wp-content\/uploads\/2015\/09\/gimnoto.jpg?resize=350%2C200&ssl=1","width":350,"height":200},"classes":[]},{"id":8723,"url":"https:\/\/alpoma.net\/tecob\/?p=8723","url_meta":{"origin":535,"position":4},"title":"Fidel Pag\u00e9s Mirav\u00e9, el olvidado descubridor de la anestesia epidural","author":"alpoma","date":"2 enero 2014","format":false,"excerpt":"Versi\u00f3n reducida del art\u00edculo que publiqu\u00e9 en la revista Historia de Iberia Vieja, n\u00famero 103, enero de 2014. Un accidente de autom\u00f3vil, un detalle de este vertiginoso modo de ser de los tiempo que corren, en los que se llega a la muerta a noventa por hora, ha dejado sin\u2026","rel":"","context":"En \u00abMade in Spain\u00bb","block_context":{"text":"Made in Spain","link":"https:\/\/alpoma.net\/tecob\/?cat=10"},"img":{"alt_text":"fidel_pages","src":"https:\/\/i0.wp.com\/www.alpoma.net\/tecob\/wp-content\/uploads\/2014\/01\/fidel_pages-190x300.jpg?resize=350%2C200","width":350,"height":200},"classes":[]},{"id":8161,"url":"https:\/\/alpoma.net\/tecob\/?p=8161","url_meta":{"origin":535,"position":5},"title":"Las (posiblemente) in\u00fatiles ondas electromagn\u00e9ticas","author":"alpoma","date":"24 abril 2013","format":false,"excerpt":"Siempre se ha dicho que Heinrich Rudolf Hertz no ve\u00eda qu\u00e9 posible utilidad podr\u00edan tener las ondas electromagn\u00e9ticas que \u00e9l mismo hab\u00eda demostrado que exist\u00edan experimentalmente, pero me resisto a pensar que, en el fondo, aquella fuera su opini\u00f3n real. Veamos, no era el primero que se encontraba con ellas,\u2026","rel":"","context":"En \u00abObsolescencia\u00bb","block_context":{"text":"Obsolescencia","link":"https:\/\/alpoma.net\/tecob\/?cat=3"},"img":{"alt_text":"","src":"https:\/\/i0.wp.com\/alpoma.net\/tecob\/wp-content\/uploads\/2013\/04\/montaje_hertz.jpg?resize=350%2C200&ssl=1","width":350,"height":200,"srcset":"https:\/\/i0.wp.com\/alpoma.net\/tecob\/wp-content\/uploads\/2013\/04\/montaje_hertz.jpg?resize=350%2C200&ssl=1 1x, https:\/\/i0.wp.com\/alpoma.net\/tecob\/wp-content\/uploads\/2013\/04\/montaje_hertz.jpg?resize=525%2C300&ssl=1 1.5x"},"classes":[]}],"jetpack_sharing_enabled":true,"_links":{"self":[{"href":"https:\/\/alpoma.net\/tecob\/index.php?rest_route=\/wp\/v2\/posts\/535","targetHints":{"allow":["GET"]}}],"collection":[{"href":"https:\/\/alpoma.net\/tecob\/index.php?rest_route=\/wp\/v2\/posts"}],"about":[{"href":"https:\/\/alpoma.net\/tecob\/index.php?rest_route=\/wp\/v2\/types\/post"}],"author":[{"embeddable":true,"href":"https:\/\/alpoma.net\/tecob\/index.php?rest_route=\/wp\/v2\/users\/1"}],"replies":[{"embeddable":true,"href":"https:\/\/alpoma.net\/tecob\/index.php?rest_route=%2Fwp%2Fv2%2Fcomments&post=535"}],"version-history":[{"count":0,"href":"https:\/\/alpoma.net\/tecob\/index.php?rest_route=\/wp\/v2\/posts\/535\/revisions"}],"wp:featuredmedia":[{"embeddable":true,"href":"https:\/\/alpoma.net\/tecob\/index.php?rest_route=\/wp\/v2\/media\/10494"}],"wp:attachment":[{"href":"https:\/\/alpoma.net\/tecob\/index.php?rest_route=%2Fwp%2Fv2%2Fmedia&parent=535"}],"wp:term":[{"taxonomy":"category","embeddable":true,"href":"https:\/\/alpoma.net\/tecob\/index.php?rest_route=%2Fwp%2Fv2%2Fcategories&post=535"},{"taxonomy":"post_tag","embeddable":true,"href":"https:\/\/alpoma.net\/tecob\/index.php?rest_route=%2Fwp%2Fv2%2Ftags&post=535"}],"curies":[{"name":"wp","href":"https:\/\/api.w.org\/{rel}","templated":true}]}}