{"id":5328,"date":"2011-09-11T18:07:27","date_gmt":"2011-09-11T16:07:27","guid":{"rendered":"http:\/\/www.alpoma.net\/tecob\/?p=5328"},"modified":"2011-09-11T18:07:27","modified_gmt":"2011-09-11T16:07:27","slug":"la-olmeda","status":"publish","type":"post","link":"https:\/\/alpoma.net\/tecob\/?p=5328","title":{"rendered":"La Olmeda"},"content":{"rendered":"<p><a href=\"http:\/\/www.flickr.com\/photos\/alpoma\/3772324696\/\" title=\"Villa Romana de La Olmeda (Palencia) by alpoma, on Flickr\"><img loading=\"lazy\" decoding=\"async\" src=\"http:\/\/farm3.static.flickr.com\/2552\/3772324696_53db4fd717_m.jpg\" width=\"240\" height=\"180\" alt=\"Villa Romana de La Olmeda (Palencia)\" class=\"dch\"\/><\/a>El <strong>5 de julio de 1968 <\/strong>se encontraba realizando algunas tareas agr\u00edcolas en una finca de su propiedad, cerca del pueblo palentino de Pedrosa de la Vega, pr\u00f3ximo a Salda\u00f1a, un hombre al que no se le escapaba ning\u00fan detalle. Se trataba de <strong><a href=\"http:\/\/es.wikipedia.org\/wiki\/Javier_Cortes_%C3%81lvarez_de_Miranda\">Javier Cortes<\/a><\/strong>, que desde entonces dedic\u00f3 gran parte de sus esfuerzos cotidianos a desvelar y difundir un gran descubrimiento.<\/p>\n<p>Lo que encontr\u00f3 en ese lejano d\u00eda mientras explanaba parte de una finca conocida como <em>La Olmeda<\/em>, bien pudiera haber sido ignorado por muchos, pues apenas era <strong>una pieza de bronce ricamente decorada<\/strong>. Se trataba de una cama de bocado de caballo que hizo intuir a Javier que bajo sus tierras hab\u00eda algo inesperado. \u00a1Y tanto que lo fue! Despu\u00e9s de m\u00e1s de cuatro d\u00e9cadas de investigaci\u00f3n y excavaciones <strong>el lugar se ha convertido en uno de los m\u00e1s c\u00e9lebres en todo el mundo relacionados con la cultura romana<\/strong>.<\/p>\n<p>S\u00ed, porque lo que sigui\u00f3 a la sencilla pieza de bronce fue <strong><a href=\"http:\/\/es.wikipedia.org\/wiki\/Villa_romana_de_la_Olmeda\">toda una villa romana<\/a><\/strong>, con ricos mosaicos, una necr\u00f3polis y cientos de objetos de uso cotidiano en la \u00e9poca imperial. Ah\u00ed llevaban enterrados desde hac\u00eda <strong>quince siglos<\/strong>, esperando volver a ver la luz. El jueves pasado estuve de nuevo en <em>La Olmeda<\/em> y volv\u00ed a quedar maravillado. He estado all\u00ed ya incontables veces, a fin de cuentas no me pilla muy lejos. Naturalmente, mi pasi\u00f3n por el mundo romano puede conmigo y me invita a acudir cada poco tiempo, pero aunque no se sea un apasionado de la arqueolog\u00eda, creo que el lugar merece la pena como visita cultural para cualquier persona. Recomiendo vivamente visitar la <strong><a href=\"http:\/\/www.villaromanalaolmeda.com\/\">web oficial de <em>La Olmeda<\/em><\/a><\/strong> como paso previo a la visita, estoy seguro de que este lugar que guarda la memoria de la antig\u00fcedad dejar\u00e1 con la boca abierta a muchos. \ud83d\ude09<\/p>\n","protected":false},"excerpt":{"rendered":"<div class=\"mh-excerpt\"><p>El 5 de julio de 1968 se encontraba realizando algunas tareas agr\u00edcolas en una finca de su propiedad, cerca del pueblo palentino de Pedrosa de la Vega, pr\u00f3ximo a Salda\u00f1a, <a class=\"mh-excerpt-more\" href=\"https:\/\/alpoma.net\/tecob\/?p=5328\" title=\"La Olmeda\">[&#8230;]<\/a><\/p>\n<\/div>","protected":false},"author":1,"featured_media":11089,"comment_status":"open","ping_status":"open","sticky":false,"template":"","format":"standard","meta":{"jetpack_post_was_ever_published":false,"_jetpack_newsletter_access":"","_jetpack_dont_email_post_to_subs":false,"_jetpack_newsletter_tier_id":0,"_jetpack_memberships_contains_paywalled_content":false,"_jetpack_memberships_contains_paid_content":false,"footnotes":""},"categories":[2],"tags":[],"class_list":["post-5328","post","type-post","status-publish","format-standard","has-post-thumbnail","hentry","category-personal"],"jetpack_featured_media_url":"https:\/\/alpoma.net\/tecob\/wp-content\/uploads\/2011\/09\/3772324696_53db4fd717_m.jpg","jetpack_shortlink":"https:\/\/wp.me\/p93Dc1-1nW","jetpack-related-posts":[{"id":7109,"url":"https:\/\/alpoma.net\/tecob\/?p=7109","url_meta":{"origin":5328,"position":0},"title":"Lvcius Papirius Cvrsor, maestro de Ars Ingenivs","author":"alpoma","date":"27 agosto 2012","format":false,"excerpt":"Ayer domingo por la ma\u00f1ana pude disfrutar de algo digno de contemplaci\u00f3n en la Villa Romana de la Olmeda, cerca de Salda\u00f1a, en Palencia. Se trat\u00f3 de toda una conferencia sobre ingenier\u00eda y agrimensura romanas ofrecida por Lvcius Papirius Cursor1. Hac\u00eda mucho tiempo que no disfrutaba tanto. Lucius es un\u2026","rel":"","context":"En \u00abPersonal\u00bb","block_context":{"text":"Personal","link":"https:\/\/alpoma.net\/tecob\/?cat=2"},"img":{"alt_text":"","src":"https:\/\/i0.wp.com\/alpoma.net\/tecob\/wp-content\/uploads\/2012\/08\/7874928154_4114a67689.jpg?resize=350%2C200&ssl=1","width":350,"height":200},"classes":[]},{"id":7765,"url":"https:\/\/alpoma.net\/tecob\/?p=7765","url_meta":{"origin":5328,"position":1},"title":"Pomponio Mela y la geograf\u00eda del mundo romano","author":"alpoma","date":"1 febrero 2013","format":false,"excerpt":"Versi\u00f3n reducida del art\u00edculo que publiqu\u00e9 en la revista Historia de Iberia Vieja, n\u00famero 92, edici\u00f3n de febrero de 2013. Admiti\u00f3se, en general, la forma esf\u00e9rica, pero sin comprender su geograf\u00eda. Cre\u00edase habitar la parte superior de esta esfera, quedando desconocida la parte inferior. Uno de los m\u00e1s antiguos y\u2026","rel":"","context":"En \u00abMade in Spain\u00bb","block_context":{"text":"Made in Spain","link":"https:\/\/alpoma.net\/tecob\/?cat=10"},"img":{"alt_text":"","src":"https:\/\/i0.wp.com\/alpoma.net\/tecob\/wp-content\/uploads\/2013\/02\/mapa_pomponio.jpg?resize=350%2C200&ssl=1","width":350,"height":200,"srcset":"https:\/\/i0.wp.com\/alpoma.net\/tecob\/wp-content\/uploads\/2013\/02\/mapa_pomponio.jpg?resize=350%2C200&ssl=1 1x, https:\/\/i0.wp.com\/alpoma.net\/tecob\/wp-content\/uploads\/2013\/02\/mapa_pomponio.jpg?resize=525%2C300&ssl=1 1.5x"},"classes":[]},{"id":4464,"url":"https:\/\/alpoma.net\/tecob\/?p=4464","url_meta":{"origin":5328,"position":2},"title":"Los coches-avi\u00f3n de Marcel Leyat","author":"alpoma","date":"26 marzo 2011","format":false,"excerpt":"Al finalizar la Gran Guerra, una parte considerable de Europa se encontraba en ruinas y, para m\u00e1s desgracia, quienes so\u00f1aban con reanimar la industria se ve\u00edan frenados por una grave escasez de materias primas. Curiosamente, en grandes dep\u00f3sitos de material se iban almacenando cientos de aeroplanos que ya no eran\u2026","rel":"","context":"En \u00abObsolescencia\u00bb","block_context":{"text":"Obsolescencia","link":"https:\/\/alpoma.net\/tecob\/?cat=3"},"img":{"alt_text":"leyat","src":"https:\/\/i0.wp.com\/farm6.static.flickr.com\/5016\/5562002168_78c5486ce8_m.jpg?resize=350%2C200","width":350,"height":200},"classes":[]},{"id":626,"url":"https:\/\/alpoma.net\/tecob\/?p=626","url_meta":{"origin":5328,"position":3},"title":"Hiram Maxim","author":"alpoma","date":"28 octubre 2006","format":false,"excerpt":"Asunto nunca resuelto, \u00bfqui\u00e9n vol\u00f3 primero en una m\u00e1quina propulsada m\u00e1s pesada que el aire? Oficialmente, sin duda, los hermanos Wright logragon tal aza\u00f1a en Kitti Hawk all\u00e1 por 1903. Ellos tuvieron \u00e9xito, adem\u00e1s de mucha suerte publicitariamente hablando, pero siempre han quedado algunas dudas. \u00bfAlguien logr\u00f3 elevarse en una\u2026","rel":"","context":"En \u00abObsolescencia\u00bb","block_context":{"text":"Obsolescencia","link":"https:\/\/alpoma.net\/tecob\/?cat=3"},"img":{"alt_text":"","src":"https:\/\/i0.wp.com\/alpoma.net\/tecob\/wp-content\/uploads\/2006\/10\/281645976_35e3631ce1_o.gif?resize=350%2C200&ssl=1","width":350,"height":200,"srcset":"https:\/\/i0.wp.com\/alpoma.net\/tecob\/wp-content\/uploads\/2006\/10\/281645976_35e3631ce1_o.gif?resize=350%2C200&ssl=1 1x, https:\/\/i0.wp.com\/alpoma.net\/tecob\/wp-content\/uploads\/2006\/10\/281645976_35e3631ce1_o.gif?resize=525%2C300&ssl=1 1.5x"},"classes":[]},{"id":8952,"url":"https:\/\/alpoma.net\/tecob\/?p=8952","url_meta":{"origin":5328,"position":4},"title":"Cuando Espa\u00f1a volaba en dirigible","author":"alpoma","date":"4 abril 2014","format":false,"excerpt":"Fragmentos del art\u00edculo sobre Torres Quevedo que publiqu\u00e9 en la revista Historia de Iberia Vieja en su edici\u00f3n del mes de abril de 2014. La edad de oro de los dirigibles A principios del siglo XX no eran los aviones, apenas reci\u00e9n nacidos, los aparatos voladores que parec\u00edan tener un\u2026","rel":"","context":"En \u00abMade in Spain\u00bb","block_context":{"text":"Made in Spain","link":"https:\/\/alpoma.net\/tecob\/?cat=10"},"img":{"alt_text":"","src":"https:\/\/i0.wp.com\/alpoma.net\/tecob\/wp-content\/uploads\/2014\/04\/dtr_1.jpg?resize=350%2C200&ssl=1","width":350,"height":200,"srcset":"https:\/\/i0.wp.com\/alpoma.net\/tecob\/wp-content\/uploads\/2014\/04\/dtr_1.jpg?resize=350%2C200&ssl=1 1x, https:\/\/i0.wp.com\/alpoma.net\/tecob\/wp-content\/uploads\/2014\/04\/dtr_1.jpg?resize=525%2C300&ssl=1 1.5x, https:\/\/i0.wp.com\/alpoma.net\/tecob\/wp-content\/uploads\/2014\/04\/dtr_1.jpg?resize=700%2C400&ssl=1 2x"},"classes":[]},{"id":701,"url":"https:\/\/alpoma.net\/tecob\/?p=701","url_meta":{"origin":5328,"position":5},"title":"El Libro Universal","author":"alpoma","date":"3 abril 2007","format":false,"excerpt":"No sabr\u00eda decir si eran ratones de biblioteca, pero probablemente algo de eso ten\u00edan. Conste que lo escribo con sentimiento de admiraci\u00f3n, a fin de cuentas uno tambi\u00e9n se considera un poco ratoncillo de biblioteca y archivo. Volvamos la mirada a principios del siglo XX y fijemos la vista en\u2026","rel":"","context":"En \u00abObsolescencia\u00bb","block_context":{"text":"Obsolescencia","link":"https:\/\/alpoma.net\/tecob\/?cat=3"},"img":{"alt_text":"","src":"","width":0,"height":0},"classes":[]}],"jetpack_sharing_enabled":true,"_links":{"self":[{"href":"https:\/\/alpoma.net\/tecob\/index.php?rest_route=\/wp\/v2\/posts\/5328","targetHints":{"allow":["GET"]}}],"collection":[{"href":"https:\/\/alpoma.net\/tecob\/index.php?rest_route=\/wp\/v2\/posts"}],"about":[{"href":"https:\/\/alpoma.net\/tecob\/index.php?rest_route=\/wp\/v2\/types\/post"}],"author":[{"embeddable":true,"href":"https:\/\/alpoma.net\/tecob\/index.php?rest_route=\/wp\/v2\/users\/1"}],"replies":[{"embeddable":true,"href":"https:\/\/alpoma.net\/tecob\/index.php?rest_route=%2Fwp%2Fv2%2Fcomments&post=5328"}],"version-history":[{"count":0,"href":"https:\/\/alpoma.net\/tecob\/index.php?rest_route=\/wp\/v2\/posts\/5328\/revisions"}],"wp:featuredmedia":[{"embeddable":true,"href":"https:\/\/alpoma.net\/tecob\/index.php?rest_route=\/wp\/v2\/media\/11089"}],"wp:attachment":[{"href":"https:\/\/alpoma.net\/tecob\/index.php?rest_route=%2Fwp%2Fv2%2Fmedia&parent=5328"}],"wp:term":[{"taxonomy":"category","embeddable":true,"href":"https:\/\/alpoma.net\/tecob\/index.php?rest_route=%2Fwp%2Fv2%2Fcategories&post=5328"},{"taxonomy":"post_tag","embeddable":true,"href":"https:\/\/alpoma.net\/tecob\/index.php?rest_route=%2Fwp%2Fv2%2Ftags&post=5328"}],"curies":[{"name":"wp","href":"https:\/\/api.w.org\/{rel}","templated":true}]}}