{"id":5195,"date":"2011-08-11T00:14:41","date_gmt":"2011-08-10T22:14:41","guid":{"rendered":"http:\/\/www.alpoma.net\/tecob\/?p=5195"},"modified":"2011-08-12T16:22:59","modified_gmt":"2011-08-12T14:22:59","slug":"un-gato-vuela-sobre-el-canal-de-la-mancha-1910","status":"publish","type":"post","link":"https:\/\/alpoma.net\/tecob\/?p=5195","title":{"rendered":"Un gato vuela sobre el Canal de la Mancha (1910)"},"content":{"rendered":"<p>Desconozco si fue el primer gato en volar en avi\u00f3n, pero en caso de que no fuera as\u00ed, cerca estuvo de serlo. De lo que s\u00ed hay constancia es de que fue<strong> el primer gato en volar sobre el Canal de la Mancha<\/strong>. Tiene gracia la situaci\u00f3n, porque el aviador estadounidense <strong><a href=\"http:\/\/en.wikipedia.org\/wiki\/John_Moisant\">John Moisant<\/a><\/strong> realiz\u00f3 el primer vuelo de la historia con un pasajero, su mec\u00e1nico que atend\u00eda al nombre de <strong>Albert Fileux<\/strong>,  sobre las aguas que separan Francia de Gran Breta\u00f1a el <strong>23 de agosto de 1910<\/strong>.<\/p>\n<p style=\"text-align: center\"><a href=\"http:\/\/www.flickr.com\/photos\/alpoma\/6034964681\/\" title=\"1910 (v\u00eda Shorpy), en Flickr\"><img loading=\"lazy\" decoding=\"async\" src=\"http:\/\/farm7.static.flickr.com\/6131\/6034964681_a403e7097e_o.jpg\" width=\"512\" height=\"368\" alt=\"1910\" class=\"otros\"\/><\/a><br \/>\n<em>Fuente de la imagen y ampliaci\u00f3n de la misma: <strong><a href=\"http:\/\/www.shorpy.com\/node\/1407\">Shorpy<\/a><\/strong>.<\/em><\/p>\n<p>Lo normal ser\u00eda que fuera recordado por eso precisamente, por <strong>la haza\u00f1a de cruzar el Canal de la Mancha con un pasajero a bordo<\/strong>, cosa que nadie hab\u00eda hecho antes, pero no, de eso nada, resulta que lo que m\u00e1s se recuerda es otro peque\u00f1o detalle. Acompa\u00f1ando a los osados aventureros viajaba un gato, que seg\u00fan los peri\u00f3dicos fanceses era una gata llamada Mademoiselle Fifi y, seg\u00fan los brit\u00e1nicos, se llamar\u00eda Paree. Lo de menos es el nombre, lo gracioso es que con el paso del tiempo el logro de los dos aviadores qued\u00f3 casi en el olvido, siendo el vuelo del gato lo que ha terminado por llamar la atenci\u00f3n de la posteridad.<\/p>\n","protected":false},"excerpt":{"rendered":"<div class=\"mh-excerpt\"><p>Desconozco si fue el primer gato en volar en avi\u00f3n, pero en caso de que no fuera as\u00ed, cerca estuvo de serlo. De lo que s\u00ed hay constancia es de <a class=\"mh-excerpt-more\" href=\"https:\/\/alpoma.net\/tecob\/?p=5195\" title=\"Un gato vuela sobre el Canal de la Mancha (1910)\">[&#8230;]<\/a><\/p>\n<\/div>","protected":false},"author":1,"featured_media":10607,"comment_status":"open","ping_status":"open","sticky":false,"template":"","format":"standard","meta":{"jetpack_post_was_ever_published":false,"_jetpack_newsletter_access":"","_jetpack_dont_email_post_to_subs":false,"_jetpack_newsletter_tier_id":0,"_jetpack_memberships_contains_paywalled_content":false,"_jetpack_memberships_contains_paid_content":false,"footnotes":""},"categories":[3],"tags":[],"class_list":["post-5195","post","type-post","status-publish","format-standard","has-post-thumbnail","hentry","category-obsolescencia"],"jetpack_featured_media_url":"https:\/\/alpoma.net\/tecob\/wp-content\/uploads\/2011\/08\/6034964681_a403e7097e_o.jpg","jetpack_shortlink":"https:\/\/wp.me\/p93Dc1-1lN","jetpack-related-posts":[{"id":5220,"url":"https:\/\/alpoma.net\/tecob\/?p=5220","url_meta":{"origin":5195,"position":0},"title":"Tortazo en el Sena","author":"alpoma","date":"17 agosto 2011","format":false,"excerpt":"El recuerdo del vuelo de John Moisant con su gato y su mec\u00e1nico sobre el Canal de la Mancha que mencion\u00e9 hace poco me hizo recordar la aventura de Jean-Pierre Blanchard quien, junto con el polifac\u00e9tico estadounidense John Jeffries, cruz\u00f3 el mismo impedimento acu\u00e1tico. Eso sucedi\u00f3 el 7 de enero\u2026","rel":"","context":"En \u00abObsolescencia\u00bb","block_context":{"text":"Obsolescencia","link":"https:\/\/alpoma.net\/tecob\/?cat=3"},"img":{"alt_text":"Marques_de_Bacqueville","src":"https:\/\/i0.wp.com\/farm7.static.flickr.com\/6063\/6053577971_6643e79b6a_m.jpg?resize=350%2C200","width":350,"height":200},"classes":[]},{"id":12119,"url":"https:\/\/alpoma.net\/tecob\/?p=12119","url_meta":{"origin":5195,"position":1},"title":"Benito Loygorri, el primer piloto de avi\u00f3n espa\u00f1ol","author":"alpoma","date":"3 junio 2016","format":false,"excerpt":"Versi\u00f3n para TecOb del art\u00edculo que publiqu\u00e9 en la revista Historia de Iberia Vieja, edici\u00f3n de mayo de 2016. All\u00e1 por el m\u00e1s que centenario mes de octubre de 1910 mencionaba la revista Vida Mar\u00edtima , con gran asombro, cierta exhibici\u00f3n o, como dec\u00edan entonces, experiencia de aviaci\u00f3n, que tuvo\u2026","rel":"","context":"En \u00abMade in Spain\u00bb","block_context":{"text":"Made in Spain","link":"https:\/\/alpoma.net\/tecob\/?cat=10"},"img":{"alt_text":"","src":"https:\/\/i0.wp.com\/alpoma.net\/tecob\/wp-content\/uploads\/2016\/06\/Aeroplano_Farman_de_Loygorri.jpg?resize=350%2C200&ssl=1","width":350,"height":200,"srcset":"https:\/\/i0.wp.com\/alpoma.net\/tecob\/wp-content\/uploads\/2016\/06\/Aeroplano_Farman_de_Loygorri.jpg?resize=350%2C200&ssl=1 1x, https:\/\/i0.wp.com\/alpoma.net\/tecob\/wp-content\/uploads\/2016\/06\/Aeroplano_Farman_de_Loygorri.jpg?resize=525%2C300&ssl=1 1.5x, https:\/\/i0.wp.com\/alpoma.net\/tecob\/wp-content\/uploads\/2016\/06\/Aeroplano_Farman_de_Loygorri.jpg?resize=700%2C400&ssl=1 2x"},"classes":[]},{"id":4051,"url":"https:\/\/alpoma.net\/tecob\/?p=4051","url_meta":{"origin":5195,"position":2},"title":"Un siglo del primer aterrizaje en un portaaviones","author":"alpoma","date":"18 enero 2011","format":false,"excerpt":"Posiblemente sea un poco exagerado, porque no era un portaaviones como tal, pero no creo que ese detalle importe mucho porque la aventura en s\u00ed fue lo suficientemente osada como para haber pasado a la historia como el punto de partida de la aviaci\u00f3n naval. Eugene Burton Ely, junto a\u2026","rel":"","context":"En \u00abObsolescencia\u00bb","block_context":{"text":"Obsolescencia","link":"https:\/\/alpoma.net\/tecob\/?cat=3"},"img":{"alt_text":"","src":"https:\/\/i0.wp.com\/alpoma.net\/tecob\/wp-content\/uploads\/2011\/01\/5367204035_94b11cb33c_o.jpg?resize=350%2C200&ssl=1","width":350,"height":200,"srcset":"https:\/\/i0.wp.com\/alpoma.net\/tecob\/wp-content\/uploads\/2011\/01\/5367204035_94b11cb33c_o.jpg?resize=350%2C200&ssl=1 1x, https:\/\/i0.wp.com\/alpoma.net\/tecob\/wp-content\/uploads\/2011\/01\/5367204035_94b11cb33c_o.jpg?resize=525%2C300&ssl=1 1.5x"},"classes":[]},{"id":9161,"url":"https:\/\/alpoma.net\/tecob\/?p=9161","url_meta":{"origin":5195,"position":3},"title":"El autogiro de Juan de la Cierva","author":"alpoma","date":"2 julio 2014","format":false,"excerpt":"Versi\u00f3n reducida del art\u00edculo que publiqu\u00e9 en la revista Historia de Iberia Vieja, edici\u00f3n de julio de 2014.Don Emilio Herrera Linares, Comandante de Ingenieros, Jefe del Laboratorio Aerodin\u00e1mico de Aeron\u00e1utica Militar, certifica que en el Aer\u00f3dromo de Cuatro Vientos, en la tarde del 31 de enero \u00faltimo, un aparato con\u2026","rel":"","context":"En \u00abMade in Spain\u00bb","block_context":{"text":"Made in Spain","link":"https:\/\/alpoma.net\/tecob\/?cat=10"},"img":{"alt_text":"","src":"https:\/\/i0.wp.com\/alpoma.net\/tecob\/wp-content\/uploads\/2014\/07\/la_cierva.jpg?resize=350%2C200&ssl=1","width":350,"height":200,"srcset":"https:\/\/i0.wp.com\/alpoma.net\/tecob\/wp-content\/uploads\/2014\/07\/la_cierva.jpg?resize=350%2C200&ssl=1 1x, https:\/\/i0.wp.com\/alpoma.net\/tecob\/wp-content\/uploads\/2014\/07\/la_cierva.jpg?resize=525%2C300&ssl=1 1.5x"},"classes":[]},{"id":14497,"url":"https:\/\/alpoma.net\/tecob\/?p=14497","url_meta":{"origin":5195,"position":4},"title":"El presidente Coolidge y el susto que le dio su gato&#8230;","author":"alpoma","date":"5 julio 2019","format":false,"excerpt":"John Calvin Coolidge, el que fuera trig\u00e9simo presidente de los Estados Unidos entre 1923 y 1929, era un tipo de lo m\u00e1s serio que, en ocasiones, mostr\u00f3 un comportamiento realmente exc\u00e9ntrico y divertido. Cierto es que ha pasado a la historia, al margen de asuntos pol\u00edticos, por su austeridad, determinaci\u00f3n\u2026","rel":"","context":"En \u00abObsolescencia\u00bb","block_context":{"text":"Obsolescencia","link":"https:\/\/alpoma.net\/tecob\/?cat=3"},"img":{"alt_text":"","src":"https:\/\/i0.wp.com\/alpoma.net\/tecob\/wp-content\/uploads\/2019\/07\/tiger-coolidge.jpg?resize=350%2C200&ssl=1","width":350,"height":200,"srcset":"https:\/\/i0.wp.com\/alpoma.net\/tecob\/wp-content\/uploads\/2019\/07\/tiger-coolidge.jpg?resize=350%2C200&ssl=1 1x, https:\/\/i0.wp.com\/alpoma.net\/tecob\/wp-content\/uploads\/2019\/07\/tiger-coolidge.jpg?resize=525%2C300&ssl=1 1.5x, https:\/\/i0.wp.com\/alpoma.net\/tecob\/wp-content\/uploads\/2019\/07\/tiger-coolidge.jpg?resize=700%2C400&ssl=1 2x"},"classes":[]},{"id":14313,"url":"https:\/\/alpoma.net\/tecob\/?p=14313","url_meta":{"origin":5195,"position":5},"title":"Las pioneras de la aviaci\u00f3n espa\u00f1ola","author":"alpoma","date":"2 febrero 2019","format":false,"excerpt":"Versi\u00f3n para TecOb del art\u00edculo que publiqu\u00e9 en la revista Historia de Iberia Vieja, edici\u00f3n de enero de 2019. Quiero agradecer a Jos\u00e9 Manuel Gil, coautor conmigo del libro Aviones bizarros, por haberme sugerido tratar este tema y haber servido de fuente primaria. (Las im\u00e1genes de este art\u00edculo han sido\u2026","rel":"","context":"En \u00abMade in Spain\u00bb","block_context":{"text":"Made in Spain","link":"https:\/\/alpoma.net\/tecob\/?cat=10"},"img":{"alt_text":"","src":"https:\/\/i0.wp.com\/alpoma.net\/tecob\/wp-content\/uploads\/2019\/02\/Pilar-San-Miguel-Mart%C3%ADnez-Campos.png?resize=350%2C200&ssl=1","width":350,"height":200,"srcset":"https:\/\/i0.wp.com\/alpoma.net\/tecob\/wp-content\/uploads\/2019\/02\/Pilar-San-Miguel-Mart%C3%ADnez-Campos.png?resize=350%2C200&ssl=1 1x, https:\/\/i0.wp.com\/alpoma.net\/tecob\/wp-content\/uploads\/2019\/02\/Pilar-San-Miguel-Mart%C3%ADnez-Campos.png?resize=525%2C300&ssl=1 1.5x, https:\/\/i0.wp.com\/alpoma.net\/tecob\/wp-content\/uploads\/2019\/02\/Pilar-San-Miguel-Mart%C3%ADnez-Campos.png?resize=700%2C400&ssl=1 2x"},"classes":[]}],"jetpack_sharing_enabled":true,"_links":{"self":[{"href":"https:\/\/alpoma.net\/tecob\/index.php?rest_route=\/wp\/v2\/posts\/5195","targetHints":{"allow":["GET"]}}],"collection":[{"href":"https:\/\/alpoma.net\/tecob\/index.php?rest_route=\/wp\/v2\/posts"}],"about":[{"href":"https:\/\/alpoma.net\/tecob\/index.php?rest_route=\/wp\/v2\/types\/post"}],"author":[{"embeddable":true,"href":"https:\/\/alpoma.net\/tecob\/index.php?rest_route=\/wp\/v2\/users\/1"}],"replies":[{"embeddable":true,"href":"https:\/\/alpoma.net\/tecob\/index.php?rest_route=%2Fwp%2Fv2%2Fcomments&post=5195"}],"version-history":[{"count":0,"href":"https:\/\/alpoma.net\/tecob\/index.php?rest_route=\/wp\/v2\/posts\/5195\/revisions"}],"wp:featuredmedia":[{"embeddable":true,"href":"https:\/\/alpoma.net\/tecob\/index.php?rest_route=\/wp\/v2\/media\/10607"}],"wp:attachment":[{"href":"https:\/\/alpoma.net\/tecob\/index.php?rest_route=%2Fwp%2Fv2%2Fmedia&parent=5195"}],"wp:term":[{"taxonomy":"category","embeddable":true,"href":"https:\/\/alpoma.net\/tecob\/index.php?rest_route=%2Fwp%2Fv2%2Fcategories&post=5195"},{"taxonomy":"post_tag","embeddable":true,"href":"https:\/\/alpoma.net\/tecob\/index.php?rest_route=%2Fwp%2Fv2%2Ftags&post=5195"}],"curies":[{"name":"wp","href":"https:\/\/api.w.org\/{rel}","templated":true}]}}