{"id":517,"date":"2006-06-28T17:10:22","date_gmt":"2006-06-28T15:10:22","guid":{"rendered":"http:\/\/www.alpoma.net\/tecob\/?p=517"},"modified":"2006-06-30T21:41:33","modified_gmt":"2006-06-30T19:41:33","slug":"la-escala-de-turin","status":"publish","type":"post","link":"https:\/\/alpoma.net\/tecob\/?p=517","title":{"rendered":"La escala de Tur\u00edn"},"content":{"rendered":"<p>Los humanos tiene especial querencia, o man\u00eda, por las <strong>listas y las clasificaciones<\/strong>. Es tal su inter\u00e9s en ordenar todo aquello que les rodea que incluso crean <strong>meticulosas escalas para valorar cat\u00e1strofes<\/strong>. Los medios de comunicaci\u00f3n han logrado, a fuerza de repetirlo, que la gente est\u00e9 m\u00e1s o menos familiarizada con escalas para la clasificaci\u00f3n de la intensidad de terremotos, como las escalas de <strong><a href=\"http:\/\/es.wikipedia.org\/wiki\/Escala_de_Mercalli\">Mercalli<\/a><\/strong> o <strong><a href=\"http:\/\/www.ssn.unam.mx\/SSN\/Doc\/Richter\/richter.htm\">Richter<\/a><\/strong>. Menos conocidas son otras clasificaciones de intensidad para fen\u00f3menos como el viento, con la <strong><a href=\"http:\/\/www.titulosnauticos.net\/meteorologia\/index.htm?beaufort.htm\">escala de Beaufort<\/a><\/strong>, o el<strong> impacto de objetos extraterrestres<\/strong>. Esta \u00faltima es fascinante. Nuestro conocimiento de la din\u00e1mica del Sistema Solar nos confirma que, tal y como ya ha sucedido en el pasado cientos de veces, nuestro planeta seguir\u00e1 siendo impactado por objetos extraterrestres, como asteroides o cometas, de muchos tipos y tama\u00f1os. <\/p>\n<p>La <strong><a href=\"http:\/\/es.wikipedia.org\/wiki\/Escala_de_Tur%C3%ADn\">escala de Tur\u00edn<\/a><\/strong> -o Torino- fue ideada por el cient\u00edfico del MIT <strong>Richard P. Binzel<\/strong> a mediados de los a\u00f1os noventa para clasificar todos aquellos objetos cartografiados en el espacio cercano a la Tierra <strong><a href=\"http:\/\/neo.jpl.nasa.gov\/\">(NEO)<\/a><\/strong> seg\u00fan un \u00edndice de peligrosidad de impacto con nuestro planeta. Con el tiempo ha sido modificada y mejorada, tomando su nombre actual en el a\u00f1o 99, durante una conferencia internacional celebrada en Tur\u00edn. Esta escala guarda <strong><a href=\"http:\/\/en.wikipedia.org\/wiki\/Defense_Condition\">cierto parecido<\/a><\/strong> con otras utilizadas en ambientes militares para medir el riesgo de confrontaci\u00f3n, se divide en campos de color, desde la ausencia de peligro, en blanco, hasta el rojo, que implica colisi\u00f3n segura. Pueden econtrarse muchas fuentes en las que consultarse la escala, a continuaci\u00f3n he desarrollado una <strong>versi\u00f3n muy simplificada de la misma<\/strong>, puede accederse a la escala completa a trav\u00e9s de los diversos recursos que aparecen al final de este art\u00edculo.<\/p>\n<p><img decoding=\"async\" src=\"http:\/\/static.flickr.com\/75\/177060314_93c54431e9_o.jpg\" alt=\"escala\" \/><\/p>\n<p><strong>M\u00e1s informaci\u00f3n<\/strong>:<\/p>\n<p><strong><a href=\"http:\/\/es.wikipedia.org\/wiki\/Escala_de_Tur%C3%ADn\" class=\"enlaces\">La escala de Tur\u00edn en la Wikipedia<\/a><br \/>\n<a href=\"http:\/\/neo.jpl.nasa.gov\/risk\/\" class=\"enlaces\">NASA Near Earth Object Program: Impact Risk<\/a><br \/>\n<a href=\"http:\/\/neo.jpl.nasa.gov\/images\/torino_scale.jpg\" class=\"enlaces\">The Torino Scale<\/a> (Jpeg)<\/strong><\/p>\n","protected":false},"excerpt":{"rendered":"<div class=\"mh-excerpt\"><p>Los humanos tiene especial querencia, o man\u00eda, por las listas y las clasificaciones. Es tal su inter\u00e9s en ordenar todo aquello que les rodea que incluso crean meticulosas escalas para <a class=\"mh-excerpt-more\" href=\"https:\/\/alpoma.net\/tecob\/?p=517\" title=\"La escala de Tur\u00edn\">[&#8230;]<\/a><\/p>\n<\/div>","protected":false},"author":1,"featured_media":10636,"comment_status":"open","ping_status":"open","sticky":false,"template":"","format":"standard","meta":{"jetpack_post_was_ever_published":false,"_jetpack_newsletter_access":"","_jetpack_dont_email_post_to_subs":false,"_jetpack_newsletter_tier_id":0,"_jetpack_memberships_contains_paywalled_content":false,"_jetpack_memberships_contains_paid_content":false,"footnotes":""},"categories":[5],"tags":[],"class_list":["post-517","post","type-post","status-publish","format-standard","has-post-thumbnail","hentry","category-geo"],"jetpack_featured_media_url":"https:\/\/alpoma.net\/tecob\/wp-content\/uploads\/2006\/06\/177060314_93c54431e9_o.jpg","jetpack_shortlink":"https:\/\/wp.me\/p93Dc1-8l","jetpack-related-posts":[{"id":4557,"url":"https:\/\/alpoma.net\/tecob\/?p=4557","url_meta":{"origin":517,"position":0},"title":"De bibliotecas y escalas s\u00edsmicas","author":"alpoma","date":"13 abril 2011","format":false,"excerpt":"El libro Fallen Books apareci\u00f3 en 2008 como una propuesta art\u00edstica singular de la mano de Melissa Dubbin y Aaron S. Davidson. La idea es, hasta donde he podido averiguar, completamente original y \u00fanica. Consiste en crear una nueva escala para cuantificar da\u00f1os producidos por terremotos al modo del sistema\u2026","rel":"","context":"En \u00abObsolescencia\u00bb","block_context":{"text":"Obsolescencia","link":"https:\/\/alpoma.net\/tecob\/?cat=3"},"img":{"alt_text":"fallen_books","src":"https:\/\/i0.wp.com\/farm6.static.flickr.com\/5304\/5614030980_8c486356f4_m.jpg?resize=350%2C200","width":350,"height":200},"classes":[]},{"id":664,"url":"https:\/\/alpoma.net\/tecob\/?p=664","url_meta":{"origin":517,"position":1},"title":"Pedazos de tiempo","author":"alpoma","date":"18 enero 2007","format":false,"excerpt":"El sentido com\u00fan, o mejor, nuestro cerebro creando una ilusi\u00f3n, nos indica que el tiempo transcurre sin ninguna duda desde el imborrable pasado hacia el futuro, a trav\u00e9s del presente. Eso es lo que sentimos, vemos y tenemos por cierto, pero \u00bfqu\u00e9 es el tiempo? Acertadamente San Agust\u00edn de Hipona\u2026","rel":"","context":"En \u00abGeneral\u00bb","block_context":{"text":"General","link":"https:\/\/alpoma.net\/tecob\/?cat=1"},"img":{"alt_text":"","src":"","width":0,"height":0},"classes":[]},{"id":1102,"url":"https:\/\/alpoma.net\/tecob\/?p=1102","url_meta":{"origin":517,"position":2},"title":"El camino equivocado de Corrigan","author":"alpoma","date":"29 marzo 2009","format":false,"excerpt":"\u00bfPuede un aviador convertirse en h\u00e9roe por accidente? Tal cosa se pregunt\u00f3 Douglas Corrigan despu\u00e9s de lograr su haza\u00f1a pero, aunque \u00e9l afirmaba que todo se trat\u00f3 de un error, no hay duda de que la equivocaci\u00f3n estuvo muy bien preparada. Esta historia tiene de todo, un aventurero audaz, una\u2026","rel":"","context":"En \u00abObsolescencia\u00bb","block_context":{"text":"Obsolescencia","link":"https:\/\/alpoma.net\/tecob\/?cat=3"},"img":{"alt_text":"","src":"https:\/\/i0.wp.com\/alpoma.net\/tecob\/wp-content\/uploads\/2009\/03\/3395583544_ee78d20cd1_o.jpg?resize=350%2C200&ssl=1","width":350,"height":200,"srcset":"https:\/\/i0.wp.com\/alpoma.net\/tecob\/wp-content\/uploads\/2009\/03\/3395583544_ee78d20cd1_o.jpg?resize=350%2C200&ssl=1 1x, https:\/\/i0.wp.com\/alpoma.net\/tecob\/wp-content\/uploads\/2009\/03\/3395583544_ee78d20cd1_o.jpg?resize=525%2C300&ssl=1 1.5x"},"classes":[]},{"id":592,"url":"https:\/\/alpoma.net\/tecob\/?p=592","url_meta":{"origin":517,"position":3},"title":"Sembradores de nubes","author":"alpoma","date":"14 septiembre 2006","format":false,"excerpt":"Eso de que el tiempo cambie de un d\u00eda para otro, sobre todo si del calor se pasa al fr\u00edo, no suele sentar nada bien. Como se dice en el refranero, nunca llueve a gusto de todos y, por eso, a lo largo de la historia se han dado mil\u2026","rel":"","context":"En \u00abClima\u00bb","block_context":{"text":"Clima","link":"https:\/\/alpoma.net\/tecob\/?cat=8"},"img":{"alt_text":"","src":"","width":0,"height":0},"classes":[]},{"id":12559,"url":"https:\/\/alpoma.net\/tecob\/?p=12559","url_meta":{"origin":517,"position":4},"title":"Fernando Gallego Herrera, el asombroso genio olvidado","author":"alpoma","date":"28 febrero 2017","format":false,"excerpt":"Versi\u00f3n para TecOb del art\u00edculo que publiqu\u00e9 en la revista Historia de Iberia Vieja, edici\u00f3n de febrero de 2017. Seg\u00fan noticias comunicadas de Villoria, en las pruebas realizadas durante los meses del pasado verano, el ingeniero Sr. Gallego Herrera, en un segundo modelo del aparato de su invenci\u00f3n, y una\u2026","rel":"","context":"En \u00abMade in Spain\u00bb","block_context":{"text":"Made in Spain","link":"https:\/\/alpoma.net\/tecob\/?cat=10"},"img":{"alt_text":"","src":"https:\/\/i0.wp.com\/alpoma.net\/tecob\/wp-content\/uploads\/2017\/02\/Fernando_Gallego.png?resize=350%2C200&ssl=1","width":350,"height":200,"srcset":"https:\/\/i0.wp.com\/alpoma.net\/tecob\/wp-content\/uploads\/2017\/02\/Fernando_Gallego.png?resize=350%2C200&ssl=1 1x, https:\/\/i0.wp.com\/alpoma.net\/tecob\/wp-content\/uploads\/2017\/02\/Fernando_Gallego.png?resize=525%2C300&ssl=1 1.5x"},"classes":[]},{"id":901,"url":"https:\/\/alpoma.net\/tecob\/?p=901","url_meta":{"origin":517,"position":5},"title":"El calendario Holoceno","author":"alpoma","date":"29 mayo 2008","format":false,"excerpt":"Tan acostumbrados estamos a emplear el calendario gregoriano, el m\u00e1s utilizado actualmente en gran parte del planeta, que ya ni nos planteamos lo curioso de \"contar al rev\u00e9s\" antes del a\u00f1o uno, fecha te\u00f3rica del nacimiento de Cristo. Esta especie de eje num\u00e9rico con doble sentido que hace referirnos a\u2026","rel":"","context":"En \u00abGeo\u00bb","block_context":{"text":"Geo","link":"https:\/\/alpoma.net\/tecob\/?cat=5"},"img":{"alt_text":"","src":"https:\/\/i0.wp.com\/alpoma.net\/tecob\/wp-content\/uploads\/2008\/05\/2532554850_1b6b7d2fd3_o.jpg?resize=350%2C200&ssl=1","width":350,"height":200,"srcset":"https:\/\/i0.wp.com\/alpoma.net\/tecob\/wp-content\/uploads\/2008\/05\/2532554850_1b6b7d2fd3_o.jpg?resize=350%2C200&ssl=1 1x, https:\/\/i0.wp.com\/alpoma.net\/tecob\/wp-content\/uploads\/2008\/05\/2532554850_1b6b7d2fd3_o.jpg?resize=525%2C300&ssl=1 1.5x"},"classes":[]}],"jetpack_sharing_enabled":true,"_links":{"self":[{"href":"https:\/\/alpoma.net\/tecob\/index.php?rest_route=\/wp\/v2\/posts\/517","targetHints":{"allow":["GET"]}}],"collection":[{"href":"https:\/\/alpoma.net\/tecob\/index.php?rest_route=\/wp\/v2\/posts"}],"about":[{"href":"https:\/\/alpoma.net\/tecob\/index.php?rest_route=\/wp\/v2\/types\/post"}],"author":[{"embeddable":true,"href":"https:\/\/alpoma.net\/tecob\/index.php?rest_route=\/wp\/v2\/users\/1"}],"replies":[{"embeddable":true,"href":"https:\/\/alpoma.net\/tecob\/index.php?rest_route=%2Fwp%2Fv2%2Fcomments&post=517"}],"version-history":[{"count":0,"href":"https:\/\/alpoma.net\/tecob\/index.php?rest_route=\/wp\/v2\/posts\/517\/revisions"}],"wp:featuredmedia":[{"embeddable":true,"href":"https:\/\/alpoma.net\/tecob\/index.php?rest_route=\/wp\/v2\/media\/10636"}],"wp:attachment":[{"href":"https:\/\/alpoma.net\/tecob\/index.php?rest_route=%2Fwp%2Fv2%2Fmedia&parent=517"}],"wp:term":[{"taxonomy":"category","embeddable":true,"href":"https:\/\/alpoma.net\/tecob\/index.php?rest_route=%2Fwp%2Fv2%2Fcategories&post=517"},{"taxonomy":"post_tag","embeddable":true,"href":"https:\/\/alpoma.net\/tecob\/index.php?rest_route=%2Fwp%2Fv2%2Ftags&post=517"}],"curies":[{"name":"wp","href":"https:\/\/api.w.org\/{rel}","templated":true}]}}