{"id":513,"date":"2006-06-26T16:37:22","date_gmt":"2006-06-26T14:37:22","guid":{"rendered":"http:\/\/www.alpoma.net\/tecob\/?p=513"},"modified":"2006-06-26T16:38:38","modified_gmt":"2006-06-26T14:38:38","slug":"intrusiones-saharianas","status":"publish","type":"post","link":"https:\/\/alpoma.net\/tecob\/?p=513","title":{"rendered":"Intrusiones saharianas"},"content":{"rendered":"<p><img decoding=\"async\" src=\"http:\/\/static.flickr.com\/55\/175442605_08e14b0af9_m.jpg\" alt=\"arenas\" class=\"dch\"\/>A pesar del t\u00edtulo, las intrusiones a las que me referir\u00e9 no son humanas. La gente est\u00e1 acostumbrada a asociar, al escuchar la palabra<strong> aerosol<\/strong>, a los cl\u00e1sicos botes tipo spray de mil y una clases que nos podemos encontrar en cualquier supermercado, pero en esa palabra hay encerrado mucho m\u00e1s. No tratar\u00e9 aqu\u00ed de los populares pulverizadores sino del <strong>aire que respiramos<\/strong>. A pesar de las apariencias, incluso cuando nos hallamos lejos de las ciudades y, aparentemente, hemos dejado tras nosotros las nubes contaminantes, el aire sigue sin ser \u00abpuro\u00bb. Lo que respiramos, sea donde sea, <strong>se parece m\u00e1s a una \u00absopa\u00bb que a un gas sencillo<\/strong>. Esa \u00absopa\u00bb est\u00e1 compuesta por una mezcla de gases y toda una fascinante colecci\u00f3n de <strong>part\u00edculas s\u00f3lidas y l\u00edquidas<\/strong> en ella suspendidas, <strong>formando un aerosol<\/strong>. Este conjunto de gases y part\u00edculas puede ser muy <strong>heterog\u00e9neo<\/strong> puesto que las part\u00edculas suspendidas abarcan composiciones y tama\u00f1os muy diversos, desde las originadas en arenas hasta otras de origen biol\u00f3gico, con tama\u00f1os que pueden ir desde las mol\u00e9culas aisladas a los agregados que casi no pueden mantenerse en suspensi\u00f3n.<\/p>\n<p>Las fuentes que generan aerosoles son, por tanto, muy diversas. Las <strong>aguas del mar<\/strong> sufren pulverizaci\u00f3n superficial, creando una interesante mixtura de aire y agua superficial en suspensi\u00f3n, la <strong>actividad biol\u00f3gica <\/strong>de la vegetaci\u00f3n, los <strong>vientos que arrastran part\u00edculas en los desiertos<\/strong>, la originada por <strong>emisiones antr\u00f3picas<\/strong>, esto es, industriales, de veh\u00edculos, incendios&#8230; En conjunto, los aerosoles, independientemente de su origen, son muy importantes porque <strong>afectan tanto al clima como a la salud<\/strong>. La presencia de aerosoles en la atm\u00f3sfera, su cantidad y capacidad para reflejar la luz y otras de sus propiedades, son importantes ya que son capaces de modificar la cantidad de radiaci\u00f3n solar que es reflejada o absorbida por nuestro planeta, formando parte del complejo proceso de<strong> efecto invernadero<\/strong>. No creo que venga al caso aqu\u00ed explicar tal efecto, creo que es demasiado conocido. Lo de \u00abdemasiado\u00bb lo digo porque mucha gente al oir \u00abefecto invernadero\u00bb piensa en algo malo, nefasto, casi apocal\u00edptico. Nada m\u00e1s lejos de la realidad, sin ese fen\u00f3meno f\u00edsico presente en nuestra atm\u00f3sfera, <strong>la vida no ser\u00eda posible en la Tierra<\/strong>. La capacidad que tienen los gases de invernadero y los aerosoles de mantener en la atm\u00f3sfera de nuestro planeta parte de la radiaci\u00f3n solar que recibimos, sin que se pierda en el espacio, es la que hizo que nuestro mundo se calentara hasta el punto de permitir la vida. Un planeta como el nuestro, a la misma distancia del Sol, pero sin una atm\u00f3sfera capaz de retener esa porci\u00f3n de radiaci\u00f3n solar, ser\u00eda tan fr\u00edo que, probablemente, ser\u00eda un verdadero desierto. No hay m\u00e1s que contemplar <strong>Marte<\/strong> que, estando un \u00abpoco\u00bb m\u00e1s lejos del Sol que nosotros, al no poseer una atm\u00f3sfera lo suficientemente sustancial y con presencia suficiente de gases de invernadero, es un aut\u00e9ntico \u00abcongelador\u00bb. En cambio, nuestro vecino <strong>Venus<\/strong>, casi gemelo en tama\u00f1o con la Tierra, es un infierno insoportable para la vida, un lugar en el que, adem\u00e1s de estar un \u00abpoco\u00bb m\u00e1s cerca del Sol que nosotros, la densa atm\u00f3sfera y la presencia de masivas cantidades de gases de invernadero hacen que la radiaci\u00f3n solar penetre en su atm\u00f3sfera y quede atrapada en ella en grandes cantidades. Por todo esto, el verdadero problema no es el efecto invernadero en s\u00ed, puesto que es vital, sino su <strong>intensidad<\/strong>.<\/p>\n<p>Se conoce con bastante precisi\u00f3n c\u00f3mo afectan a la variaci\u00f3n del <strong>balance de radiaci\u00f3n solar<\/strong> que la Tierra absorbe o refleja los gases de invernadero, sin embargo, es menos lo que se sabe acerca de c\u00f3mo nos afectan los aerosoles, tanto en ese balance como en los aspectos biol\u00f3gicos. En Espa\u00f1a y en toda Europa, el fen\u00f3meno asociado a los aerosoles m\u00e1s conocido y que m\u00e1s nos afecta, adem\u00e1s de las nubes de smog,  es el de la <strong>calima de origen africano<\/strong>. Se conoce con tal nombre a la bruma que se produce por la <strong>intrusi\u00f3n en nuestro espacio geogr\u00e1fico de masas de aire procedentes de \u00c1frica y cargadas de aerosoles<\/strong>. Se trata de un fen\u00f3meno meteorol\u00f3gico de gran importancia porque, a diferencia de otros episodios similares de origen marino o incluso antr\u00f3pico, suelen ser muy persistentes y provocar <strong>problemas de salud<\/strong> que pueden considerarse, en algunos casos, como graves. Las tormentas de arena en el S\u00e1hara provocan que se eleven a la atm\u00f3sfera grandes cantidades de polvo y arena que, suspendidos, logran viajar grandes distancias mucho m\u00e1s all\u00e1 del desierto, <strong>logrando alcanzar Europa o Am\u00e9rica<\/strong>. Lo malo de estas intrusiones de aire africano no est\u00e1 en la arena suspendida en s\u00ed, el problema se localiza en que suelen contener una gran cantidad de <strong>part\u00edculas de origen biol\u00f3gico<\/strong> -esporas, bacterias, virus, p\u00f3lenes- que, cuando logran concentrarse y alcanzar \u00e1reas pobladas, pueden provocar la aparici\u00f3n de alergias y crisis asm\u00e1ticas en muchas personas, sobre todo aquellas que ya sufr\u00edan problemas respiratorios o de inmunodepresi\u00f3n. Muchas veces se refieren casos de \u00abgripes\u00bb persistentes o alergias sin causa aparente que pueden haber sido provocadas por el contacto con part\u00edculas de origen biol\u00f3gico presentes en estas calimas. <\/p>\n<p>M\u00e1s informaci\u00f3n:<\/p>\n<p><strong>&#8211;> <a href=\"http:\/\/rapidfire.sci.gsfc.nasa.gov\/gallery\/?search=dust\">Recopilaci\u00f3n de im\u00e1genes de sat\u00e9lite<\/a> tomadas por el sensor MODIS sobre calimas.<br \/>\n&#8211;> <a href=\"http:\/\/www.springerlink.com\/(ukjqeqanayky3qe01d43kxzb)\/app\/home\/contribution.asp?referrer=parent&#038;backto=issue,14,17;journal,8,12;linkingpublicationresults,1:110812,1\">Dust Storms and Their Impact on Ocean and Human Health: Dust in Earthrsquos Atmosphere<\/a>. DWJ Griffin, CAJ Kellogg &#8211; EcoHealth, 2004. &#8211; <a href=\"http:\/\/www.cprm.gov.br\/pgagem\/puerto\/MedGeo.Griffin.pdf\">Ver PDF<\/a>.<br \/>\n&#8211;> <a href=\"http:\/\/www.calima.ws\/\">Sistema de vigilancia CALIMA<\/a>, de la Direcci\u00f3n General de Calidad y Evaluaci\u00f3n Ambiental del Ministerio de Medio Ambiente de Espa\u00f1a.<br \/>\n&#8211;> He recopilado diversas bases de datos sobre los aerosoles atmosf\u00e9ricos en <a href=\"http:\/\/alpoma.net\/carto\/?p=212\">La Cartoteca<\/a>.<\/strong><\/p>\n<p><img decoding=\"async\" src=\"http:\/\/static.flickr.com\/56\/175445946_81225dbcd6_o.jpg\" alt=\"nube2\" class=\"otros\"\/><\/p>\n<p><img decoding=\"async\" src=\"http:\/\/static.flickr.com\/53\/175442603_e4bcef230e_o.jpg\" alt=\"nube3\" class=\"otros\"\/><\/p>\n<p><strong><a href=\"http:\/\/rapidfire.sci.gsfc.nasa.gov\/gallery\/?2004034-0203\/Canary.A2004034.1140.1km.jpg\">Imagen 1<\/a><\/strong>: Polvo sahariano sobre las Canarias.<br \/>\n<strong><a href=\"http:\/\/rapidfire.sci.gsfc.nasa.gov\/gallery\/?2003197-0716\/Italy.A2003197.1235.2km.jpg\">Imagen 2<\/a><\/strong>: Calima sahariana sobre el Mediterr\u00e1neo.<br \/>\n<strong><a href=\"http:\/\/rapidfire.sci.gsfc.nasa.gov\/gallery\/?2003174-0623\/NorthAfrica.A2003174.1055.1km.jpg\">Imagen 3<\/a><\/strong>: Arena en suspensi\u00f3n procedente de Marruecos y Argelia cruza el Mediterr\u00e1neo.<\/p>\n","protected":false},"excerpt":{"rendered":"<div class=\"mh-excerpt\"><p>A pesar del t\u00edtulo, las intrusiones a las que me referir\u00e9 no son humanas. La gente est\u00e1 acostumbrada a asociar, al escuchar la palabra aerosol, a los cl\u00e1sicos botes tipo <a class=\"mh-excerpt-more\" href=\"https:\/\/alpoma.net\/tecob\/?p=513\" title=\"Intrusiones saharianas\">[&#8230;]<\/a><\/p>\n<\/div>","protected":false},"author":1,"featured_media":10825,"comment_status":"open","ping_status":"open","sticky":false,"template":"","format":"standard","meta":{"jetpack_post_was_ever_published":false,"_jetpack_newsletter_access":"","_jetpack_dont_email_post_to_subs":false,"_jetpack_newsletter_tier_id":0,"_jetpack_memberships_contains_paywalled_content":false,"_jetpack_memberships_contains_paid_content":false,"footnotes":""},"categories":[5],"tags":[],"class_list":["post-513","post","type-post","status-publish","format-standard","has-post-thumbnail","hentry","category-geo"],"jetpack_featured_media_url":"https:\/\/alpoma.net\/tecob\/wp-content\/uploads\/2006\/06\/175442605_08e14b0af9_m.jpg","jetpack_shortlink":"https:\/\/wp.me\/p93Dc1-8h","jetpack-related-posts":[{"id":10153,"url":"https:\/\/alpoma.net\/tecob\/?p=10153","url_meta":{"origin":513,"position":0},"title":"El coche de aire l\u00edquido de Tripler","author":"alpoma","date":"7 octubre 2014","format":false,"excerpt":"El viernes pasado, aprovechando una visita para una investigaci\u00f3n en el Archivo Hist\u00f3rico de la Oficina Espa\u00f1ola de Patentes y Marcas en la calle Panam\u00e1 de Madrid1, me desvi\u00e9 un poco de mi objetivo para revisar una patente a la que ten\u00eda ganas de hincar el diente desde hac\u00eda tiempo2.\u2026","rel":"","context":"En \u00abObsolescencia\u00bb","block_context":{"text":"Obsolescencia","link":"https:\/\/alpoma.net\/tecob\/?cat=3"},"img":{"alt_text":"","src":"https:\/\/i0.wp.com\/alpoma.net\/tecob\/wp-content\/uploads\/2014\/10\/energia_elc.jpg?resize=350%2C200&ssl=1","width":350,"height":200,"srcset":"https:\/\/i0.wp.com\/alpoma.net\/tecob\/wp-content\/uploads\/2014\/10\/energia_elc.jpg?resize=350%2C200&ssl=1 1x, https:\/\/i0.wp.com\/alpoma.net\/tecob\/wp-content\/uploads\/2014\/10\/energia_elc.jpg?resize=525%2C300&ssl=1 1.5x"},"classes":[]},{"id":11595,"url":"https:\/\/alpoma.net\/tecob\/?p=11595","url_meta":{"origin":513,"position":1},"title":"Un cami\u00f3n a gas\u00f3geno","author":"alpoma","date":"7 septiembre 2015","format":false,"excerpt":"Hace cinco a\u00f1os publiqu\u00e9 un art\u00edculo dedicado a la \u00e9poca en que proliferaron los veh\u00edculos a gas\u00f3geno, esto es, los a\u00f1os cuarenta y, en general, la parte m\u00e1s dura de la posguerra en Espa\u00f1a. En otros pa\u00edses, sobre todo en Europa, despu\u00e9s de la Segunda Guerra Mundial tambi\u00e9n se conoci\u00f3\u2026","rel":"","context":"En \u00abObsolescencia\u00bb","block_context":{"text":"Obsolescencia","link":"https:\/\/alpoma.net\/tecob\/?cat=3"},"img":{"alt_text":"","src":"https:\/\/i0.wp.com\/alpoma.net\/tecob\/wp-content\/uploads\/2015\/09\/ingenieria_construccion_alpoma_1.jpg?resize=350%2C200&ssl=1","width":350,"height":200},"classes":[]},{"id":8753,"url":"https:\/\/alpoma.net\/tecob\/?p=8753","url_meta":{"origin":513,"position":2},"title":"Westinghouse Atom Smasher, un acelerador de part\u00edculas abandonado","author":"alpoma","date":"5 enero 2014","format":false,"excerpt":"Me gustan los lugares abandonados, pero si adem\u00e1s se trata de un espacio relacionado con la historia de la tecnolog\u00eda... me quedo sin palabras. Lo del abandono y el estado decadente de ciertos lugares tiene su gracia, pero en este caso creo que es una pena que no se haya\u2026","rel":"","context":"En \u00abObsolescencia\u00bb","block_context":{"text":"Obsolescencia","link":"https:\/\/alpoma.net\/tecob\/?cat=3"},"img":{"alt_text":"","src":"https:\/\/i0.wp.com\/alpoma.net\/tecob\/wp-content\/uploads\/2014\/01\/acelerador_1.jpg?resize=350%2C200&ssl=1","width":350,"height":200,"srcset":"https:\/\/i0.wp.com\/alpoma.net\/tecob\/wp-content\/uploads\/2014\/01\/acelerador_1.jpg?resize=350%2C200&ssl=1 1x, https:\/\/i0.wp.com\/alpoma.net\/tecob\/wp-content\/uploads\/2014\/01\/acelerador_1.jpg?resize=525%2C300&ssl=1 1.5x"},"classes":[]},{"id":8432,"url":"https:\/\/alpoma.net\/tecob\/?p=8432","url_meta":{"origin":513,"position":3},"title":"Coraz\u00f3n nuclear","author":"alpoma","date":"25 agosto 2013","format":false,"excerpt":"Los marcapasos, que hoy d\u00eda han alcanzado un nivel de refinamiento asombroso, constituyen una de las tecnolog\u00edas m\u00e9dicas m\u00e1s sobresalientes. No descubro nada si comento que la funci\u00f3n de los marcapasos consiste en velar por que la actividad el\u00e9ctrica que controla el coraz\u00f3n sea lo m\u00e1s adecuada posible. Ahora bien,\u2026","rel":"","context":"En \u00abObsolescencia\u00bb","block_context":{"text":"Obsolescencia","link":"https:\/\/alpoma.net\/tecob\/?cat=3"},"img":{"alt_text":"","src":"https:\/\/i0.wp.com\/alpoma.net\/tecob\/wp-content\/uploads\/2013\/08\/coratomic.jpg?resize=350%2C200&ssl=1","width":350,"height":200,"srcset":"https:\/\/i0.wp.com\/alpoma.net\/tecob\/wp-content\/uploads\/2013\/08\/coratomic.jpg?resize=350%2C200&ssl=1 1x, https:\/\/i0.wp.com\/alpoma.net\/tecob\/wp-content\/uploads\/2013\/08\/coratomic.jpg?resize=525%2C300&ssl=1 1.5x"},"classes":[]},{"id":44,"url":"https:\/\/alpoma.net\/tecob\/?p=44","url_meta":{"origin":513,"position":4},"title":"\u00bfEnerg\u00eda a partir de tornados?","author":"alpoma","date":"4 octubre 2005","format":false,"excerpt":"Conocido es que, si se pudiera aprovechar m\u00ednimamente el potencial energ\u00e9tico presente en nuestra atm\u00f3sfera, se podr\u00eda obtener una cantidad nada desde\u00f1able de electricidad. Hasta ahora, salvo en las centrales el\u00f3licas o en las e\u00f3lico-solares, poco se ha hecho para aprovechar este potencial. Sin embargo, hay so\u00f1adores que imaginan un\u2026","rel":"","context":"En \u00abInnovaci\u00f3n\u00bb","block_context":{"text":"Innovaci\u00f3n","link":"https:\/\/alpoma.net\/tecob\/?cat=4"},"img":{"alt_text":"","src":"https:\/\/i0.wp.com\/alpoma.net\/tecob\/wp-content\/uploads\/2005\/10\/234.jpg?resize=350%2C200&ssl=1","width":350,"height":200},"classes":[]},{"id":12801,"url":"https:\/\/alpoma.net\/tecob\/?p=12801","url_meta":{"origin":513,"position":5},"title":"Los habitantes de la Luna (lectura de verano)","author":"alpoma","date":"11 agosto 2017","format":false,"excerpt":"George Clyde Fisher, quien fuera responsable del American Museum of Natural History y m\u00e1s tarde director del Planetario Hayden, public\u00f3 en 1943 un libro titulado The True Story of the Moon, en el que recog\u00eda en tono divulgativo el conocimiento de la \u00e9poca sobre nuestro sat\u00e9lite natural, adem\u00e1s de sus\u2026","rel":"","context":"En \u00abObsolescencia\u00bb","block_context":{"text":"Obsolescencia","link":"https:\/\/alpoma.net\/tecob\/?cat=3"},"img":{"alt_text":"","src":"https:\/\/i0.wp.com\/alpoma.net\/tecob\/wp-content\/uploads\/2017\/08\/luna.jpg?resize=350%2C200&ssl=1","width":350,"height":200,"srcset":"https:\/\/i0.wp.com\/alpoma.net\/tecob\/wp-content\/uploads\/2017\/08\/luna.jpg?resize=350%2C200&ssl=1 1x, https:\/\/i0.wp.com\/alpoma.net\/tecob\/wp-content\/uploads\/2017\/08\/luna.jpg?resize=525%2C300&ssl=1 1.5x"},"classes":[]}],"jetpack_sharing_enabled":true,"_links":{"self":[{"href":"https:\/\/alpoma.net\/tecob\/index.php?rest_route=\/wp\/v2\/posts\/513","targetHints":{"allow":["GET"]}}],"collection":[{"href":"https:\/\/alpoma.net\/tecob\/index.php?rest_route=\/wp\/v2\/posts"}],"about":[{"href":"https:\/\/alpoma.net\/tecob\/index.php?rest_route=\/wp\/v2\/types\/post"}],"author":[{"embeddable":true,"href":"https:\/\/alpoma.net\/tecob\/index.php?rest_route=\/wp\/v2\/users\/1"}],"replies":[{"embeddable":true,"href":"https:\/\/alpoma.net\/tecob\/index.php?rest_route=%2Fwp%2Fv2%2Fcomments&post=513"}],"version-history":[{"count":0,"href":"https:\/\/alpoma.net\/tecob\/index.php?rest_route=\/wp\/v2\/posts\/513\/revisions"}],"wp:featuredmedia":[{"embeddable":true,"href":"https:\/\/alpoma.net\/tecob\/index.php?rest_route=\/wp\/v2\/media\/10825"}],"wp:attachment":[{"href":"https:\/\/alpoma.net\/tecob\/index.php?rest_route=%2Fwp%2Fv2%2Fmedia&parent=513"}],"wp:term":[{"taxonomy":"category","embeddable":true,"href":"https:\/\/alpoma.net\/tecob\/index.php?rest_route=%2Fwp%2Fv2%2Fcategories&post=513"},{"taxonomy":"post_tag","embeddable":true,"href":"https:\/\/alpoma.net\/tecob\/index.php?rest_route=%2Fwp%2Fv2%2Ftags&post=513"}],"curies":[{"name":"wp","href":"https:\/\/api.w.org\/{rel}","templated":true}]}}