{"id":5050,"date":"2011-07-08T19:01:26","date_gmt":"2011-07-08T17:01:26","guid":{"rendered":"http:\/\/www.alpoma.net\/tecob\/?p=5050"},"modified":"2011-07-08T19:01:26","modified_gmt":"2011-07-08T17:01:26","slug":"un-vistazo-a-la-espana-del-siglo-xix","status":"publish","type":"post","link":"https:\/\/alpoma.net\/tecob\/?p=5050","title":{"rendered":"Un vistazo a la Espa\u00f1a del siglo XIX"},"content":{"rendered":"<p>Este tipo de fotograf\u00edas, que nos hacen viajar en el tiempo, son dignas de ser contempladas con calma porque nos descubren <strong>estampas reales de \u00e9pocas ya muy lejanas<\/strong>. Es m\u00e1s, conociendo los lugares retratados, resulta sorprendente el ejercio de comparar el estado actual de esas ciudades con el de hace m\u00e1s de un siglo. Todo esto viene a cuento de la <strong><a href=\"http:\/\/www.flickr.com\/photos\/bibliotecabne\/sets\/72157626802892801\/\">colecci\u00f3n de fotograf\u00edas que la Biblioteca Nacional ha publicado en su cuenta de Flickr<\/a><\/strong> recientemente y de la que he tenido conocimiento gracias a <strong><a href=\"http:\/\/www.bibliographos.net\/article.php?id_article=2522\">El bibli\u00f3mano<\/a><\/strong>. Seg\u00fan la presentacion de la Biblioteca Nacional: <\/p>\n<blockquote><p>Jean Laurent o Juan Laurent Minier (Garchizy, Nevers, 23 de julio de 1816 &#8211; Madrid, 24 de noviembre de 1886) se estableci\u00f3 en Madrid donde dirigi\u00f3 una tienda y a un considerable n\u00famero de fot\u00f3grafos que trabajaron por toda Espa\u00f1a y Portugal realizando fotograf\u00edas, convierti\u00e9ndose as\u00ed en unos de los fot\u00f3grafos comerciales m\u00e1s importantes del siglo XIX. Su trabajo cubre pr\u00e1cticamente todos los temas con mayor popularidad de su \u00e9poca: reproducci\u00f3n de obras de arte, reportajes de obras p\u00fablicas (fotograf\u00eda industrial), panor\u00e1micas de ciudades, paisajes, monumentos, retratos de personalidades, etc\u00e9tera.<\/p><\/blockquote>\n<p><object width=\"620\" height=\"465\"><param name=\"flashvars\" value=\"offsite=true&#038;lang=en-us&#038;page_show_url=%2Fphotos%2Fbibliotecabne%2Fsets%2F72157626802892801%2Fshow%2F&#038;page_show_back_url=%2Fphotos%2Fbibliotecabne%2Fsets%2F72157626802892801%2F&#038;set_id=72157626802892801&#038;jump_to=\"><\/param><param name=\"movie\" value=\"http:\/\/www.flickr.com\/apps\/slideshow\/show.swf?v=104087\"><\/param><param name=\"allowFullScreen\" value=\"true\"><\/param><\/object><\/p>\n","protected":false},"excerpt":{"rendered":"<div class=\"mh-excerpt\"><p>Este tipo de fotograf\u00edas, que nos hacen viajar en el tiempo, son dignas de ser contempladas con calma porque nos descubren estampas reales de \u00e9pocas ya muy lejanas. Es m\u00e1s, <a class=\"mh-excerpt-more\" href=\"https:\/\/alpoma.net\/tecob\/?p=5050\" title=\"Un vistazo a la Espa\u00f1a del siglo XIX\">[&#8230;]<\/a><\/p>\n<\/div>","protected":false},"author":1,"featured_media":0,"comment_status":"open","ping_status":"open","sticky":false,"template":"","format":"standard","meta":{"jetpack_post_was_ever_published":false,"_jetpack_newsletter_access":"","_jetpack_dont_email_post_to_subs":false,"_jetpack_newsletter_tier_id":0,"_jetpack_memberships_contains_paywalled_content":false,"_jetpack_memberships_contains_paid_content":false,"footnotes":""},"categories":[10],"tags":[],"class_list":["post-5050","post","type-post","status-publish","format-standard","hentry","category-made_in_spain"],"jetpack_featured_media_url":"","jetpack_shortlink":"https:\/\/wp.me\/p93Dc1-1js","jetpack-related-posts":[{"id":8772,"url":"https:\/\/alpoma.net\/tecob\/?p=8772","url_meta":{"origin":5050,"position":0},"title":"Tesla en la prensa espa\u00f1ola","author":"alpoma","date":"26 enero 2014","format":false,"excerpt":"A lo largo de esta semana que comienza enviar\u00e9 a Apple, por fin, la app sobre Nikola Tesla para iPad que he estado construyendo en las \u00faltimas semanas. Luego, a esperar que la gente de la manzana lo apruebe. La aplicaci\u00f3n es divulgativa, con audio y un sencillo sistema de\u2026","rel":"","context":"En \u00abMade in Spain\u00bb","block_context":{"text":"Made in Spain","link":"https:\/\/alpoma.net\/tecob\/?cat=10"},"img":{"alt_text":"","src":"https:\/\/i0.wp.com\/alpoma.net\/tecob\/wp-content\/uploads\/2014\/01\/1_tsl.jpg?resize=350%2C200&ssl=1","width":350,"height":200,"srcset":"https:\/\/i0.wp.com\/alpoma.net\/tecob\/wp-content\/uploads\/2014\/01\/1_tsl.jpg?resize=350%2C200&ssl=1 1x, https:\/\/i0.wp.com\/alpoma.net\/tecob\/wp-content\/uploads\/2014\/01\/1_tsl.jpg?resize=525%2C300&ssl=1 1.5x, https:\/\/i0.wp.com\/alpoma.net\/tecob\/wp-content\/uploads\/2014\/01\/1_tsl.jpg?resize=700%2C400&ssl=1 2x, https:\/\/i0.wp.com\/alpoma.net\/tecob\/wp-content\/uploads\/2014\/01\/1_tsl.jpg?resize=1050%2C600&ssl=1 3x"},"classes":[]},{"id":1382,"url":"https:\/\/alpoma.net\/tecob\/?p=1382","url_meta":{"origin":5050,"position":1},"title":"Una mirada a la Rusia de hace un siglo","author":"alpoma","date":"24 octubre 2009","format":false,"excerpt":"Hace ya bastante tiempo que se ha comentado por doquier el contenido de la exposici\u00f3n que la Biblioteca del Congreso de los Estados Unidos decidi\u00f3 dedicar a las fotograf\u00edas de Prokudin-Gorskii, pero hasta hoy no hab\u00eda podido visitar con calma la galer\u00eda que se ofrece en la red sobre ellas.\u2026","rel":"","context":"En \u00abGeneral\u00bb","block_context":{"text":"General","link":"https:\/\/alpoma.net\/tecob\/?cat=1"},"img":{"alt_text":"","src":"https:\/\/i0.wp.com\/alpoma.net\/tecob\/wp-content\/uploads\/2009\/10\/4040030426_8310950989_o.jpg?resize=350%2C200&ssl=1","width":350,"height":200},"classes":[]},{"id":6698,"url":"https:\/\/alpoma.net\/tecob\/?p=6698","url_meta":{"origin":5050,"position":2},"title":"Moda femenina para el verano del 12","author":"alpoma","date":"29 mayo 2012","format":false,"excerpt":"Un siglo puede parecer mucho tiempo, sobre todo si se mide pensando en nuestra propia vida como escala de referencia, pero si se piensa bien, en la historia un siglo no es ni un suspiro. Por eso, siempre me llama la atenci\u00f3n c\u00f3mo han cambiado algunas cosas en apenas cien\u2026","rel":"","context":"En \u00abObsolescencia\u00bb","block_context":{"text":"Obsolescencia","link":"https:\/\/alpoma.net\/tecob\/?cat=3"},"img":{"alt_text":"","src":"https:\/\/i0.wp.com\/alpoma.net\/tecob\/wp-content\/uploads\/2012\/05\/7294498294_943c03d45a_o.jpg?resize=350%2C200&ssl=1","width":350,"height":200,"srcset":"https:\/\/i0.wp.com\/alpoma.net\/tecob\/wp-content\/uploads\/2012\/05\/7294498294_943c03d45a_o.jpg?resize=350%2C200&ssl=1 1x, https:\/\/i0.wp.com\/alpoma.net\/tecob\/wp-content\/uploads\/2012\/05\/7294498294_943c03d45a_o.jpg?resize=525%2C300&ssl=1 1.5x"},"classes":[]},{"id":8938,"url":"https:\/\/alpoma.net\/tecob\/?p=8938","url_meta":{"origin":5050,"position":3},"title":"Barcelona 1888: Las primeras fotograf\u00edas a\u00e9reas espa\u00f1olas y un duro para subir en globo","author":"alpoma","date":"31 marzo 2014","format":false,"excerpt":"La Exposici\u00f3n Universal de Barcelona que se celebr\u00f3 en el Parque de la Ciudadela entre el 8 de abril y el 9 de diciembre de 1888 fue todo un \u00e9xito. M\u00e1s de dos millones de visitantes se acercaron a contemplar las maravillas all\u00ed expuestas y, adem\u00e1s, fue la excusa perfecta\u2026","rel":"","context":"En \u00abMade in Spain\u00bb","block_context":{"text":"Made in Spain","link":"https:\/\/alpoma.net\/tecob\/?cat=10"},"img":{"alt_text":"","src":"https:\/\/i0.wp.com\/alpoma.net\/tecob\/wp-content\/uploads\/2014\/03\/globo_cautivo_barcelona.jpg?resize=350%2C200&ssl=1","width":350,"height":200},"classes":[]},{"id":929,"url":"https:\/\/alpoma.net\/tecob\/?p=929","url_meta":{"origin":5050,"position":4},"title":"Einstein en Espa\u00f1a","author":"alpoma","date":"10 julio 2008","format":false,"excerpt":"Versi\u00f3n web del art\u00edculo que publiqu\u00e9 en Historia de Iberia Vieja, edici\u00f3n de Abril 2008. Einstein, el sabio alem\u00e1n universalmente admirado, se halla entre nosotros. Reciba el insigne hombre de ciencia que nos honra con su visita nuestro m\u00e1s cordial y respetuoso homenaje, al que seguramente se asocia Espa\u00f1a entera.\u2026","rel":"","context":"En \u00abMade in Spain\u00bb","block_context":{"text":"Made in Spain","link":"https:\/\/alpoma.net\/tecob\/?cat=10"},"img":{"alt_text":"","src":"","width":0,"height":0},"classes":[]},{"id":8123,"url":"https:\/\/alpoma.net\/tecob\/?p=8123","url_meta":{"origin":5050,"position":5},"title":"El fotoelectr\u00f3grafo de Thomas, un \u00abesc\u00e1ner OCR\u00bb para ciegos en 1930","author":"alpoma","date":"18 abril 2013","format":false,"excerpt":"Por el nombre de tiflotecnolog\u00eda se conoce a las t\u00e9cnicas que permiten a los ciegos o a las personas con problemas severos de visi\u00f3n el acercamiento, por ejemplo, a ordenadores, por medio de m\u00e1quinas convenientemente adaptadas. No es algo nuevo porque ya a principios del siglo XX se comercializaban m\u00e1quinas\u2026","rel":"","context":"En \u00abObsolescencia\u00bb","block_context":{"text":"Obsolescencia","link":"https:\/\/alpoma.net\/tecob\/?cat=3"},"img":{"alt_text":"","src":"https:\/\/i0.wp.com\/alpoma.net\/tecob\/wp-content\/uploads\/2013\/04\/thomas_1.jpg?resize=350%2C200&ssl=1","width":350,"height":200,"srcset":"https:\/\/i0.wp.com\/alpoma.net\/tecob\/wp-content\/uploads\/2013\/04\/thomas_1.jpg?resize=350%2C200&ssl=1 1x, https:\/\/i0.wp.com\/alpoma.net\/tecob\/wp-content\/uploads\/2013\/04\/thomas_1.jpg?resize=525%2C300&ssl=1 1.5x"},"classes":[]}],"jetpack_sharing_enabled":true,"_links":{"self":[{"href":"https:\/\/alpoma.net\/tecob\/index.php?rest_route=\/wp\/v2\/posts\/5050","targetHints":{"allow":["GET"]}}],"collection":[{"href":"https:\/\/alpoma.net\/tecob\/index.php?rest_route=\/wp\/v2\/posts"}],"about":[{"href":"https:\/\/alpoma.net\/tecob\/index.php?rest_route=\/wp\/v2\/types\/post"}],"author":[{"embeddable":true,"href":"https:\/\/alpoma.net\/tecob\/index.php?rest_route=\/wp\/v2\/users\/1"}],"replies":[{"embeddable":true,"href":"https:\/\/alpoma.net\/tecob\/index.php?rest_route=%2Fwp%2Fv2%2Fcomments&post=5050"}],"version-history":[{"count":0,"href":"https:\/\/alpoma.net\/tecob\/index.php?rest_route=\/wp\/v2\/posts\/5050\/revisions"}],"wp:attachment":[{"href":"https:\/\/alpoma.net\/tecob\/index.php?rest_route=%2Fwp%2Fv2%2Fmedia&parent=5050"}],"wp:term":[{"taxonomy":"category","embeddable":true,"href":"https:\/\/alpoma.net\/tecob\/index.php?rest_route=%2Fwp%2Fv2%2Fcategories&post=5050"},{"taxonomy":"post_tag","embeddable":true,"href":"https:\/\/alpoma.net\/tecob\/index.php?rest_route=%2Fwp%2Fv2%2Ftags&post=5050"}],"curies":[{"name":"wp","href":"https:\/\/api.w.org\/{rel}","templated":true}]}}