{"id":5034,"date":"2011-07-03T13:02:59","date_gmt":"2011-07-03T11:02:59","guid":{"rendered":"http:\/\/www.alpoma.net\/tecob\/?p=5034"},"modified":"2011-07-03T20:21:18","modified_gmt":"2011-07-03T18:21:18","slug":"jorge-juan-antonio-de-ulloa-y-la-medicion-del-mundo-i","status":"publish","type":"post","link":"https:\/\/alpoma.net\/tecob\/?p=5034","title":{"rendered":"Jorge Juan, Antonio de Ulloa y la medici\u00f3n del mundo (I)"},"content":{"rendered":"<p class=\"otros3\">Este art\u00edculo corresponde a una <strong>versi\u00f3n abreviada<\/strong> del que publiqu\u00e9 en la revista <strong><em><a href=\"http:\/\/www.historiadeiberiavieja.com\/index.asp\">Historia de Iberia Vieja<\/a><\/em><\/strong>, en su edici\u00f3n n\u00famero 73 del mes de julio de 2011. <strong>AVISO<\/strong>: La <strong>segunda parte del art\u00edculo<\/strong> aparecer\u00e1 publicada en la misma revista en el mes de agosto.<\/p>\n<div id=\"spc\"> <\/div>\n<p><a href=\"http:\/\/www.flickr.com\/photos\/alpoma\/5896917926\/\" title=\"jorge_juan, on Flickr\"><img loading=\"lazy\" decoding=\"async\" src=\"http:\/\/farm7.static.flickr.com\/6027\/5896917926_9445f24d52.jpg\" width=\"232\" height=\"500\" alt=\"jorge_juan\" class=\"dch\"\/><\/a>Estos <strong>dos apasionantes personajes hist\u00f3ricos<\/strong> podr\u00edan ser ideales para dar forma a una novela de aventuras, una pel\u00edcula y hasta a toda una serie de televisi\u00f3n. No me cabe ninguna duda, de haber sido franceses o ingleses, hoy ser\u00edan recordados con fuerza a lo largo y ancho del mundo. No es tarde para recuperar sus figuras, para eso siempre puede haber tiempo y, aunque sea a trav\u00e9s de estas modestas letras, valga este art\u00edculo y el del pr\u00f3ximo mes a modo de acicate en ese empe\u00f1o. Pensando un poco, habr\u00e1 a quien la efigie de uno de estos dos navegantes y cient\u00edficos le llame la atenci\u00f3n. Bien, seguramente algo en su memoria habr\u00e1 de removerse, aunque seguramente s\u00f3lo en personas de cierta edad. En efecto, en <strong>los billetes de 10.000 pesetas aparec\u00eda retratado el insigne matem\u00e1tico, cient\u00edfico y marino Jorge Juan<\/strong>. Tal homenaje era plenamente merecido, sin lugar a dudas, como se ver\u00e1 a continuaci\u00f3n en este peque\u00f1o  recuerdo sobre su vida, sin olvidar a su compa\u00f1ero de pesquisas, el tambi\u00e9n genial Antonio de Ulloa.<\/p>\n<p><strong>Jorge Juan, el marino ilustrado<\/strong><\/p>\n<p>Conviene presentar brevemente a los dos compa\u00f1eros de aventuras para crear un escenario ideal por medio del cual comprender la importancia que en su \u00e9poca tuvieron. Jorge Juan naci\u00f3 en la alicantina Novelda el 5 de enero de 1713. Apenas pudo conocer a su padre y tempranamente pas\u00f3 a estudiar en un colegio de la Compa\u00f1\u00eda de Jes\u00fas y, m\u00e1s tarde, se traslad\u00f3 a Zaragoza para continuar con su formaci\u00f3n. Por influencia familiar siempre estuvo muy unido a la orden de los Caballeros de Malta, llegando a recibir el t\u00edtulo de Comendador de Aliaga en Arag\u00f3n.<\/p>\n<p>En 1729 ingresa en la Real Compa\u00f1\u00eda de Guardia Marinas y m\u00e1s tarde vive su tiempo en la academia militar donde decidir\u00e1 dedicar su vida a la Armada. <strong>Su lealtad a toda prueba, su ingenio y su saber matem\u00e1tico hicieron que fuera elegido para participar, junto con Antonio de Ulloa en la expedici\u00f3n francesa que pretend\u00eda medir la forma de la Tierra<\/strong>. Esa ser\u00e1 la aventura de su vida, por la que es recordado, pero ni mucho menos termin\u00f3 ah\u00ed su carrera. Public\u00f3 obras cient\u00edficas de primer orden sobre geograf\u00eda, matem\u00e1ticas y astronom\u00eda. Viaj\u00f3 a Londres para aprender, en secreto, las nov\u00edsimas t\u00e9cnicas de construcci\u00f3n naval all\u00ed empleadas, y ejecut\u00f3 su misi\u00f3n con tal eficacia que no mucho tiempo despu\u00e9s los propios brit\u00e1nicos se asombraron y pidieron consejo a Espa\u00f1a en la misma materia al ver c\u00f3mo Jorge Juan hab\u00eda revolucionado la construcci\u00f3n naval en nuestro pa\u00eds. Igualmente, entre muchos otros m\u00e9ritos, se encuentra el haber sido fundador del <strong>Observatorio Astron\u00f3mico de C\u00e1diz<\/strong>. Lleg\u00f3 a ser ministro de comercio y embajador en misi\u00f3n especial en Marruecos. Sin duda, una vida plena que finaliz\u00f3, a los sesenta a\u00f1os de edad, en 1773. <\/p>\n<p><strong>Antonio de Ulloa, el militar tranquilo<\/strong><\/p>\n<p>El compa\u00f1ero de Jorge Juan en la gran aventura cient\u00edfica americana para medir la forma de la Tierra fue un hombre que, seg\u00fan se percibe en lo narrado en sus diarios de viaje, debi\u00f3 ser alguien encantador, <strong>todo un caballero humilde y de car\u00e1cter tranquilo<\/strong>. Posiblemente ese temple hizo que fuera elegido para una misi\u00f3n tan importante. Por otra parte, al contrario que Jorge Juan, cuyos escritos son eminentemente t\u00e9cnicos, el bueno de Ulloa fue un escritor de m\u00e9rito que supo narrar hasta el m\u00e1s m\u00ednimo detalle de sus viajes con gran brillantez.<\/p>\n<p>Antonio de Ulloa naci\u00f3 en 1716 en Sevilla en el seno de una familia de vocaci\u00f3n comercial. Sin embargo, no fueron sus caminos por el arte del comercio sino por la vida marinera. Cuando apenas era un chaval, embarc\u00f3 en un gale\u00f3n hacia Am\u00e9rica y, no mucho despu\u00e9s, comenz\u00f3 su carrera en la Armada como Guardia Marina. \u00bfQu\u00e9 motiv\u00f3 que fuera elegido en 1735 para acompa\u00f1ar a Jorge Juan en la expedici\u00f3n cient\u00edfica francesa para medir el arco del meridiano en tierras ecuatoriales? Lo mismo que con su compa\u00f1ero, fueron sus conocimientos cient\u00edficos, as\u00ed como su perspicacia y su lealtad los ingredientes fundamentales que motivaron aquella elecci\u00f3n. <!--more--><\/p>\n<p>La misi\u00f3n en Am\u00e9rica dur\u00f3 a\u00f1os, pero a ese m\u00e9rito cient\u00edfico cabe a\u00f1adir una larga lista de \u00e9xitos, como el actuar como fundador del Museo de Ciencias Naturales de Madrid y del Observatorio Astron\u00f3mico de C\u00e1diz. Igualmente, fue miembro de importantes sociedades cient\u00edficas de toda Europa y, junto con muchos otros cargos, lleg\u00f3 a ser ef\u00edmero gobernador de la Luisiana. Y, he aqu\u00ed que tuvo ocasi\u00f3n de mandar una flota para intentar recuperar la Florida, lo que termin\u00f3 en fracaso. A partir de entonces pas\u00f3 a ocupar el cargo de director general de la Armada, pero no se le confi\u00f3 ninguna responsabilidad para el combate. <strong>Cuando falleci\u00f3, en 1795, sus mediocres \u00e9xitos militares apenas fueron recordados, porque su labor cient\u00edfica eclips\u00f3 por completo con su calidad el resto de aspectos de su vida<\/strong>. Naturalmente, hay algo muy especial por lo que se guarda memoria de Antonio de Ulloa, a saber, fue la primera persona en el mundo que describi\u00f3 un nuevo elemento qu\u00edmico que, con el tiempo, ha sido llamado platino.<\/p>\n<p><strong>Una expedici\u00f3n singular en un mundo revuelto<\/strong><\/p>\n<p>Perm\u00edtaseme la divagaci\u00f3n, pero habr\u00e1 que convenir en que hablar de mundo revuelto es una obviedad. \u00a1El mundo est\u00e1 cambiando continuamente! Todas las \u00e9pocas sufren cambios, pero claro, algunas se han convertido en sin\u00f3nimo de revoluci\u00f3n. La \u00e9poca en que vivieron nuestros protagonistas tambi\u00e9n fue cambiante, no se imaginaban lo que el siglo XIX vendr\u00eda a remover, pero todo naci\u00f3 en el XVIII. <strong>Fue el siglo en el que la ciencia comenz\u00f3 a salir de forma masiva de la oscuridad, cuando las expediciones cient\u00edficas fijaron la forma del mundo y sus l\u00edmites<\/strong>. Nada volvi\u00f3 a ser igual, ni en la m\u00fasica, ni en el arte ni en la pol\u00edtica. Luego lleg\u00f3 la Revoluci\u00f3n Americana y la Francesa, verdaderas convulsiones apenas imaginables poco tiempo antes, pero nada surge por generaci\u00f3n espont\u00e1nea. Las grandes expediciones cient\u00edficas del XVIII contribuyeron a dar forma a nuestro mundo actual, aunque apenas sean recordadas. <\/p>\n<p>Una de aquellas expediciones fue especialmente importante y surgi\u00f3, precisamente, por culpa de un problema que no \u201cdeb\u00eda\u201d estar ah\u00ed. En realidad, se trat\u00f3 de una expedici\u00f3n dividida en dos partes, tanto por equipo como por marco geogr\u00e1fico. Una se dirigi\u00f3 a Laponia, la otra al Ecuador. Puede parecer una tonter\u00eda, a fin de cuentas el objetivo de aquellas expediciones era simplemente <strong>comprobar la forma real del planeta Tierra<\/strong> pero, como puede imaginarse, no se despliegan grandes medios humanos y econ\u00f3micos si no hay mucho en juego. S\u00ed, la Tierra no es una esfera perfecta, sino un geoide, algo as\u00ed como una esfera achatada por los polos y con ciertas irregularidades que son vitales tanto en navegaci\u00f3n como en la confecci\u00f3n de mapas precisos y, hoy d\u00eda, para los sat\u00e9lites artificiales que rodean en enjambre nuestro mundo.<\/p>\n<p>Quiso la fortuna que, precisamente en el siglo XVIII, sobre todo en tiempos de Carlos III, se viviera en Espa\u00f1a un surgimiento del amor a las ciencias como nunca antes hab\u00eda visto. Por desgracia, aquello fue un espejismo que dur\u00f3 apenas unas d\u00e9cadas y, sin embargo, sus frutos no son desde\u00f1ables. Volvamos al gran problema de la medici\u00f3n de la forma de Tierra. Si el mundo fuera una esfera perfecta, con su campo gravitatorio distribuido de forma homog\u00e9nea, los marinos lo hubieran tenido mucho m\u00e1s sencillo. Sin embargo, algo no cuadraba, porque armados con instrumentos de geodesia y relojes de p\u00e9ndulo, las medidas anotadas no cuadraban con la teor\u00eda. <strong>Ya lo hab\u00edan sugerido Newton y Huygens, entre otros, que las simplificaciones matem\u00e1ticas no pod\u00edan valer en casos reales de navegaci\u00f3n y una esfera achatada por los polos pod\u00eda ser m\u00e1s importante de lo imaginable<\/strong>. Ahora bien, era necesario medir con precisi\u00f3n la forma de la Tierra para superar el problema. Al final result\u00f3 que Newton ten\u00eda toda la raz\u00f3n, y las idealizaciones de Cassini y Descartes, entre otros, tuvieron que ser dejadas a un lado.<\/p>\n<p>La conocida como <strong><em>Misi\u00f3n Geod\u00e9sica a la Real Audiencia de Quito<\/em><\/strong> fue la expedici\u00f3n que se encarg\u00f3 de medir, con la mayor exactitud posible para la \u00e9poca, un grado de longitud del ecuador terrestre. Se trat\u00f3 de una expedici\u00f3n cient\u00edfica internacional realmente singular que se desarroll\u00f3 en territorio del actual Ecuador, entonces parte del Imperio Espa\u00f1ol. El origen de la expedici\u00f3n parti\u00f3 del \u00e1nimo de la Academia Francesa, con financiaci\u00f3n del rey Luis XV. Adem\u00e1s del grupo que partir\u00eda hacia Am\u00e9rica, deb\u00eda existir otro que hiciera lo mismo hacia tierras \u00e1rticas. Los datos de ambos grupos permitir\u00edan comprobar de una vez la medida y forma reales del mundo.<\/p>\n<p>Veamos, hay capital franc\u00e9s, cient\u00edficos franceses y material franc\u00e9s, pero el territorio en el que realizar las medidas era espa\u00f1ol. No extra\u00f1ar\u00e1 que fuera una oportunidad \u00fanica para <strong>Felipe V<\/strong>, rey de Espa\u00f1a, que adem\u00e1s era primo de Luis XV. El rey de Espa\u00f1a permiti\u00f3 a los franceses la expedici\u00f3n a cambio de la participaci\u00f3n de dos cient\u00edficos espa\u00f1oles. \u00a1Y vaya dos sabios fueron los elegidos! No cabe pensar que se tratara de meras comparsas de los franceses, porque el tiempo demostr\u00f3 que su labor fue indispensable en el buen desarrollo de la expedici\u00f3n.<\/p>\n<p>As\u00ed, al gran ge\u00f3grafo <strong>Charles Marie de La Condamine<\/strong>, al astr\u00f3nomo<strong> Louis Godin<\/strong> y el matem\u00e1tico <strong>Pierre Bouguer<\/strong>, entre otros, se unieron a la expedici\u00f3n Jorge Juan y Antonio de Ulloa. \u00bfPor qu\u00e9 se eligi\u00f3 Ecuador precisamente como lugar desde el que realizar las mediciones? No fue capricho, se necesitaba un territorio por el que cruzase la l\u00ednea ecuatorial y que, a la vez, fuera un lugar no salvaje y seguro. No se encontr\u00f3 nada m\u00e1s adecuado que territorio espa\u00f1ol de ultramar. El propio Ulloa menciona en el pr\u00f3logo de su Relaci\u00f3n de la expedici\u00f3n cual fue el deseo del Rey de Espa\u00f1a: <em><\/p>\n<blockquote><p>&#8230;quiso a\u00f1adir las que fuesen peculiares a manifestar su Real inclinaci\u00f3n al honor de la Naci\u00f3n Espa\u00f1ola y su deseo de fomentar en ella las mismas materias cient\u00edficas, destinando dos vasallos, oficiales de su Armada e inteligentes en las Matem\u00e1ticas para que con la mayor gloria, reputaci\u00f3n y utilidad, concurriesen a las observaciones que se hab\u00edan de practicar, y el fruto de esta obra pudiere esperarse directamente sin mendigarlo de ajena mano.<\/p><\/blockquote>\n<p><\/em><\/p>\n<p>Este peque\u00f1o texto puede inducir a pensar al lector algo con gran acierto: la expedici\u00f3n cient\u00edfica francesa a la que se iban a unir los espa\u00f1oles era demasiado importante como para actuar como simples acompa\u00f1antes o ayudantes. Es m\u00e1s, cuando Jorge Juan y Antonio de Ulloa partieron de C\u00e1diz, en el Conquistador y el Incendio, respectivamente, llevaban instrucciones y \u00f3rdenes muy precisas, muchas de ellas secretas y que hoy podr\u00edan ser consideradas pr\u00e1cticamente como propias de labores de <strong>espionaje industrial y cient\u00edfico<\/strong>. La aventura comenz\u00f3 un 26 de mayo de 1735 y, a partir de entonces, rumbo a Am\u00e9rica, llev\u00f3 al d\u00eda Ulloa un minucioso diario de viaje.<\/p>\n<p><strong>La medici\u00f3n del mundo<\/strong><\/p>\n<p>La expedici\u00f3n lleg\u00f3 a Cartagena de Indias y prosigui\u00f3 ruta hacia Guayaquil. Quien pensara que iba a ser un viaje de placer, se equivoc\u00f3 por completo. Diversos requerimientos del Virrey del Per\u00fa hicieron que los espa\u00f1oles tuvieran que apartarse cada poco de su labor cient\u00edfica. Por su parte, los franceses, que pod\u00edan medrar a gusto y sin interrupciones, parec\u00edan m\u00e1s empe\u00f1ados en discutir entre ellos que en realizar medidas precisas. <strong>La comisi\u00f3n espa\u00f1ola, con Jorge Juan y Ulloa al mando, no desperdici\u00f3 ni un minuto porque, junto a sus tareas militares, no dejaron de anotar numerosas mediciones astron\u00f3micas de incalculable valor y, adem\u00e1s, como el propio Ulloa comenta en sus memorias, tuvo \u00e1nimo para investigar las propiedades y aplicaciones de algunas especies bot\u00e1nicas locales<\/strong>. El proceso de medici\u00f3n por triangulaci\u00f3n no era nada sencillo, sobre todo porque era necesario tomar datos en puntos muy concretos del terreno ecuatoriano y, en la mayor parte de las ocasiones, aquello obligaba a internarse en terrenos escarpados, ci\u00e9nagas y montes peligrosos. <\/p>\n<p>Por su parte, los franceses iban por su propio camino, o m\u00e1s bien por sus caminos, porque despu\u00e9s de discutir, La Condamine, Godin y Bouguer decidieron separarse en tres grupos independientes para cubrir diferentes \u00e1reas de terreno. Los trabajos se extendieron hasta 1739, cuando el n\u00famero y calidad de las mediciones fue suficiente como para sacar una conclusi\u00f3n clara. Junto con los datos tomados por la expedici\u00f3n a Laponia, se determin\u00f3 la forma real del planeta, una esfera achatada por los polos. Newton ten\u00eda raz\u00f3n finalmente.<\/p>\n<p>Para los espa\u00f1oles la aventura no hab\u00eda hecho m\u00e1s que comenzar. Mientras se encontraban absortos en su labor cient\u00edfica, estall\u00f3 la <strong>guerra entre Espa\u00f1a e Inglaterra<\/strong>, por lo que nuevamente tuvieron que apartar su trabajo de investigaci\u00f3n para ponerse a las \u00f3rdenes del Virrey. He aqu\u00ed el punto clave de la expedici\u00f3n de la comisi\u00f3n espa\u00f1ola, porque habiendo ya marchado casi todos los franceses a su pa\u00eds con gran cantidad de valiosos datos astron\u00f3micos, quedaron en Am\u00e9rica los espa\u00f1oles realizando una cantidad ingente de mediciones cient\u00edficas sin prisa alguna. El resultado fue impresionante y, siguiendo las \u00f3rdenes del Rey que ped\u00edan que todo se midiera por mano propia y no se dependiera de los franceses, result\u00f3 que la calidad del conjunto de medidas tomadas por Jorge Juan y Antonio de Ulloa super\u00f3 con mucho cualquier expectativa previa. Por desgracia, el regreso no fue muy venturoso, pero esa historia debe esperar al pr\u00f3ximo mes para ser desvelada. <strong>(Continuar\u00e1&#8230;)<\/strong><\/p>\n<p class=\"otros3\"><strong>ANEXO<\/strong>: Puede <strong><a href=\"http:\/\/fondosdigitales.us.es\/fondos\/resultados_busqueda\/?authors__in=4135\">consultarse en la red<\/a><\/strong> la relaci\u00f3n original sobre el viaje de Jorge Juan y Antonio Ulloa en el Fondo Antiguo de la Universidad de Sevilla. Quiero agradecer a Emilio Borque <a href=\"http:\/\/colgadotel.blogspot.com\/\">(Muxfin)<\/a> el haberme enviado esta informaci\u00f3n.<\/p>\n","protected":false},"excerpt":{"rendered":"<div class=\"mh-excerpt\"><p>Este art\u00edculo corresponde a una versi\u00f3n abreviada del que publiqu\u00e9 en la revista Historia de Iberia Vieja, en su edici\u00f3n n\u00famero 73 del mes de julio de 2011. AVISO: La <a class=\"mh-excerpt-more\" href=\"https:\/\/alpoma.net\/tecob\/?p=5034\" title=\"Jorge Juan, Antonio de Ulloa y la medici\u00f3n del mundo (I)\">[&#8230;]<\/a><\/p>\n<\/div>","protected":false},"author":1,"featured_media":10500,"comment_status":"open","ping_status":"open","sticky":false,"template":"","format":"standard","meta":{"jetpack_post_was_ever_published":false,"_jetpack_newsletter_access":"","_jetpack_dont_email_post_to_subs":false,"_jetpack_newsletter_tier_id":0,"_jetpack_memberships_contains_paywalled_content":false,"_jetpack_memberships_contains_paid_content":false,"footnotes":""},"categories":[10],"tags":[],"class_list":["post-5034","post","type-post","status-publish","format-standard","has-post-thumbnail","hentry","category-made_in_spain"],"jetpack_featured_media_url":"https:\/\/alpoma.net\/tecob\/wp-content\/uploads\/2011\/07\/5896917926_9445f24d52.jpg","jetpack_shortlink":"https:\/\/wp.me\/p93Dc1-1jc","jetpack-related-posts":[{"id":567,"url":"https:\/\/alpoma.net\/tecob\/?p=567","url_meta":{"origin":5034,"position":0},"title":"Resultados irreproducibles","author":"alpoma","date":"15 agosto 2006","format":false,"excerpt":"No todo iba a ser investigaci\u00f3n y trabajo en la vida de los cient\u00edficos. En algunos casos, para dar rienda suelta a su imaginaci\u00f3n, saldar alguna cuenta pendiente con un experimento especialmente dif\u00edcil o, simplemente, por mala leche, algunos cient\u00edficos han redactado imaginarios art\u00edculos de investigaci\u00f3n que son verdaderas obras\u2026","rel":"","context":"En \u00abGeneral\u00bb","block_context":{"text":"General","link":"https:\/\/alpoma.net\/tecob\/?cat=1"},"img":{"alt_text":"","src":"https:\/\/i0.wp.com\/alpoma.net\/tecob\/wp-content\/uploads\/2006\/08\/216129689_0d6b849090.jpg?resize=350%2C200&ssl=1","width":350,"height":200},"classes":[]},{"id":1027,"url":"https:\/\/alpoma.net\/tecob\/?p=1027","url_meta":{"origin":5034,"position":1},"title":"Muerte o infecci\u00f3n","author":"alpoma","date":"8 noviembre 2008","format":false,"excerpt":"He seguido esta noticia hasta donde he podido. No tengo tiempo ahora de revisar m\u00e1s viejos papeles, pero lo anoto para saber qu\u00e9 sucedi\u00f3, porque me he quedado como si hubiera visto una serie televisiva durante una temporada y me hubiera perdido el cap\u00edtulo final. Tuve conocimiento de este macabro\u2026","rel":"","context":"En \u00abObsolescencia\u00bb","block_context":{"text":"Obsolescencia","link":"https:\/\/alpoma.net\/tecob\/?cat=3"},"img":{"alt_text":"","src":"https:\/\/i0.wp.com\/alpoma.net\/tecob\/wp-content\/uploads\/2008\/11\/3012355093_450209c0aa_o.jpg?resize=350%2C200&ssl=1","width":350,"height":200,"srcset":"https:\/\/i0.wp.com\/alpoma.net\/tecob\/wp-content\/uploads\/2008\/11\/3012355093_450209c0aa_o.jpg?resize=350%2C200&ssl=1 1x, https:\/\/i0.wp.com\/alpoma.net\/tecob\/wp-content\/uploads\/2008\/11\/3012355093_450209c0aa_o.jpg?resize=525%2C300&ssl=1 1.5x"},"classes":[]},{"id":12119,"url":"https:\/\/alpoma.net\/tecob\/?p=12119","url_meta":{"origin":5034,"position":2},"title":"Benito Loygorri, el primer piloto de avi\u00f3n espa\u00f1ol","author":"alpoma","date":"3 junio 2016","format":false,"excerpt":"Versi\u00f3n para TecOb del art\u00edculo que publiqu\u00e9 en la revista Historia de Iberia Vieja, edici\u00f3n de mayo de 2016. All\u00e1 por el m\u00e1s que centenario mes de octubre de 1910 mencionaba la revista Vida Mar\u00edtima , con gran asombro, cierta exhibici\u00f3n o, como dec\u00edan entonces, experiencia de aviaci\u00f3n, que tuvo\u2026","rel":"","context":"En \u00abMade in Spain\u00bb","block_context":{"text":"Made in Spain","link":"https:\/\/alpoma.net\/tecob\/?cat=10"},"img":{"alt_text":"","src":"https:\/\/i0.wp.com\/alpoma.net\/tecob\/wp-content\/uploads\/2016\/06\/Aeroplano_Farman_de_Loygorri.jpg?resize=350%2C200&ssl=1","width":350,"height":200,"srcset":"https:\/\/i0.wp.com\/alpoma.net\/tecob\/wp-content\/uploads\/2016\/06\/Aeroplano_Farman_de_Loygorri.jpg?resize=350%2C200&ssl=1 1x, https:\/\/i0.wp.com\/alpoma.net\/tecob\/wp-content\/uploads\/2016\/06\/Aeroplano_Farman_de_Loygorri.jpg?resize=525%2C300&ssl=1 1.5x, https:\/\/i0.wp.com\/alpoma.net\/tecob\/wp-content\/uploads\/2016\/06\/Aeroplano_Farman_de_Loygorri.jpg?resize=700%2C400&ssl=1 2x"},"classes":[]},{"id":8967,"url":"https:\/\/alpoma.net\/tecob\/?p=8967","url_meta":{"origin":5034,"position":3},"title":"El autoelectromotor de Coto Guti\u00e9rrez (1928)","author":"alpoma","date":"9 abril 2014","format":false,"excerpt":"He aqu\u00ed un curioso ingenio electromec\u00e1nico del que apenas tengo datos. Me hubiera gustado tener m\u00e1s informaci\u00f3n sobre este inventor, pero de momento s\u00f3lo una vieja patente y un recorte de prensa es lo que ha llegado a mis manos. Veamos, en el Archivo Hist\u00f3rico de la Oficina Espa\u00f1ola de\u2026","rel":"","context":"En \u00abMade in Spain\u00bb","block_context":{"text":"Made in Spain","link":"https:\/\/alpoma.net\/tecob\/?cat=10"},"img":{"alt_text":"","src":"https:\/\/i0.wp.com\/alpoma.net\/tecob\/wp-content\/uploads\/2014\/04\/autoelectromotor.jpg?resize=350%2C200&ssl=1","width":350,"height":200,"srcset":"https:\/\/i0.wp.com\/alpoma.net\/tecob\/wp-content\/uploads\/2014\/04\/autoelectromotor.jpg?resize=350%2C200&ssl=1 1x, https:\/\/i0.wp.com\/alpoma.net\/tecob\/wp-content\/uploads\/2014\/04\/autoelectromotor.jpg?resize=525%2C300&ssl=1 1.5x"},"classes":[]},{"id":8178,"url":"https:\/\/alpoma.net\/tecob\/?p=8178","url_meta":{"origin":5034,"position":4},"title":"Antonio Longoria y el rayo de la muerte","author":"alpoma","date":"1 mayo 2013","format":false,"excerpt":"Versi\u00f3n reducida del art\u00edculo que publiqu\u00e9 en la revista Historia de Iberia Vieja en su edici\u00f3n del mes de mayo de 2013. El punto de partida de esta aventura hay que ponerlo en cierto art\u00edculo con el que me he cruzado hace poco. He de reconocer que hasta ahora no\u2026","rel":"","context":"En \u00abMade in Spain\u00bb","block_context":{"text":"Made in Spain","link":"https:\/\/alpoma.net\/tecob\/?cat=10"},"img":{"alt_text":"","src":"https:\/\/i0.wp.com\/alpoma.net\/tecob\/wp-content\/uploads\/2013\/05\/antonio_longoria.jpg?resize=350%2C200&ssl=1","width":350,"height":200,"srcset":"https:\/\/i0.wp.com\/alpoma.net\/tecob\/wp-content\/uploads\/2013\/05\/antonio_longoria.jpg?resize=350%2C200&ssl=1 1x, https:\/\/i0.wp.com\/alpoma.net\/tecob\/wp-content\/uploads\/2013\/05\/antonio_longoria.jpg?resize=525%2C300&ssl=1 1.5x"},"classes":[]},{"id":5167,"url":"https:\/\/alpoma.net\/tecob\/?p=5167","url_meta":{"origin":5034,"position":5},"title":"Jorge Juan, Antonio de Ulloa y la medici\u00f3n del mundo (II)","author":"alpoma","date":"1 agosto 2011","format":false,"excerpt":"Este art\u00edculo corresponde a una versi\u00f3n abreviada del que publiqu\u00e9 en la revista Historia de Iberia Vieja, en su edici\u00f3n n\u00famero 74 del mes de agosto de 2011. AVISO: V\u00e9ase la primera parte del art\u00edculo, publicada en el mes de julio. Ignorando que Francia hab\u00eda tomado parte en la guerra\u2026","rel":"","context":"En \u00abMade in Spain\u00bb","block_context":{"text":"Made in Spain","link":"https:\/\/alpoma.net\/tecob\/?cat=10"},"img":{"alt_text":"Antonio_de_Ulloa","src":"https:\/\/i0.wp.com\/farm7.static.flickr.com\/6142\/5997037653_119ac8a9db_o.jpg?resize=350%2C200","width":350,"height":200},"classes":[]}],"jetpack_sharing_enabled":true,"_links":{"self":[{"href":"https:\/\/alpoma.net\/tecob\/index.php?rest_route=\/wp\/v2\/posts\/5034","targetHints":{"allow":["GET"]}}],"collection":[{"href":"https:\/\/alpoma.net\/tecob\/index.php?rest_route=\/wp\/v2\/posts"}],"about":[{"href":"https:\/\/alpoma.net\/tecob\/index.php?rest_route=\/wp\/v2\/types\/post"}],"author":[{"embeddable":true,"href":"https:\/\/alpoma.net\/tecob\/index.php?rest_route=\/wp\/v2\/users\/1"}],"replies":[{"embeddable":true,"href":"https:\/\/alpoma.net\/tecob\/index.php?rest_route=%2Fwp%2Fv2%2Fcomments&post=5034"}],"version-history":[{"count":0,"href":"https:\/\/alpoma.net\/tecob\/index.php?rest_route=\/wp\/v2\/posts\/5034\/revisions"}],"wp:featuredmedia":[{"embeddable":true,"href":"https:\/\/alpoma.net\/tecob\/index.php?rest_route=\/wp\/v2\/media\/10500"}],"wp:attachment":[{"href":"https:\/\/alpoma.net\/tecob\/index.php?rest_route=%2Fwp%2Fv2%2Fmedia&parent=5034"}],"wp:term":[{"taxonomy":"category","embeddable":true,"href":"https:\/\/alpoma.net\/tecob\/index.php?rest_route=%2Fwp%2Fv2%2Fcategories&post=5034"},{"taxonomy":"post_tag","embeddable":true,"href":"https:\/\/alpoma.net\/tecob\/index.php?rest_route=%2Fwp%2Fv2%2Ftags&post=5034"}],"curies":[{"name":"wp","href":"https:\/\/api.w.org\/{rel}","templated":true}]}}