{"id":491,"date":"2006-06-04T15:23:54","date_gmt":"2006-06-04T13:23:54","guid":{"rendered":"http:\/\/www.alpoma.net\/tecob\/?p=491"},"modified":"2006-06-04T15:24:51","modified_gmt":"2006-06-04T13:24:51","slug":"anatomia-de-gray","status":"publish","type":"post","link":"https:\/\/alpoma.net\/tecob\/?p=491","title":{"rendered":"Anatom\u00eda de Gray"},"content":{"rendered":"<p><img decoding=\"async\" src=\"http:\/\/static.flickr.com\/45\/159956730_56cec78929_m.jpg\" alt=\"gray\" class=\"dch\"\/>No me referir\u00e9 a la <strong><a href=\"http:\/\/www.imdb.com\/title\/tt0413573\/\">serie de televisi\u00f3n<\/a><\/strong>, porque el ilustre invitado que honra este post es <strong>Henry Gray<\/strong>, anatomista y cirujano brit\u00e1nico que vivi\u00f3 en la primera mitad del siglo XIX. Gray, adem\u00e1s de realizar interesantes estudios acerca del sistema endocrino, se dedic\u00f3 con pasi\u00f3n a la anatom\u00eda. De ah\u00ed surgi\u00f3 la idea de realizar, junto con su colega el Doctor Henry Vandyke Carter, all\u00e1 por 1855, un libro de texto sobre anatom\u00eda dirigido a estudiantes, repleto de dibujos descriptivos. As\u00ed naci\u00f3 el <em>Anatomy Descriptive and Surgical<\/em> o, tal y como ser\u00eda conocido m\u00e1s tarde, <em>Gray&#8217;s Anatomy<\/em>, la <strong>Anatom\u00eda de Gray<\/strong>, un libro de \u00abculto\u00bb en medicina, todo un cl\u00e1sico. <\/p>\n<p>Desde esos lejanos d\u00edas, la Anatom\u00eda de Gray ha sido <strong>mejorada y reeditada<\/strong>, tanto en Gran Breta\u00f1a como en Estados Unidos, siendo la \u00faltima versi\u00f3n de la que tengo noticias la del a\u00f1o 2004, que supone ya la <strong><a href=\"http:\/\/www.intl.elsevierhealth.com\/catalogue\/title.cfm?ISBN=0443071683\">trigesimo novena edici\u00f3n del texto<\/a><\/strong>. Puede consultarse en l\u00ednea la versi\u00f3n de 1918: (Vig\u00e9sima edici\u00f3n en Estados Unidos).<\/p>\n<p><strong>&#8211;> <a href=\"http:\/\/www.bartleby.com\/107\/\">Anatomy of the Human Body | Henry Gray<\/a><\/strong><br \/>\n<strong>&#8211;> <a href=\"http:\/\/www.graysanatomyonline.com\/content\/0443066760\/suppfiles\/HistoricalIntro.pdf\">Historia de la Anatom\u00eda de Gray<\/a><\/strong> (<em>PDF en ingl\u00e9s<\/em>)<\/p>\n","protected":false},"excerpt":{"rendered":"<div class=\"mh-excerpt\"><p>No me referir\u00e9 a la serie de televisi\u00f3n, porque el ilustre invitado que honra este post es Henry Gray, anatomista y cirujano brit\u00e1nico que vivi\u00f3 en la primera mitad del <a class=\"mh-excerpt-more\" href=\"https:\/\/alpoma.net\/tecob\/?p=491\" title=\"Anatom\u00eda de Gray\">[&#8230;]<\/a><\/p>\n<\/div>","protected":false},"author":1,"featured_media":10783,"comment_status":"open","ping_status":"open","sticky":false,"template":"","format":"standard","meta":{"jetpack_post_was_ever_published":false,"_jetpack_newsletter_access":"","_jetpack_dont_email_post_to_subs":false,"_jetpack_newsletter_tier_id":0,"_jetpack_memberships_contains_paywalled_content":false,"_jetpack_memberships_contains_paid_content":false,"footnotes":""},"categories":[3],"tags":[],"class_list":["post-491","post","type-post","status-publish","format-standard","has-post-thumbnail","hentry","category-obsolescencia"],"jetpack_featured_media_url":"https:\/\/alpoma.net\/tecob\/wp-content\/uploads\/2006\/06\/159956730_56cec78929_m.jpg","jetpack_shortlink":"https:\/\/wp.me\/p93Dc1-7V","jetpack-related-posts":[{"id":6876,"url":"https:\/\/alpoma.net\/tecob\/?p=6876","url_meta":{"origin":491,"position":0},"title":"Una visita al Museo de Anatom\u00eda de Valladolid","author":"alpoma","date":"10 julio 2012","format":false,"excerpt":"La semana pasada, aprovechando una visita con el equipo de mi empresa para una investigaci\u00f3n sobre osteopatolog\u00eda en el Laboratorio de Antropolog\u00eda de la Universidad de Valladolid, me asom\u00e9 un rato a un museo de lo m\u00e1s interesante. Hac\u00eda muchos a\u00f1os que no iba por all\u00ed y me alegra ver\u2026","rel":"","context":"En \u00abMade in Spain\u00bb","block_context":{"text":"Made in Spain","link":"https:\/\/alpoma.net\/tecob\/?cat=10"},"img":{"alt_text":"IMG_3486","src":"https:\/\/i0.wp.com\/farm8.staticflickr.com\/7118\/7544008968_c51cca5a63_n.jpg?resize=350%2C200","width":350,"height":200},"classes":[]},{"id":11991,"url":"https:\/\/alpoma.net\/tecob\/?p=11991","url_meta":{"origin":491,"position":1},"title":"La asombrosa aventura de Sugita Genpaku","author":"alpoma","date":"8 abril 2016","format":false,"excerpt":"Versi\u00f3n para TecOb de un texto que publiqu\u00e9 en la revista iHstoria en 2014, a ra\u00edz de una conversaci\u00f3n reciente en la que se mencion\u00f3 al incre\u00edble Sugita Genpaku y... hay que reconocerlo, varios de los presentes no terminaban de creer que algo as\u00ed fuera posible, menos mal que la\u2026","rel":"","context":"En \u00abObsolescencia\u00bb","block_context":{"text":"Obsolescencia","link":"https:\/\/alpoma.net\/tecob\/?cat=3"},"img":{"alt_text":"","src":"https:\/\/i0.wp.com\/alpoma.net\/tecob\/wp-content\/uploads\/2016\/04\/kaitai_05.jpg?resize=350%2C200&ssl=1","width":350,"height":200,"srcset":"https:\/\/i0.wp.com\/alpoma.net\/tecob\/wp-content\/uploads\/2016\/04\/kaitai_05.jpg?resize=350%2C200&ssl=1 1x, https:\/\/i0.wp.com\/alpoma.net\/tecob\/wp-content\/uploads\/2016\/04\/kaitai_05.jpg?resize=525%2C300&ssl=1 1.5x, https:\/\/i0.wp.com\/alpoma.net\/tecob\/wp-content\/uploads\/2016\/04\/kaitai_05.jpg?resize=700%2C400&ssl=1 2x, https:\/\/i0.wp.com\/alpoma.net\/tecob\/wp-content\/uploads\/2016\/04\/kaitai_05.jpg?resize=1050%2C600&ssl=1 3x, https:\/\/i0.wp.com\/alpoma.net\/tecob\/wp-content\/uploads\/2016\/04\/kaitai_05.jpg?resize=1400%2C800&ssl=1 4x"},"classes":[]},{"id":548,"url":"https:\/\/alpoma.net\/tecob\/?p=548","url_meta":{"origin":491,"position":2},"title":"Traduciendo a escondidas&#8230;","author":"alpoma","date":"24 julio 2006","format":false,"excerpt":"He aqu\u00ed una historia fascinante pero poco difundida. \u00bfQu\u00e9 pensar de una \u00e9poca y un pa\u00eds que castigaba con duras penas, incluso de muerte, a quien con extranjeros tuviera contacto? \u00bfY si por necesidad necesitas de ese contacto pero ves a tu espalda la espada del verdugo? Da miedo, pero\u2026","rel":"","context":"En \u00abGeo\u00bb","block_context":{"text":"Geo","link":"https:\/\/alpoma.net\/tecob\/?cat=5"},"img":{"alt_text":"Sugita","src":"https:\/\/i0.wp.com\/static.flickr.com\/58\/197297348_f20d290426_m.jpg?resize=350%2C200","width":350,"height":200},"classes":[]},{"id":2633,"url":"https:\/\/alpoma.net\/tecob\/?p=2633","url_meta":{"origin":491,"position":3},"title":"Psic\u00f3grafo, locura frenol\u00f3gica","author":"alpoma","date":"4 mayo 2010","format":false,"excerpt":"Imagina una m\u00e1quina que, en pocos segundos, sea capaz de averiguar sobre la esencia profunda de una persona, preparada para escrutar y ahondar hasta en lo m\u00e1s oscuro de la personalidad. Piensa en una tecnolog\u00eda que podr\u00eda clasificar sin error posible a todos los humanos seg\u00fan sus capacidades intelectuales, que\u2026","rel":"","context":"En \u00abObsolescencia\u00bb","block_context":{"text":"Obsolescencia","link":"https:\/\/alpoma.net\/tecob\/?cat=3"},"img":{"alt_text":"Frenolog\u00eda","src":"https:\/\/i0.wp.com\/farm5.static.flickr.com\/4001\/4577940317_7d6640d143_m.jpg?resize=350%2C200","width":350,"height":200},"classes":[]},{"id":7802,"url":"https:\/\/alpoma.net\/tecob\/?p=7802","url_meta":{"origin":491,"position":4},"title":"[Libro] El calamar gigante","author":"alpoma","date":"14 febrero 2013","format":false,"excerpt":"Har\u00e1 unos veinte d\u00edas visit\u00e9 la librer\u00eda del CSIC en Madrid. Tengo ese lugar marcado en rojo en un mapa mental para intentar no entrar, si me acerco a la zona del Congreso de los Diputados, porque no puedo salir de all\u00ed sin comprar algo... o mucho. Bromas aparte, en\u2026","rel":"","context":"En \u00abGeo\u00bb","block_context":{"text":"Geo","link":"https:\/\/alpoma.net\/tecob\/?cat=5"},"img":{"alt_text":"calamar_gigante","src":"https:\/\/i0.wp.com\/www.alpoma.net\/tecob\/wp-content\/uploads\/2013\/02\/calamar_gigante.png?resize=350%2C200","width":350,"height":200},"classes":[]},{"id":682,"url":"https:\/\/alpoma.net\/tecob\/?p=682","url_meta":{"origin":491,"position":5},"title":"La imagen de la muerte","author":"alpoma","date":"25 febrero 2007","format":false,"excerpt":"En ocasiones veo muertos... Esta frasecita, que procediendo de cierta pel\u00edcula ha terminado por formar parte de mil y un chistes, a veces puede aplicarse a la vida real sin ning\u00fan problema. No me refiero a ver fantasmas o esp\u00edritus, nada de eso, aludo simplemente al hecho de contemplar un\u2026","rel":"","context":"En \u00abObsolescencia\u00bb","block_context":{"text":"Obsolescencia","link":"https:\/\/alpoma.net\/tecob\/?cat=3"},"img":{"alt_text":"","src":"","width":0,"height":0},"classes":[]}],"jetpack_sharing_enabled":true,"_links":{"self":[{"href":"https:\/\/alpoma.net\/tecob\/index.php?rest_route=\/wp\/v2\/posts\/491","targetHints":{"allow":["GET"]}}],"collection":[{"href":"https:\/\/alpoma.net\/tecob\/index.php?rest_route=\/wp\/v2\/posts"}],"about":[{"href":"https:\/\/alpoma.net\/tecob\/index.php?rest_route=\/wp\/v2\/types\/post"}],"author":[{"embeddable":true,"href":"https:\/\/alpoma.net\/tecob\/index.php?rest_route=\/wp\/v2\/users\/1"}],"replies":[{"embeddable":true,"href":"https:\/\/alpoma.net\/tecob\/index.php?rest_route=%2Fwp%2Fv2%2Fcomments&post=491"}],"version-history":[{"count":0,"href":"https:\/\/alpoma.net\/tecob\/index.php?rest_route=\/wp\/v2\/posts\/491\/revisions"}],"wp:featuredmedia":[{"embeddable":true,"href":"https:\/\/alpoma.net\/tecob\/index.php?rest_route=\/wp\/v2\/media\/10783"}],"wp:attachment":[{"href":"https:\/\/alpoma.net\/tecob\/index.php?rest_route=%2Fwp%2Fv2%2Fmedia&parent=491"}],"wp:term":[{"taxonomy":"category","embeddable":true,"href":"https:\/\/alpoma.net\/tecob\/index.php?rest_route=%2Fwp%2Fv2%2Fcategories&post=491"},{"taxonomy":"post_tag","embeddable":true,"href":"https:\/\/alpoma.net\/tecob\/index.php?rest_route=%2Fwp%2Fv2%2Ftags&post=491"}],"curies":[{"name":"wp","href":"https:\/\/api.w.org\/{rel}","templated":true}]}}