{"id":49,"date":"2005-10-07T19:32:26","date_gmt":"2005-10-07T17:32:26","guid":{"rendered":"http:\/\/www.alpoma.net\/tecob\/?p=49"},"modified":"2019-10-05T11:09:48","modified_gmt":"2019-10-05T09:09:48","slug":"la-palma-el-tsunami-y-el-inventor-ingles","status":"publish","type":"post","link":"https:\/\/alpoma.net\/tecob\/?p=49","title":{"rendered":"La Palma, el tsunami y el inventor ingl\u00e9s"},"content":{"rendered":"<p><img loading=\"lazy\" decoding=\"async\" data-attachment-id=\"14712\" data-permalink=\"https:\/\/alpoma.net\/tecob\/?attachment_id=14712\" data-orig-file=\"https:\/\/alpoma.net\/tecob\/wp-content\/uploads\/2005\/10\/rgvwq.png\" data-orig-size=\"800,549\" data-comments-opened=\"0\" data-image-meta=\"{&quot;aperture&quot;:&quot;0&quot;,&quot;credit&quot;:&quot;&quot;,&quot;camera&quot;:&quot;&quot;,&quot;caption&quot;:&quot;&quot;,&quot;created_timestamp&quot;:&quot;0&quot;,&quot;copyright&quot;:&quot;&quot;,&quot;focal_length&quot;:&quot;0&quot;,&quot;iso&quot;:&quot;0&quot;,&quot;shutter_speed&quot;:&quot;0&quot;,&quot;title&quot;:&quot;&quot;,&quot;orientation&quot;:&quot;0&quot;}\" data-image-title=\"rgvwq\" data-image-description=\"\" data-image-caption=\"\" data-large-file=\"https:\/\/alpoma.net\/tecob\/wp-content\/uploads\/2005\/10\/rgvwq.png\" src=\"https:\/\/alpoma.net\/tecob\/wp-content\/uploads\/2005\/10\/rgvwq-300x300.png\" alt=\"\" width=\"300\" height=\"300\" class=\"alignright size-thumbnail wp-image-14712\" \/>Fernando, de la <a href=\"http:\/\/www.tabernadelturco.com\/\">Taberna del Turco<\/a>, <a href=\"http:\/\/www.tabernadelturco.com\/2005\/10\/07\/mega-tsunamis-y-las-canarias\/\">rese\u00f1\u00f3 hoy un tema del que se est\u00e1 hablando bastante en los \u00faltimos meses<\/a>, la posibilidad de que se origine un aterrador megatsunami en la isla de La Palma, en las Canarias:<\/p>\n<blockquote><p>&#8230;resulta que la \u00faltima erupci\u00f3n del volc\u00e1n Cumbre Vieja de dicha isla produjo una grieta de 4 metros de ancho a lo largo de toda la isla. Es de suponer, que en la pr\u00f3xima erupci\u00f3n esta grieta separe en dos la isla, provocando que la parte m\u00e1s peque\u00f1a (de 500.000 millones de toneladas) se sumerja en el agua. Esto provocar\u00eda una ola de hasta 1 kil\u00f3metro de altura viajando a m\u00e1s de 720 km\/h por el Oc\u00e9ano Atl\u00e1ntico. Aunque poco a poco perder\u00eda fuerza, en 8 o 10 horas llegar\u00eda a la costa oeste de Estados Unidos, con una altura de varios cientos de metros, devastando todo lo que se encontrara a menos de 20 kil\u00f3metros de dicha orilla.<\/p><\/blockquote>\n<p>Pero&#8230; \u00a1todos tranquilos! Resulta que, tras leer el post de Fernando, me vino a la memoria el m\u00e9todo inventado y patentado por el londinense Richard Gillon, este a\u00f1o 2005, para prevenir semejante desastre. La patente es accesible y se puede leer en:<\/p>\n<p><strong><a href=\"http:\/\/v3.espacenet.com\/textdoc?DB=EPODOC&#038;IDX=GB2409874&#038;F=0\">A solution to the pending La Palma land-slide induced mega-tsunami<\/a><\/strong><\/p>\n<p>En ingl\u00e9s, claro, pero muy interesante, como se muestra en su abstract: <\/p>\n<blockquote><p>Un m\u00e9todo para prevenir el derrumbamiento de parte de la isla de La Palma, que podr\u00eda causar un tsunami, implica la extensi\u00f3n de una red pl\u00e1stica de azufre y cianoacrilato sobre parte de la isla, que as\u00ed se refuerza y tambi\u00e9n se retardar\u00e1 la velocidad de cualquier derrumbamiento en el mar.<\/p><\/blockquote>\n","protected":false},"excerpt":{"rendered":"<div class=\"mh-excerpt\"><p>Fernando, de la Taberna del Turco, rese\u00f1\u00f3 hoy un tema del que se est\u00e1 hablando bastante en los \u00faltimos meses, la posibilidad de que se origine un aterrador megatsunami en <a class=\"mh-excerpt-more\" href=\"https:\/\/alpoma.net\/tecob\/?p=49\" title=\"La Palma, el tsunami y el inventor ingl\u00e9s\">[&#8230;]<\/a><\/p>\n<\/div>","protected":false},"author":1,"featured_media":14712,"comment_status":"closed","ping_status":"closed","sticky":false,"template":"","format":"standard","meta":{"jetpack_post_was_ever_published":false,"_jetpack_newsletter_access":"","_jetpack_dont_email_post_to_subs":false,"_jetpack_newsletter_tier_id":0,"_jetpack_memberships_contains_paywalled_content":false,"_jetpack_memberships_contains_paid_content":false,"footnotes":""},"categories":[5],"tags":[],"class_list":["post-49","post","type-post","status-publish","format-standard","has-post-thumbnail","hentry","category-geo"],"jetpack_featured_media_url":"https:\/\/alpoma.net\/tecob\/wp-content\/uploads\/2005\/10\/rgvwq.png","jetpack_shortlink":"https:\/\/wp.me\/p93Dc1-N","jetpack-related-posts":[{"id":11607,"url":"https:\/\/alpoma.net\/tecob\/?p=11607","url_meta":{"origin":49,"position":0},"title":"Ludger Sylbaris, el hombre que sobrevivi\u00f3 a la erupci\u00f3n del Monte Pel\u00e9e","author":"alpoma","date":"9 septiembre 2015","format":false,"excerpt":"En Atlas Obscura han publicado una peque\u00f1a lista de personajes afortunados que lograron sobrevivir a impresionantes cat\u00e1strofes. En esa lista aparece mencionado brevemente Ludger Sylbaris, que logr\u00f3 superar una situaci\u00f3n mortal de necesidad y que, curiosamente, vivi\u00f3 el resto de sus d\u00edas como fen\u00f3meno de circo gracias a aquella situaci\u00f3n\u2026","rel":"","context":"En \u00abObsolescencia\u00bb","block_context":{"text":"Obsolescencia","link":"https:\/\/alpoma.net\/tecob\/?cat=3"},"img":{"alt_text":"superviviente_pelee_tecob","src":"https:\/\/i0.wp.com\/www.alpoma.net\/tecob\/wp-content\/uploads\/2015\/09\/superviviente_pelee_tecob.jpg?resize=350%2C200","width":350,"height":200,"srcset":"https:\/\/i0.wp.com\/www.alpoma.net\/tecob\/wp-content\/uploads\/2015\/09\/superviviente_pelee_tecob.jpg?resize=350%2C200 1x, https:\/\/i0.wp.com\/www.alpoma.net\/tecob\/wp-content\/uploads\/2015\/09\/superviviente_pelee_tecob.jpg?resize=525%2C300 1.5x"},"classes":[]},{"id":3700,"url":"https:\/\/alpoma.net\/tecob\/?p=3700","url_meta":{"origin":49,"position":1},"title":"La Venecia del Pac\u00edfico","author":"alpoma","date":"12 noviembre 2010","format":false,"excerpt":"Este lugar es sorprendente, est\u00e1 en mi lista de espacios pendientes de visitar... y seguro que seguir\u00e1 en la lista durante mucho tiempo, por no decir para siempre porque, sencillamente, se encuentra en el quinto pino. No creo exagerar porque, como se puede ver en el siguiente mapa, se trata\u2026","rel":"","context":"En \u00abGeo\u00bb","block_context":{"text":"Geo","link":"https:\/\/alpoma.net\/tecob\/?cat=5"},"img":{"alt_text":"","src":"https:\/\/i0.wp.com\/alpoma.net\/tecob\/wp-content\/uploads\/2010\/11\/5169519799_96ce094263_o.jpg?resize=350%2C200&ssl=1","width":350,"height":200,"srcset":"https:\/\/i0.wp.com\/alpoma.net\/tecob\/wp-content\/uploads\/2010\/11\/5169519799_96ce094263_o.jpg?resize=350%2C200&ssl=1 1x, https:\/\/i0.wp.com\/alpoma.net\/tecob\/wp-content\/uploads\/2010\/11\/5169519799_96ce094263_o.jpg?resize=525%2C300&ssl=1 1.5x"},"classes":[]},{"id":1136,"url":"https:\/\/alpoma.net\/tecob\/?p=1136","url_meta":{"origin":49,"position":2},"title":"Acta de nacimiento de un volc\u00e1n","author":"alpoma","date":"25 mayo 2009","format":false,"excerpt":"No es algo que suceda todos los d\u00edas, es m\u00e1s, no se trata de un suceso que pueda considerarse frecuente en la escala temporal de una vida humana. El 20 de febrero de 1943 ocurri\u00f3 algo excepcional en el estado mexicano de Michoac\u00e1n. Como cada tarde, Dionisio Pulido se encontraba\u2026","rel":"","context":"En \u00abGeo\u00bb","block_context":{"text":"Geo","link":"https:\/\/alpoma.net\/tecob\/?cat=5"},"img":{"alt_text":"","src":"https:\/\/i0.wp.com\/alpoma.net\/tecob\/wp-content\/uploads\/2009\/05\/3562292561_417e3715e3_o.jpg?resize=350%2C200&ssl=1","width":350,"height":200,"srcset":"https:\/\/i0.wp.com\/alpoma.net\/tecob\/wp-content\/uploads\/2009\/05\/3562292561_417e3715e3_o.jpg?resize=350%2C200&ssl=1 1x, https:\/\/i0.wp.com\/alpoma.net\/tecob\/wp-content\/uploads\/2009\/05\/3562292561_417e3715e3_o.jpg?resize=525%2C300&ssl=1 1.5x"},"classes":[]},{"id":883,"url":"https:\/\/alpoma.net\/tecob\/?p=883","url_meta":{"origin":49,"position":3},"title":"La escalera de Jacob","author":"alpoma","date":"8 abril 2008","format":false,"excerpt":"No me referir\u00e9 aqu\u00ed a la b\u00edblica escalera del G\u00e9nesis, por la que se dec\u00eda que circulaban los \u00e1ngeles en su trasiego entre los cielos y la Tierra, so\u00f1ada por Jacob. Nada de eso, la escalera que visita hoy TecOb, aunque lleve el mismo nombre, no es celestial, pero tiene\u2026","rel":"","context":"En \u00abGeo\u00bb","block_context":{"text":"Geo","link":"https:\/\/alpoma.net\/tecob\/?cat=5"},"img":{"alt_text":"","src":"https:\/\/i0.wp.com\/alpoma.net\/tecob\/wp-content\/uploads\/2008\/04\/2397842275_45d435ff75_o.jpg?resize=350%2C200&ssl=1","width":350,"height":200,"srcset":"https:\/\/i0.wp.com\/alpoma.net\/tecob\/wp-content\/uploads\/2008\/04\/2397842275_45d435ff75_o.jpg?resize=350%2C200&ssl=1 1x, https:\/\/i0.wp.com\/alpoma.net\/tecob\/wp-content\/uploads\/2008\/04\/2397842275_45d435ff75_o.jpg?resize=525%2C300&ssl=1 1.5x"},"classes":[]},{"id":540,"url":"https:\/\/alpoma.net\/tecob\/?p=540","url_meta":{"origin":49,"position":4},"title":"1816, el a\u00f1o sin verano","author":"alpoma","date":"19 junio 2016","format":false,"excerpt":"Publiqu\u00e9 este articulo hace ahora diez a\u00f1os, en el verano de 2006. Ahora que se cumplen dos siglos del \"a\u00f1o sin verano\" y como complemento a mi art\u00edculo del pasado viernes sobre Andrew Crosse y Frankenstein, lo rescato de las brumas del tiempo... El verano de 1816 no puede decirse\u2026","rel":"","context":"En \u00abClima\u00bb","block_context":{"text":"Clima","link":"https:\/\/alpoma.net\/tecob\/?cat=8"},"img":{"alt_text":"","src":"https:\/\/i0.wp.com\/alpoma.net\/tecob\/wp-content\/uploads\/2006\/07\/192859965_468160e56a_o.jpg?resize=350%2C200&ssl=1","width":350,"height":200,"srcset":"https:\/\/i0.wp.com\/alpoma.net\/tecob\/wp-content\/uploads\/2006\/07\/192859965_468160e56a_o.jpg?resize=350%2C200&ssl=1 1x, https:\/\/i0.wp.com\/alpoma.net\/tecob\/wp-content\/uploads\/2006\/07\/192859965_468160e56a_o.jpg?resize=525%2C300&ssl=1 1.5x"},"classes":[]},{"id":4883,"url":"https:\/\/alpoma.net\/tecob\/?p=4883","url_meta":{"origin":49,"position":5},"title":"Gonz\u00e1lez de Haedo y la isla de Pascua","author":"alpoma","date":"3 junio 2011","format":false,"excerpt":"Versi\u00f3n reducida del art\u00edculo que publiqu\u00e9 en la revista Historia de Iberia Vieja, n\u00famero 72 de junio de 2011. La Rep\u00fablica de Chile ha resuelto anexionarse la isla Pascua, situada en el Oc\u00e9ano Pac\u00edfico austral (...) Hemos o\u00eddo que nuestro Gobierno intentaba algunas reclamaciones, sin duda porque de esta isla,\u2026","rel":"","context":"En \u00abMade in Spain\u00bb","block_context":{"text":"Made in Spain","link":"https:\/\/alpoma.net\/tecob\/?cat=10"},"img":{"alt_text":"pascua","src":"https:\/\/i0.wp.com\/farm4.static.flickr.com\/3302\/5793046155_20d4ff836b_m.jpg?resize=350%2C200","width":350,"height":200},"classes":[]}],"jetpack_sharing_enabled":true,"_links":{"self":[{"href":"https:\/\/alpoma.net\/tecob\/index.php?rest_route=\/wp\/v2\/posts\/49","targetHints":{"allow":["GET"]}}],"collection":[{"href":"https:\/\/alpoma.net\/tecob\/index.php?rest_route=\/wp\/v2\/posts"}],"about":[{"href":"https:\/\/alpoma.net\/tecob\/index.php?rest_route=\/wp\/v2\/types\/post"}],"author":[{"embeddable":true,"href":"https:\/\/alpoma.net\/tecob\/index.php?rest_route=\/wp\/v2\/users\/1"}],"replies":[{"embeddable":true,"href":"https:\/\/alpoma.net\/tecob\/index.php?rest_route=%2Fwp%2Fv2%2Fcomments&post=49"}],"version-history":[{"count":0,"href":"https:\/\/alpoma.net\/tecob\/index.php?rest_route=\/wp\/v2\/posts\/49\/revisions"}],"wp:featuredmedia":[{"embeddable":true,"href":"https:\/\/alpoma.net\/tecob\/index.php?rest_route=\/wp\/v2\/media\/14712"}],"wp:attachment":[{"href":"https:\/\/alpoma.net\/tecob\/index.php?rest_route=%2Fwp%2Fv2%2Fmedia&parent=49"}],"wp:term":[{"taxonomy":"category","embeddable":true,"href":"https:\/\/alpoma.net\/tecob\/index.php?rest_route=%2Fwp%2Fv2%2Fcategories&post=49"},{"taxonomy":"post_tag","embeddable":true,"href":"https:\/\/alpoma.net\/tecob\/index.php?rest_route=%2Fwp%2Fv2%2Ftags&post=49"}],"curies":[{"name":"wp","href":"https:\/\/api.w.org\/{rel}","templated":true}]}}