{"id":4883,"date":"2011-06-03T15:55:11","date_gmt":"2011-06-03T13:55:11","guid":{"rendered":"http:\/\/www.alpoma.net\/tecob\/?p=4883"},"modified":"2011-06-03T18:02:16","modified_gmt":"2011-06-03T16:02:16","slug":"gonzalez-de-haedo-y-la-isla-de-pascua","status":"publish","type":"post","link":"https:\/\/alpoma.net\/tecob\/?p=4883","title":{"rendered":"Gonz\u00e1lez de Haedo y la isla de Pascua"},"content":{"rendered":"<p><em>Versi\u00f3n reducida del art\u00edculo que publiqu\u00e9 en la revista <strong><a href=\"http:\/\/www.historiadeiberiavieja.com\/index.asp\">Historia de Iberia Vieja<\/a><\/strong>, n\u00famero 72 de junio de 2011.<\/em><\/p>\n<blockquote><p><a href=\"http:\/\/www.flickr.com\/photos\/alpoma\/5793046155\/\" title=\"pascua, on Flickr\"><img loading=\"lazy\" decoding=\"async\" src=\"http:\/\/farm4.static.flickr.com\/3302\/5793046155_20d4ff836b_m.jpg\" width=\"180\" height=\"240\" alt=\"pascua\" class=\"dch\"\/><\/a>La Rep\u00fablica de Chile ha resuelto anexionarse la isla Pascua, situada en el Oc\u00e9ano Pac\u00edfico austral (&#8230;) Hemos o\u00eddo que nuestro Gobierno intentaba algunas reclamaciones, sin duda porque de esta isla, descubierta probablemente en la segunda mitad del siglo XVI por el piloto espa\u00f1ol Juan Fern\u00e1ndez, tom\u00f3 Espa\u00f1a posesi\u00f3n en 1770. En efecto, el 15 de noviembre del citado a\u00f1o, el nav\u00edo San Lorenzo y la fragata Santa Rosal\u00eda, que mandaban respectivamente D. Felipe Gonz\u00e1lez de Haedo y D. Antonio Domonte, reconocieron la isla a la que tomaron por la Tierra de Davis, como dicen las relaciones espa\u00f1olas, y la nombraron San Carlos. Detuvi\u00e9ronse en ella cinco d\u00edas, clavaron tres cruces en otros tantos cerros, arbolaron la bandera de Espa\u00f1a y puesta la tropa sobre las armas, el capit\u00e1n de fragata D. Jos\u00e9 Bustillo tom\u00f3 posesi\u00f3n de la isla, con las ceremonias acostumbradas, en nombre del rey D. Carlos III, \u201cy para mayor corroboraci\u00f3n de este acto tan serio firmaron o signaron algunos indios concurrentes, grabando en el documento testimonial ciertos caracteres, seg\u00fan su estilo\u201d. <\/p><\/blockquote>\n<p>Fragmento de un art\u00edculo sobre la isla de Pascua publicado en <em>Revista de Geograf\u00eda Comercial<\/em> el 15 de noviembre de 1888, donde se cita, entrecomillado, un extracto del diario de navegaci\u00f3n de D. Felipe Gonz\u00e1lez Haedo.<\/p>\n<p>Realmente no est\u00e1 nada claro, como se cita en el texto que abre este art\u00edculo, que fuera Juan Fern\u00e1ndez quien \u201cdescubriera\u201d la isla de Pascua, es m\u00e1s, posiblemente otros nav\u00edos occidentales, de los que no se guarda memoria tambi\u00e9n, hubieran llegado a la isla desde el siglo XVI. De lo que s\u00ed se conserva memoria es del primer encuentro entre occidentales y habitantes de la isla de Pascua, claro que m\u00e1s bien habr\u00eda que hablar de choque, porque la situaci\u00f3n fue poco pac\u00edfica. <\/p>\n<p><strong>Un encuentro poco afortunado<\/strong><\/p>\n<p>La<strong> isla de Pascua<\/strong>, o <em>Rapa Nui<\/em>, que actualmente pertenece a Chile, se encuentra en medio de la nada. Bien, precisando habr\u00eda que decir que est\u00e1 en medio del oc\u00e9ano pero teniendo en cuenta que <strong>la tierra continental americana m\u00e1s cercana se halla a m\u00e1s de 3.500 kil\u00f3metros de distancia<\/strong>, no debe extra\u00f1ar que para los habitantes antiguos de la isla el peque\u00f1o pedazo de tierra emergida en el que viv\u00edan les pareciera todo un mundo. Conocido es que la isla de Pascua guarda grandes misterios y atractivos, pero no ser\u00e1 ese el motivo de estas letras, sino recordar someramente c\u00f3mo los occidentales y, sobre todo, los espa\u00f1oles, llegaron a conocer y tomar posesi\u00f3n de la isla. <\/p>\n<p>El honor, al menos desde el punto de vista oficial, de ser considerado como descubridor de la isla de Pascua corresponde a un inquieto hombre de leyes holand\u00e9s metido a navegante,<strong> Jakob Roggeveen<\/strong>, que descubri\u00f3 la isla el domingo 5 de abril de 1722. Como era el d\u00eda de la Pascua de Resurrecci\u00f3n, la isla fue nombrada de esa forma que todav\u00eda conserva. Tiempo despu\u00e9s, cuando Felipe Gonz\u00e1lez de Haedo tom\u00f3 posesi\u00f3n de la isla para Espa\u00f1a, quiso que fuera llamada Isla San Carlos, en honor a Carlos III, pero no tuvo \u00e9xito y el nombre inicial ha perdurado. <\/p>\n<p>Tal y como menciona Ram\u00f3n Campbell en su obra <em>La cultura de la isla de Pascua<\/em>, el considerar a Roggeveen como el primer occidental en llegar a Pascua es m\u00e1s bien un ejercicio de convenci\u00f3n hist\u00f3rica, casi como distintivo c\u00f3modo para asignar a alguien el m\u00e9rito, m\u00e1s que un hecho \u00fanico. Lo que los antiguos habitantes de Pascua conoc\u00edan como <em>Te-pito-o-te-henua<\/em>, o <em>El ombligo de la Tierra<\/em>, debi\u00f3 sin duda haber llamado la atenci\u00f3n de otros navegantes del Pac\u00edfico antes de que el holand\u00e9s llegara a sus costas. El propio Roggeveen no lleg\u00f3 a Pascua por casualidad, iba buscando una isla fantasmal que nombraban algunos navegantes de su \u00e9poca bajo el nombre de <strong>Tierra de Davis<\/strong>, ignoto lugar emergido que supuestamente avist\u00f3 en la lejan\u00eda el filibustero ingl\u00e9s Edward Davis en 1687. Muy probablemente Pascua y la Tierra de Davis fueran la misma cosa, pero a pesar de ello Roggeveen, cuando alcanz\u00f3 la isla de los gigantes de piedra, pens\u00f3 realmente haber llegado a una isla nunca antes mencionada. La expedici\u00f3n de tres barcos del holand\u00e9s, tras permanecer fondeados cerca de tres d\u00edas y despu\u00e9s de ser visitados por isle\u00f1os a bordo de canoas, decidi\u00f3 pisar tierra firme. <\/p>\n<p>Al principio todo parec\u00eda marchar bien, la admiraci\u00f3n y la curiosidad eran mutuas. Los navegantes se sorprendieron ante los mo\u00e1is, esos misteriosos gigantes p\u00e9treos que pueblan Pascua y que atraen hoy d\u00eda a turistas de medio mundo. Por su parte, los nativos rodearon a los visitantes ofreci\u00e9ndoles regalos y hasta a sus mujeres, pero la alegr\u00eda dur\u00f3 poco. La fiesta se convirti\u00f3 en llanto en muy poco tiempo, realmente no qued\u00f3 muy claro el motivo, pero lo cierto es que un miembro de la expedici\u00f3n holandesa, posiblemente por miedo ante el gent\u00edo que les rodeaba, abri\u00f3 fuego con su fusil. La escena de alegr\u00eda torn\u00f3 en lloros, gritos y terror. Los marinos se asustaron todav\u00eda m\u00e1s y decidieron abrir una brecha entre la multitud de la \u00fanica forma que se les ocurri\u00f3: disparando por doquier. Y, as\u00ed, en medio de un mar de sangre, abandon\u00f3 la expedici\u00f3n del aventurero Roggeveen la isla de Pascua, despu\u00e9s de un encuentro muy poco afortunado. <!--more--><\/p>\n<p><strong>Felipe Gonz\u00e1lez de Haedo llega a Pascua<\/strong><\/p>\n<p>Cuando se conoci\u00f3 en Europa el relato de Roggeveen, muchos otros marinos y aventureros se vieron animados a surcar las aguas del Pac\u00edfico para alcanzar la misteriosa isla. Nadie lo consigui\u00f3, hasta que casi cinco d\u00e9cadas m\u00e1s tarde una expedici\u00f3n cient\u00edfica espa\u00f1ola comandada por don <strong>Felipe Gonz\u00e1lez de Haedo<\/strong> logr\u00f3 su objetivo y regal\u00f3 al mundo las primeras descripciones minuciosas sobre los ind\u00edgenas, la geograf\u00eda de la isla de Pascua y, c\u00f3mo no, las primeras representaciones gr\u00e1ficas de los imponentes mo\u00e1is, con sus \u201csombreros\u201d de toba roja sobre las enormes cabezas p\u00e9treas. La estancia de las naves espa\u00f1olas en Pascua se prolong\u00f3 desde el 15 al 21 de noviembre de 1770 y, a pesar de ser s\u00f3lo unos pocos d\u00edas, fue muy productiva pues el material cient\u00edfico fruto de la expedici\u00f3n descubri\u00f3 al mundo el verdadero rostro de Pascua, despejando las sombras fantasmales que todav\u00eda ocultaban la realidad de la isla. <\/p>\n<p>Felipe Gonz\u00e1lez de Haedo, nacido en la preciosa localidad c\u00e1ntabra de <strong>Santo\u00f1a<\/strong> en 1714 y fallecido en C\u00e1diz en 1802, tuvo una exitosa carrera en la Armada como oficial y cart\u00f3grafo. Es recordado, precisamente, por el logro de haber llegado a la isla de Pascua para tomar posesi\u00f3n de ella en nombre de la Corona de Espa\u00f1a, encarg\u00e1ndose de organizar el trabajo cient\u00edfico posterior. El Acad\u00e9mico de Historia Naval chileno Francisco Mell\u00e9n Blanco, que ha reconstruido su vida sobre documentos hist\u00f3ricos, se\u00f1ala que su <em>Hoja de Servicios<\/em> menciona su primer destino en la Armada a los trece a\u00f1os de edad, en 1727, como ayudante de Piloto en la urca <em>San Bernardo<\/em>, acompa\u00f1ando a su padre que, en esa \u00e9poca, era teniente de fragata. A partir de ah\u00ed, no abandon\u00f3 los viajes por los mares de todo el mundo al servicio de la Armada, logrando forjar una carrera militar muy dilatada y de gran \u00e9xito. Haedo particip\u00f3 en diversas campa\u00f1as, como en N\u00e1poles o en la Guerra de la Oreja de Jenkins, donde fue reconocida su valent\u00eda en la Batalla de Cartagena de Indias. Luch\u00f3 igualmente contra corsarios y lleg\u00f3 a participar en la Guerra de Independencia de los Estados Unidos contra Inglaterra. <\/p>\n<p>Siguiendo las anotaciones de Mell\u00e9n Blanco sobre Haedo, fueron diversos los objetivos que el virrey del Per\u00fa, Manuel de Amat y Junyent, encarg\u00f3 al marino de Santo\u00f1a a la hora de organizar la expedici\u00f3n por el Pac\u00edfico Sur. En primer lugar, se le encomend\u00f3 patrullar las costas chilenas, para <strong>verificar la existencia de posibles asentamientos de tropas hostiles<\/strong>. Esa misi\u00f3n se fundaba en los informes que indicaban la presencia en aquellas aguas de corsarios y nav\u00edos ingleses o franceses que pod\u00edan poner en peligro las rutas comerciales espa\u00f1olas. Por otra parte, la misi\u00f3n pretend\u00eda buscar el paradero de la c\u00e9lebre Tierra de Davis y, llegado el caso de dar con ella, estudiar minuciosamente el territorio y tomar posesi\u00f3n del mismo.<\/p>\n<p>Realmente era como buscar una aguja en un pajar, pero la maestr\u00eda de Haedo como marino y cart\u00f3grafo hizo que cumpliera el objetivo sin tacha. El navegante de Santo\u00f1a parti\u00f3 del puerto del Callao el 10 de octubre de 1770 como Comandante al mando del nav\u00edo<em> San Lorenzo<\/em>, acompa\u00f1ado de la fragata <em>Santa Rosal\u00eda<\/em>. En total, los dos buques de guerra reun\u00edan una tripulaci\u00f3n de unos setecientos marinos pertrechados con v\u00edveres para seis meses. <\/p>\n<p><strong>\u00bfC\u00f3mo llegar a la Tierra de Davis?<\/strong> Ese objetivo, cumplido el 15 de noviembre de 1770 con sorprendente eficacia, lleg\u00f3 a buen fin gracias a un estudio detallado de gran n\u00famero de cartas marinas y anotaciones de navegaci\u00f3n procedentes de expediciones de varias naciones. Haedo, una vez logr\u00f3 el objetivo de marcar en un mapa sin posibilidad de error la posici\u00f3n de la isla, no perdi\u00f3 el tiempo y orden\u00f3 a la expedici\u00f3n el registro completo de la costa para elaborar un mapa con la localizaci\u00f3n de todos los accidentes geogr\u00e1ficos susceptibles de servir como puertos. Comenz\u00f3 as\u00ed el estudio cient\u00edfico de la isla de Pascua que, junto a mapas y dibujos de todo tipo, se complet\u00f3 con extensas descripciones de los hallazgos. <\/p>\n<p>Llegado el momento de aproximarse, Haedo orden\u00f3 enviar dos botes con guardias armados y equipo cartogr\u00e1fico a las cercan\u00edas de la isla. El grupo localiz\u00f3 los fondeaderos adecuados para que la flota pudiera guarecerse y permanecer un tiempo establecida en las cercan\u00edas de la isla y, adem\u00e1s, pudieron comprobar en la lejan\u00eda que Pascua se encontraba habitada. Al principio hubo mucha cautela,<strong> lo que parec\u00edan grandes y gruesos \u00e1rboles colocados sim\u00e9tricamente en la costa resultaron ser gigantescas estatuas de piedra<\/strong>. Igualmente, lo que en la lejan\u00eda pod\u00eda ser confundido con grupos de soldados hostiles, qued\u00f3 pronto claro que eran habitantes nativos. \u00bfSe repetir\u00eda el incidente de los holandeses? \u00bfRecordar\u00edan los habitantes de Pascua su tr\u00e1gico primer encuentro con los europeos? Pronto lo iban a averiguar.<\/p>\n<p>Siguiendo meticulosamente sus \u00f3rdenes y los protocolos establecidos en la Armada, el comandante Haedo no se precipit\u00f3. Orden\u00f3 a sus botes y lanchas rodear cuanto fuera necesario toda la isla para completar el mapa de la costa y para anotar cualquier detalle de inter\u00e9s que fuera reconocible en el territorio. El estudio de la informaci\u00f3n recopilada anim\u00f3 a Haedo para fondear finalmente y, para su sorpresa, al poco llegaron dos nativos nadando sin mostrar ning\u00fan miedo, como si el mal recuerdo de la expedici\u00f3n holandesa se hubiera borrado de su memoria colectiva. Los dos visitantes se mostraron fascinados con la ropa y los uniformes espa\u00f1oles. Regresaron a tierra con varias camisas de regalo y, al poco tiempo, no fueron dos sino decenas los isle\u00f1os que se acercaron al fondeadero solicitando ropa. Realmente aquel encuentro no pudo haber marchado mejor, los espa\u00f1oles fueron acogidos con gran alegr\u00eda. Acompa\u00f1ados en todo momento por un gent\u00edo curioso fueron descubriendo los mo\u00e1is, la extra\u00f1a escritura de Pascua, fueron anotando y midiendo todo lo que encontraron para conformar un informe cient\u00edfico realmente impresionante. Ahora bien, lo que m\u00e1s llam\u00f3 la atenci\u00f3n a la expedici\u00f3n, tal y como consta en esos informes, fue el <strong>contraste entre los gigantescos \u00eddolos de piedra y la completa ausencia de tecnolog\u00eda de cualquier tipo<\/strong> que parec\u00edan mostrar los isle\u00f1os, no lograban entender c\u00f3mo gentes aparentemente primitivas hab\u00edan logrado tal gesta. <\/p>\n<p>A pesar de intentar comunicarse con la gente de Pascua en m\u00e1s de veinte idiomas diferentes, no lograron entender nada pero el esfuerzo por comunicarse, por medio de gestos y dibujos, hizo que se pudiera crear algo as\u00ed como el primer diccionario espa\u00f1ol-rapanui de la historia, tal y como constata Francisco Mell\u00e9n Blanco en sus investigaciones. Todo un logro para una expedici\u00f3n que pas\u00f3 escasos d\u00edas en Pascua, un tiempo en el que no dejaron ni un momento de anotar todo lo que encontraron. Sorprendente les result\u00f3 tambi\u00e9n la ausencia de bosques o vegetaci\u00f3n espesa. La pobreza del terreno podr\u00eda justificar que la poblaci\u00f3n no recordara el incidente con los holandeses. Tal y como entendieron, gracias al improvisado diccionario, hab\u00eda cierta norma entre los habitantes de Pascua por la cual <strong>el n\u00famero total de pobladores de la isla no deb\u00eda superar nunca las 900 personas<\/strong>. As\u00ed, los isle\u00f1os contaron que, como esa cifra era la \u00fanica que la tierra pod\u00eda mantener, se mataba a los que superaban los sesenta a\u00f1os de edad si nac\u00eda alg\u00fan ni\u00f1o. En caso de no haber nadie de esa edad, se eliminaba a la criatura, manteni\u00e9ndose siempre los 900 pobladores. Si aquello fuera cierto, no resultar\u00eda nada raro que no quedara nadie capaz de recordar el encuentro con los holandeses. De hecho, los detalles que recogieron parecen mostrar que, aunque pueda parecer sorprendente, la norma se cumpl\u00eda, pues no encontraron ancianos ni personas con defectos f\u00edsicos. <\/p>\n<p>Terminada la primera recolecci\u00f3n de datos cient\u00edficos, Haedo orden\u00f3 cumplir con lo establecido en el plan. Se prepar\u00f3 as\u00ed toda una ceremonia que dej\u00f3 pasmados a los isle\u00f1os, con soldados en formaci\u00f3n, el izado de la bandera de Espa\u00f1a, capellanes cantando letan\u00edas, tres grandes cruces de madera erigidas en varios cerros y un discurso ceremonial. La representaci\u00f3n se complet\u00f3 con los obligados vivas al Rey y las salvas reglamentarias de fusiler\u00eda, respondidas por veinti\u00fan ca\u00f1onazos desde los nav\u00edos. Lo que sucedi\u00f3 a continuaci\u00f3n fue algo \u00fanico en la historia. Entre los flamantes uniformes de la Armada, se organiz\u00f3 una firma para los isle\u00f1os. En teor\u00eda<strong> con aquel documento la poblaci\u00f3n de Pascua reconoc\u00eda la autoridad de Espa\u00f1a sobre el territorio reci\u00e9n descubierto<\/strong>, aunque no queda claro que lograran entender de qu\u00e9 iba todo aquello. Se firm\u00f3 as\u00ed el primer documento de la historia en el que, junto a un texto en castellano, aparecen las \u201cfirmas\u201d de los dignatarios de Pascua dibujadas con signos de escritura jerogl\u00edfica rongo-rongo. <\/p>\n<p>Con impecable perfecci\u00f3n, la expedici\u00f3n de Haedo no se apart\u00f3 ni un momento de sus protocolos y \u00f3rdenes. Completada la cartograf\u00eda y los informes, se despidieron de los habitantes de Pascua y retornaron a Am\u00e9rica, donde Haedo present\u00f3 oficialmente su diario y los diversos informes cient\u00edficos recopilados. <\/p>\n","protected":false},"excerpt":{"rendered":"<div class=\"mh-excerpt\"><p>Versi\u00f3n reducida del art\u00edculo que publiqu\u00e9 en la revista Historia de Iberia Vieja, n\u00famero 72 de junio de 2011. La Rep\u00fablica de Chile ha resuelto anexionarse la isla Pascua, situada <a class=\"mh-excerpt-more\" href=\"https:\/\/alpoma.net\/tecob\/?p=4883\" title=\"Gonz\u00e1lez de Haedo y la isla de Pascua\">[&#8230;]<\/a><\/p>\n<\/div>","protected":false},"author":1,"featured_media":10633,"comment_status":"open","ping_status":"open","sticky":false,"template":"","format":"standard","meta":{"jetpack_post_was_ever_published":false,"_jetpack_newsletter_access":"","_jetpack_dont_email_post_to_subs":false,"_jetpack_newsletter_tier_id":0,"_jetpack_memberships_contains_paywalled_content":false,"_jetpack_memberships_contains_paid_content":false,"footnotes":""},"categories":[10],"tags":[],"class_list":["post-4883","post","type-post","status-publish","format-standard","has-post-thumbnail","hentry","category-made_in_spain"],"jetpack_featured_media_url":"https:\/\/alpoma.net\/tecob\/wp-content\/uploads\/2011\/06\/5793046155_20d4ff836b_m.jpg","jetpack_shortlink":"https:\/\/wp.me\/p93Dc1-1gL","jetpack-related-posts":[{"id":755,"url":"https:\/\/alpoma.net\/tecob\/?p=755","url_meta":{"origin":4883,"position":0},"title":"La verdadera Isla del Tesoro","author":"alpoma","date":"8 agosto 2007","format":false,"excerpt":"No se espere encontrar uno es esta isla a piratas malvados, con pata de palo, parche en el ojo, loro sobre un hombro y cofres llenos de monedas de oro. De eso parece que no hay. Sin embargo, he aqu\u00ed la aut\u00e9ntica Isla del Tesoro. Al menos, lleva tal nombre,\u2026","rel":"","context":"En \u00abGeo\u00bb","block_context":{"text":"Geo","link":"https:\/\/alpoma.net\/tecob\/?cat=5"},"img":{"alt_text":"","src":"","width":0,"height":0},"classes":[]},{"id":49,"url":"https:\/\/alpoma.net\/tecob\/?p=49","url_meta":{"origin":4883,"position":1},"title":"La Palma, el tsunami y el inventor ingl\u00e9s","author":"alpoma","date":"7 octubre 2005","format":false,"excerpt":"Fernando, de la Taberna del Turco, rese\u00f1\u00f3 hoy un tema del que se est\u00e1 hablando bastante en los \u00faltimos meses, la posibilidad de que se origine un aterrador megatsunami en la isla de La Palma, en las Canarias: ...resulta que la \u00faltima erupci\u00f3n del volc\u00e1n Cumbre Vieja de dicha isla\u2026","rel":"","context":"En \u00abGeo\u00bb","block_context":{"text":"Geo","link":"https:\/\/alpoma.net\/tecob\/?cat=5"},"img":{"alt_text":"","src":"https:\/\/i0.wp.com\/alpoma.net\/tecob\/wp-content\/uploads\/2005\/10\/rgvwq.png?resize=350%2C200&ssl=1","width":350,"height":200,"srcset":"https:\/\/i0.wp.com\/alpoma.net\/tecob\/wp-content\/uploads\/2005\/10\/rgvwq.png?resize=350%2C200&ssl=1 1x, https:\/\/i0.wp.com\/alpoma.net\/tecob\/wp-content\/uploads\/2005\/10\/rgvwq.png?resize=525%2C300&ssl=1 1.5x, https:\/\/i0.wp.com\/alpoma.net\/tecob\/wp-content\/uploads\/2005\/10\/rgvwq.png?resize=700%2C400&ssl=1 2x"},"classes":[]},{"id":353,"url":"https:\/\/alpoma.net\/tecob\/?p=353","url_meta":{"origin":4883,"position":2},"title":"La Isla Acorazado","author":"alpoma","date":"12 febrero 2006","format":false,"excerpt":"Gunkanjima, isla japonesa conocida en el resto del mundo como \"Battleship Island\", esto es, \"Isla Acorazado\", ha sido bautizada con ese sobrenombre porque, en la distancia, su silueta recuerda mucho a la de un nav\u00edo de guerra. Se trata de un lugar sorprendente, mezcla de ciudad fantasma y paisaje para\u2026","rel":"","context":"En \u00abGeo\u00bb","block_context":{"text":"Geo","link":"https:\/\/alpoma.net\/tecob\/?cat=5"},"img":{"alt_text":"","src":"","width":0,"height":0},"classes":[]},{"id":712,"url":"https:\/\/alpoma.net\/tecob\/?p=712","url_meta":{"origin":4883,"position":3},"title":"Cargo","author":"alpoma","date":"23 abril 2007","format":false,"excerpt":"Viajemos al pasado y a un remoto lugar. A\u00f1os cuarenta, en medio de la nada, por todas partes lo \u00fanico que puede verse es agua, el Oc\u00e9ano Pac\u00edfico arropa a las peque\u00f1as islas que lo salpican. Los habitantes de una de esas min\u00fasculas porciones de tierra emergida viven aislados del\u2026","rel":"","context":"En \u00abGeo\u00bb","block_context":{"text":"Geo","link":"https:\/\/alpoma.net\/tecob\/?cat=5"},"img":{"alt_text":"","src":"https:\/\/i0.wp.com\/alpoma.net\/tecob\/wp-content\/uploads\/2007\/04\/470284806_10b77a53ba_o.jpg?resize=350%2C200&ssl=1","width":350,"height":200},"classes":[]},{"id":768,"url":"https:\/\/alpoma.net\/tecob\/?p=768","url_meta":{"origin":4883,"position":4},"title":"El grito de la Tierra","author":"alpoma","date":"30 agosto 2007","format":false,"excerpt":"La gran isla humeante llevaba varios meses respirando con dificultad, lanzando al aire una pestilente mezcla de gases y cenizas. De vez en cuando, aumentaba la intensidad de sus estertores acompa\u00f1ados por la emisi\u00f3n de ardiente lava para, pasado un tiempo, volver a la quietud. Nada parec\u00eda diferente aquel d\u00eda\u2026","rel":"","context":"En \u00abClima\u00bb","block_context":{"text":"Clima","link":"https:\/\/alpoma.net\/tecob\/?cat=8"},"img":{"alt_text":"","src":"","width":0,"height":0},"classes":[]},{"id":7049,"url":"https:\/\/alpoma.net\/tecob\/?p=7049","url_meta":{"origin":4883,"position":5},"title":"La isla sin colores","author":"alpoma","date":"15 agosto 2012","format":false,"excerpt":"El tema surgi\u00f3 de repente a principios del verano, en una sobremesa vallisoletana de boca de Carlos Canales, frente a una t\u00f3nica azulada y con el sol amenazando con comerse la sombra en la que nos encontr\u00e1bamos. Se trata de algo bastante conocido entre los genetistas y muy utilizado en\u2026","rel":"","context":"En \u00abGeo\u00bb","block_context":{"text":"Geo","link":"https:\/\/alpoma.net\/tecob\/?cat=5"},"img":{"alt_text":"","src":"","width":0,"height":0},"classes":[]}],"jetpack_sharing_enabled":true,"_links":{"self":[{"href":"https:\/\/alpoma.net\/tecob\/index.php?rest_route=\/wp\/v2\/posts\/4883","targetHints":{"allow":["GET"]}}],"collection":[{"href":"https:\/\/alpoma.net\/tecob\/index.php?rest_route=\/wp\/v2\/posts"}],"about":[{"href":"https:\/\/alpoma.net\/tecob\/index.php?rest_route=\/wp\/v2\/types\/post"}],"author":[{"embeddable":true,"href":"https:\/\/alpoma.net\/tecob\/index.php?rest_route=\/wp\/v2\/users\/1"}],"replies":[{"embeddable":true,"href":"https:\/\/alpoma.net\/tecob\/index.php?rest_route=%2Fwp%2Fv2%2Fcomments&post=4883"}],"version-history":[{"count":0,"href":"https:\/\/alpoma.net\/tecob\/index.php?rest_route=\/wp\/v2\/posts\/4883\/revisions"}],"wp:featuredmedia":[{"embeddable":true,"href":"https:\/\/alpoma.net\/tecob\/index.php?rest_route=\/wp\/v2\/media\/10633"}],"wp:attachment":[{"href":"https:\/\/alpoma.net\/tecob\/index.php?rest_route=%2Fwp%2Fv2%2Fmedia&parent=4883"}],"wp:term":[{"taxonomy":"category","embeddable":true,"href":"https:\/\/alpoma.net\/tecob\/index.php?rest_route=%2Fwp%2Fv2%2Fcategories&post=4883"},{"taxonomy":"post_tag","embeddable":true,"href":"https:\/\/alpoma.net\/tecob\/index.php?rest_route=%2Fwp%2Fv2%2Ftags&post=4883"}],"curies":[{"name":"wp","href":"https:\/\/api.w.org\/{rel}","templated":true}]}}