{"id":485,"date":"2006-05-28T18:17:00","date_gmt":"2006-05-28T16:17:00","guid":{"rendered":"http:\/\/www.alpoma.net\/tecob\/?p=485"},"modified":"2008-09-24T17:42:13","modified_gmt":"2008-09-24T15:42:13","slug":"el-palacio-de-cristal","status":"publish","type":"post","link":"https:\/\/alpoma.net\/tecob\/?p=485","title":{"rendered":"El Palacio de Cristal"},"content":{"rendered":"<p><img decoding=\"async\" src=\"http:\/\/static.flickr.com\/57\/154833776_d6e7345663_m.jpg\" alt=\"palacio\" class=\"dch\"\/>Hace poco, volviendo a ver <strong><a href=\"http:\/\/www.sonypictures.com\/movies\/steamboy\/\">Steamboy<\/a><\/strong>, record\u00e9 lo atra\u00eddo que siempre me he sentido por <strong>uno de los edificios m\u00e1s fascinantes<\/strong>, a mi entender, <strong>de toda la historia<\/strong>. Aunque en la <strong><a href=\"http:\/\/www.alpoma.net\/tecob\/?p=393\">ucr\u00f3nica<\/a><\/strong> pel\u00edcula tal construcci\u00f3n sale bastante mal parada, en el mundo real tampoco es que terminara muy bien, aunque aguant\u00f3 en pie bastantes d\u00e9cadas. Me estoy refiriendo al londinense <strong><a href=\"http:\/\/www.victorianstation.com\/palace.html\">Palacio de Cristal<\/a><\/strong>, ideado por el genio de <strong><a href=\"http:\/\/www.bbc.co.uk\/history\/historic_figures\/paxton_joseph.shtml\">Joseph Paxton<\/a><\/strong> y dedicado a albergar la <strong>Gran Exposici\u00f3n de 1851<\/strong>, localizada en Hyde Park, siendo posteriormente desmontado, modificado, ampliado y trasladado a otro espacio al sur de la capital inglesa, sirvi\u00f3 como escenario de exposiciones, eventos culturales y reuniones de la alta sociedad durante muchos a\u00f1os, hasta que, en 1936 desapareci\u00f3 entre las llamas. En su tiempo, llam\u00f3 mucho la atenci\u00f3n. Eso de erigir una construcci\u00f3n tan grande s\u00f3lo con metal y cristal creaba inquietud en mucha gente, que s\u00f3lo se ve\u00edan seguros dentro de sus oscuras fortalezas de ladrillo. Aunque el nombre de <em>Palacio de Cristal<\/em>, surgi\u00f3 como una especie de chiste en una publicaci\u00f3n sat\u00edrica, prendi\u00f3 entre el p\u00fablico y termin\u00f3 por conocerse as\u00ed.<\/p>\n<p>La <strong>belleza de sus l\u00edneas<\/strong>, su simplicidad y gran tama\u00f1o, la excelente luminosidad que proporcion\u00f3 a sus espacios interiores, supusieron toda una revoluci\u00f3n en el arte de la construcci\u00f3n y llam\u00f3 tanto la atenci\u00f3n de otros dise\u00f1adores y arquitectos que, a partir de entonces, se empezaron a plantear el uso a gran escala de los materiales que la industria pon\u00eda en sus m\u00e1nos, m\u00e1s all\u00e1 del simple ladrillo. El<strong> acero y el vidrio<\/strong> comenzaron en este hist\u00f3rico lugar su reinado, que perdura hoy, por ejemplo, en muchos rascacielos. <\/p>\n<p>A Paxton lo <strong>nombraron caballero<\/strong> por esta gran idea, lo que no est\u00e1 nada mal para un verdadero genio, autodidacta, experto jardinero, constructor de osadas fuentes, pionero de la planificaci\u00f3n urbana, imaginativo trabajador de nuevos materiales, o de los que, al menos, entonces lo eran. A lo largo de su experiencia <strong>dise\u00f1ando invernaderos<\/strong>, hab\u00eda llegado a la conclusi\u00f3n de que la combinaci\u00f3n de una s\u00f3lida estructura met\u00e1lica, panelada con v\u00eddrio, era lo mejor para lograr amplios espacios cerrados con \u00f3ptima iluminaci\u00f3n y un agradable ambiente interior, adem\u00e1s de ofrecer una gran resistencia y durabilidad. Dicho y hecho, sus \u00ablocos\u00bb planos para el <em>Edificio de la Gran Exposici\u00f3n<\/em> se transformaron en realidad y maravillaron a todo el mundo. <strong>M\u00e1s de ochentamil metros cuadrados de v\u00eddrio<\/strong> fueron necesarios para recubrir el armaz\u00f3n met\u00e1lico. El resultado, genial, sencillo y eficaz, como puede verse en los viejos grabados.<\/p>\n<p><img decoding=\"async\" src=\"http:\/\/static.flickr.com\/76\/154833775_537d4d10b6_o.jpg\" alt=\"interior\" class=\"otros\"\/><br \/>\n<sup>Interior del palacio durante la Gran Exposici\u00f3n.<\/sup><\/p>\n<p>Naturalmente, la Exposici\u00f3n no iba a durar para siempre y, tras seis intensos meses, en los que miles de visitantes contemplaron asombrados los frutos m\u00e1s novedosos de las artes, las ciencias y la tecnolog\u00eda de su tiempo, que auguraban un futuro de <em>progreso<\/em>, la muestra cerr\u00f3 sus puertas. <strong>\u00bfQu\u00e9 hacer con tan magn\u00edfica construcci\u00f3n?<\/strong> Algunos plantearon dejarlo donde estaba, otros, simplemente, demolerlo y aprovechar tantas toneladas de acero y v\u00eddrio, adem\u00e1s de madera. Finalmente, a modo de soluci\u00f3n intermedia, fue relocalizado lejos del centro de Londres, adem\u00e1s de ser ampliado. Desde entonces, junto con sus estaciones de ferrocarril asociadas, sirvi\u00f3 de<strong> centro de exposiciones<\/strong>, como una permanente sobre historia natural, y de <strong>lugar para el esparcimiento<\/strong> para la poblaci\u00f3n londinense. <\/p>\n<p><img decoding=\"async\" src=\"http:\/\/static.flickr.com\/58\/154843404_f653428673_o.jpg\" alt=\"1910\" class=\"otros\"\/><br \/>\n<sup>El Palacio alrededor de 1910.<\/sup><\/p>\n<p>Pero para este dinosaurio transparente <strong>las cosas no iban a ir muy bien<\/strong>, era <strong>demasiado caro<\/strong> de mantener y comenz\u00f3 a deteriorarse peligrosamente. Sin dinero, ya se sabe, todo se vuelve oscuro. Con los a\u00f1os, se vendi\u00f3, se revendi\u00f3, por secciones, se utiliz\u00f3 como centro de reuniones, <strong>centro de entrenamiento<\/strong> para m\u00e1s de 125.000 soldados de la Marina Real Brit\u00e1nica, all\u00e1 por la Primera Guerra Mundial, siendo denominado <em>HMS Victory VI<\/em>, como si fuera un nav\u00edo de combate. Los reclutas y lugare\u00f1os, cari\u00f1osamente, llamaban al edificio <em>HMS Crystal Palace<\/em>. En su interior se instal\u00f3 el <strong>Museo de Guerra Imperial<\/strong>, m\u00e1s el tr\u00e1gico final no era muy lejano. El <strong>30 de noviembre de 1936<\/strong>, un <strong>feroz incendio<\/strong> destruy\u00f3 el sue\u00f1o de Joseph Paxton. El \u00faltimo s\u00edmbolo del esplendor del vapor, el carb\u00f3n y el acero, el victoriano y elegante Palacio de Cristal, desapareci\u00f3 para siempre, tal y como Winston Churchill afirm\u00f3: <em>\u00c9ste es el final de una era<\/em>.<\/p>\n<p><img decoding=\"async\" src=\"http:\/\/static.flickr.com\/54\/154840938_e5a824225b_o.jpg\" alt=\"incendio\" class=\"otros\"\/><br \/>\n<sup>El Palacio, el 30 de Noviembre de 1936. Copyright: Kenneth Talbot.<\/sup><\/p>\n<p>Sin embargo, <strong>una nueva era estaba naciendo<\/strong>, el vapor y el carb\u00f3n dejaron paso a una tecnolog\u00eda maravillosa que, tal y como ya se sospechaba entonces, cambiar\u00eda el mundo para siempre. La electricidad y, m\u00e1s tarde, la electr\u00f3nica, vivieron algunos de sus primero pasos importantes en el tiempo y lugar en que el gigante de cristal desaparec\u00eda. En aquellos d\u00edas, poco antes del incendio, la <strong>torre sur del palacio<\/strong> vivi\u00f3 algo que, al princio pas\u00f3 desapercibido, pero que supuso el inicio de una nuevo tiempo. En su interior, <strong><a href=\"http:\/\/www.transdiffusion.org\/emc\/baird\/baird_itv.php\">John Logie Baird<\/a><\/strong> trabajaba incansablemente con aparatos el\u00e9ctricos y extra\u00f1as cajas con frontales de cristal circulares. Pocos sab\u00edan entonces que, en el seno del viejo palacio, <strong>la televisi\u00f3n estaba naciendo<\/strong>. El incendio destruy\u00f3 parte de los experimentos televisivos de Baird, pero la era de la <em>tele <\/em>ya era imparable.<\/p>\n","protected":false},"excerpt":{"rendered":"<div class=\"mh-excerpt\"><p>Hace poco, volviendo a ver Steamboy, record\u00e9 lo atra\u00eddo que siempre me he sentido por uno de los edificios m\u00e1s fascinantes, a mi entender, de toda la historia. Aunque en <a class=\"mh-excerpt-more\" href=\"https:\/\/alpoma.net\/tecob\/?p=485\" title=\"El Palacio de Cristal\">[&#8230;]<\/a><\/p>\n<\/div>","protected":false},"author":1,"featured_media":10721,"comment_status":"open","ping_status":"open","sticky":false,"template":"","format":"standard","meta":{"jetpack_post_was_ever_published":false,"_jetpack_newsletter_access":"","_jetpack_dont_email_post_to_subs":false,"_jetpack_newsletter_tier_id":0,"_jetpack_memberships_contains_paywalled_content":false,"_jetpack_memberships_contains_paid_content":false,"footnotes":""},"categories":[3],"tags":[],"class_list":["post-485","post","type-post","status-publish","format-standard","has-post-thumbnail","hentry","category-obsolescencia"],"jetpack_featured_media_url":"https:\/\/alpoma.net\/tecob\/wp-content\/uploads\/2006\/05\/154833776_d6e7345663_m.jpg","jetpack_shortlink":"https:\/\/wp.me\/p93Dc1-7P","jetpack-related-posts":[{"id":10148,"url":"https:\/\/alpoma.net\/tecob\/?p=10148","url_meta":{"origin":485,"position":0},"title":"Un gigantesco monumento a Col\u00f3n para Madrid","author":"alpoma","date":"5 octubre 2014","format":false,"excerpt":"Este mes de octubre aparece publicado en la revista Historia de Iberia Vieja un art\u00edculo en el que he querido recordar la figura del gran ingeniero Alberto de Palacio. Repaso ah\u00ed algunas de sus grandes obras, como el puente de Vizcaya o el Palacio de Cristal del Retiro y la\u2026","rel":"","context":"En \u00abMade in Spain\u00bb","block_context":{"text":"Made in Spain","link":"https:\/\/alpoma.net\/tecob\/?cat=10"},"img":{"alt_text":"","src":"https:\/\/i0.wp.com\/alpoma.net\/tecob\/wp-content\/uploads\/2014\/10\/Proyecto_Monumento_Colon.jpg?resize=350%2C200&ssl=1","width":350,"height":200,"srcset":"https:\/\/i0.wp.com\/alpoma.net\/tecob\/wp-content\/uploads\/2014\/10\/Proyecto_Monumento_Colon.jpg?resize=350%2C200&ssl=1 1x, https:\/\/i0.wp.com\/alpoma.net\/tecob\/wp-content\/uploads\/2014\/10\/Proyecto_Monumento_Colon.jpg?resize=525%2C300&ssl=1 1.5x, https:\/\/i0.wp.com\/alpoma.net\/tecob\/wp-content\/uploads\/2014\/10\/Proyecto_Monumento_Colon.jpg?resize=700%2C400&ssl=1 2x"},"classes":[]},{"id":4356,"url":"https:\/\/alpoma.net\/tecob\/?p=4356","url_meta":{"origin":485,"position":1},"title":"Cenando dentro de un dinosaurio","author":"alpoma","date":"12 marzo 2011","format":false,"excerpt":"Hay \u00e1gapes hist\u00f3ricos que me hubiera gustado poder contemplar. Sobre algunos ya he escrito, como el \u00faltimo almuerzo a bordo del Titanic. Otros ejemplos fueron m\u00e1s agradables, como el que voy a comentar a continuaci\u00f3n. Benjamin Waterhouse Hawkins era un tipo realmente singular. De oficio era escultor e ilustrador pero,\u2026","rel":"","context":"En \u00abObsolescencia\u00bb","block_context":{"text":"Obsolescencia","link":"https:\/\/alpoma.net\/tecob\/?cat=3"},"img":{"alt_text":"","src":"https:\/\/i0.wp.com\/alpoma.net\/tecob\/wp-content\/uploads\/2011\/03\/5518237895_2709effcef_o.jpg?resize=350%2C200&ssl=1","width":350,"height":200,"srcset":"https:\/\/i0.wp.com\/alpoma.net\/tecob\/wp-content\/uploads\/2011\/03\/5518237895_2709effcef_o.jpg?resize=350%2C200&ssl=1 1x, https:\/\/i0.wp.com\/alpoma.net\/tecob\/wp-content\/uploads\/2011\/03\/5518237895_2709effcef_o.jpg?resize=525%2C300&ssl=1 1.5x"},"classes":[]},{"id":2471,"url":"https:\/\/alpoma.net\/tecob\/?p=2471","url_meta":{"origin":485,"position":2},"title":"Un palacio de la \u00f3pera en medio de la selva","author":"alpoma","date":"11 abril 2010","format":false,"excerpt":"Manaos es uno de esos casos de ciudad repleta de contrastes extra\u00f1os que merece la pena repasar una y otra vez. Esta urbe se localiza al norte de Brasil y, siendo la capital del estado de Amazonas, no sorprender\u00e1 que est\u00e9 situada en tierras ba\u00f1adas por las aguas del gran\u2026","rel":"","context":"En \u00abGeo\u00bb","block_context":{"text":"Geo","link":"https:\/\/alpoma.net\/tecob\/?cat=5"},"img":{"alt_text":"","src":"https:\/\/i0.wp.com\/alpoma.net\/tecob\/wp-content\/uploads\/2010\/04\/4510501257_ee43090693_o.jpg?resize=350%2C200&ssl=1","width":350,"height":200,"srcset":"https:\/\/i0.wp.com\/alpoma.net\/tecob\/wp-content\/uploads\/2010\/04\/4510501257_ee43090693_o.jpg?resize=350%2C200&ssl=1 1x, https:\/\/i0.wp.com\/alpoma.net\/tecob\/wp-content\/uploads\/2010\/04\/4510501257_ee43090693_o.jpg?resize=525%2C300&ssl=1 1.5x"},"classes":[]},{"id":79,"url":"https:\/\/alpoma.net\/tecob\/?p=79","url_meta":{"origin":485,"position":3},"title":"De sanguijuelas y tormentas","author":"alpoma","date":"22 octubre 2005","format":false,"excerpt":"Durante siglos las tormentas fueron una de las mayores pesadillas para los marinos, lleg\u00e1ndose a inventar toda clase de artilugios y m\u00e9todos capaces de pronosticar su aparici\u00f3n. Pero aquellos m\u00e9todos eran poco menos que simples supersticiones, nada pr\u00e1cticos, por lo que un arriesgado m\u00e9dico brit\u00e1nico decidi\u00f3, de una vez por\u2026","rel":"","context":"En \u00abObsolescencia\u00bb","block_context":{"text":"Obsolescencia","link":"https:\/\/alpoma.net\/tecob\/?cat=3"},"img":{"alt_text":"","src":"https:\/\/i0.wp.com\/alpoma.net\/tecob\/wp-content\/uploads\/2005\/10\/54945926_8fd034b9fa_o.jpg?resize=350%2C200&ssl=1","width":350,"height":200},"classes":[]},{"id":7597,"url":"https:\/\/alpoma.net\/tecob\/?p=7597","url_meta":{"origin":485,"position":4},"title":"El capricho de Diocleciano","author":"alpoma","date":"17 diciembre 2012","format":false,"excerpt":"Viajemos a un rinc\u00f3n de la actual Serbia hacia el mes de julio del a\u00f1o 285. Ese tiempo y ese lugar fueron testigos de las batallas que enfrentaron a dos pretendientes a la corona imperial romana, proclamados por sus respectivos soldados. De un lado, Carino, con un potente ej\u00e9rcito pero\u2026","rel":"","context":"En \u00abObsolescencia\u00bb","block_context":{"text":"Obsolescencia","link":"https:\/\/alpoma.net\/tecob\/?cat=3"},"img":{"alt_text":"","src":"https:\/\/i0.wp.com\/alpoma.net\/tecob\/wp-content\/uploads\/2012\/12\/8282422584_b205cfb2df_o.jpg?resize=350%2C200&ssl=1","width":350,"height":200,"srcset":"https:\/\/i0.wp.com\/alpoma.net\/tecob\/wp-content\/uploads\/2012\/12\/8282422584_b205cfb2df_o.jpg?resize=350%2C200&ssl=1 1x, https:\/\/i0.wp.com\/alpoma.net\/tecob\/wp-content\/uploads\/2012\/12\/8282422584_b205cfb2df_o.jpg?resize=525%2C300&ssl=1 1.5x"},"classes":[]},{"id":6863,"url":"https:\/\/alpoma.net\/tecob\/?p=6863","url_meta":{"origin":485,"position":5},"title":"Mart\u00edn Sarmiento y un misterio geogr\u00e1fico en el Palacio Real de Madrid","author":"alpoma","date":"5 julio 2012","format":false,"excerpt":"AVISO: Este art\u00edculo es una versi\u00f3n reducida del que publiqu\u00e9 en la revista Historia de Iberia Vieja en su edici\u00f3n del mes de julio de 2012 y, adem\u00e1s, puede considerarse como complemento de un post anterior en TecOb sobre el mismo tema. ...deben escoger los espa\u00f1oles por primer meridiano para\u2026","rel":"","context":"En \u00abMade in Spain\u00bb","block_context":{"text":"Made in Spain","link":"https:\/\/alpoma.net\/tecob\/?cat=10"},"img":{"alt_text":"","src":"https:\/\/i0.wp.com\/alpoma.net\/tecob\/wp-content\/uploads\/2012\/07\/6956970921_848b4c711a_o.jpg?resize=350%2C200&ssl=1","width":350,"height":200,"srcset":"https:\/\/i0.wp.com\/alpoma.net\/tecob\/wp-content\/uploads\/2012\/07\/6956970921_848b4c711a_o.jpg?resize=350%2C200&ssl=1 1x, https:\/\/i0.wp.com\/alpoma.net\/tecob\/wp-content\/uploads\/2012\/07\/6956970921_848b4c711a_o.jpg?resize=525%2C300&ssl=1 1.5x"},"classes":[]}],"jetpack_sharing_enabled":true,"_links":{"self":[{"href":"https:\/\/alpoma.net\/tecob\/index.php?rest_route=\/wp\/v2\/posts\/485","targetHints":{"allow":["GET"]}}],"collection":[{"href":"https:\/\/alpoma.net\/tecob\/index.php?rest_route=\/wp\/v2\/posts"}],"about":[{"href":"https:\/\/alpoma.net\/tecob\/index.php?rest_route=\/wp\/v2\/types\/post"}],"author":[{"embeddable":true,"href":"https:\/\/alpoma.net\/tecob\/index.php?rest_route=\/wp\/v2\/users\/1"}],"replies":[{"embeddable":true,"href":"https:\/\/alpoma.net\/tecob\/index.php?rest_route=%2Fwp%2Fv2%2Fcomments&post=485"}],"version-history":[{"count":0,"href":"https:\/\/alpoma.net\/tecob\/index.php?rest_route=\/wp\/v2\/posts\/485\/revisions"}],"wp:featuredmedia":[{"embeddable":true,"href":"https:\/\/alpoma.net\/tecob\/index.php?rest_route=\/wp\/v2\/media\/10721"}],"wp:attachment":[{"href":"https:\/\/alpoma.net\/tecob\/index.php?rest_route=%2Fwp%2Fv2%2Fmedia&parent=485"}],"wp:term":[{"taxonomy":"category","embeddable":true,"href":"https:\/\/alpoma.net\/tecob\/index.php?rest_route=%2Fwp%2Fv2%2Fcategories&post=485"},{"taxonomy":"post_tag","embeddable":true,"href":"https:\/\/alpoma.net\/tecob\/index.php?rest_route=%2Fwp%2Fv2%2Ftags&post=485"}],"curies":[{"name":"wp","href":"https:\/\/api.w.org\/{rel}","templated":true}]}}