{"id":4723,"date":"2011-05-02T23:40:37","date_gmt":"2011-05-02T21:40:37","guid":{"rendered":"http:\/\/www.alpoma.net\/tecob\/?p=4723"},"modified":"2015-11-13T11:09:57","modified_gmt":"2015-11-13T09:09:57","slug":"fotografias-de-veteranos-del-ejercito-napoleonico","status":"publish","type":"post","link":"https:\/\/alpoma.net\/tecob\/?p=4723","title":{"rendered":"Fotograf\u00edas de veteranos del ej\u00e9rcito napole\u00f3nico"},"content":{"rendered":"<p>Cuando <strong>Napole\u00f3n<\/strong> fue enviado a <strong><a href=\"http:\/\/es.wikipedia.org\/wiki\/Santa_Elena,_Ascensi%C3%B3n_y_Trist%C3%A1n_de_Acu%C3%B1a\">Santa Elena<\/a><\/strong>, la fotograf\u00eda todav\u00eda no se hab\u00eda empezado a desarrollar. \u00bfC\u00f3mo es posible que se conserven im\u00e1genes fotogr\u00e1ficas de soldados de la <em>Grande Arm\u00e9e<\/em> napole\u00f3nica? La respuesta es sencilla, se trata de<strong> im\u00e1genes tomadas a mediados de la d\u00e9cada de 1850<\/strong>, posiblemente hacia 1857. Los protagonistas de estas fotograf\u00edas visten la<em> Medalla de Santa Elena<\/em>, creada por Napole\u00f3n III en ese a\u00f1o para honrar a los veteranos supervivientes de la <em>Grande Arm\u00e9e<\/em>. Y as\u00ed, <strong>cuatro d\u00e9cadas despu\u00e9s de haber combatido junto a Napole\u00f3n<\/strong>, aparecen retratados estos ancianos veteranos de guerra con sus uniformes originales, algo remendados, como eco fotogr\u00e1fico \u00fanico en el mundo que <strong><a href=\"http:\/\/library.brown.edu\/collections\/askb\/veterans.php\">se encuentra custodiado por la Brown University Library<\/a><\/strong>. Lo que sigue son algunos ejemplos de esas fotograf\u00edas. <\/p>\n<p style=\"text-align: center\">\n<p style=\"text-align: center\"><a href=\"http:\/\/www.flickr.com\/photos\/alpoma\/5681580084\/\" title=\"Loria, on Flickr\"><img loading=\"lazy\" decoding=\"async\" src=\"http:\/\/farm6.static.flickr.com\/5147\/5681580084_6bcc9db0d0_o.jpg\" width=\"380\" height=\"500\" alt=\"Loria\" class=\"otros\"\/><\/a><br \/>\nLoria, 24\u00ba regimiento de Cazadores Montados.<\/p>\n<p style=\"text-align: center\"><a href=\"http:\/\/www.flickr.com\/photos\/alpoma\/5681015429\/\" title=\"Taria, on Flickr\"><img loading=\"lazy\" decoding=\"async\" src=\"http:\/\/farm6.static.flickr.com\/5027\/5681015429_b857d1e9dc_o.jpg\" width=\"380\" height=\"500\" alt=\"Taria\" class=\"otras\"\/><\/a><br \/>\nSargento Taria, Granadero de la Guardia, 1809-1815.<\/p>\n<p><!--more--><\/p>\n<p style=\"text-align: center\"><a href=\"http:\/\/www.flickr.com\/photos\/alpoma\/5681579800\/\" title=\"Mauban, on Flickr\"><img loading=\"lazy\" decoding=\"async\" src=\"http:\/\/farm6.static.flickr.com\/5064\/5681579800_a20d4b6f60_o.jpg\" width=\"380\" height=\"500\" alt=\"Mauban\" class=\"otros\"\/><\/a><br \/>\nMauban, 8\u00ba Regimiento de Dragones, 1815.<\/p>\n<p style=\"text-align: center\"><a href=\"http:\/\/www.flickr.com\/photos\/alpoma\/5681579636\/\" title=\"Maire, on Flickr\"><img loading=\"lazy\" decoding=\"async\" src=\"http:\/\/farm6.static.flickr.com\/5146\/5681579636_d8e9c33722_o.jpg\" width=\"384\" height=\"500\" alt=\"Maire\" class=\"otros\"\/><\/a><br \/>\nMaire, 7\u00ba de H\u00fasares, 1809-1815.<\/p>\n<p style=\"text-align: center\"><a href=\"http:\/\/www.flickr.com\/photos\/alpoma\/5681579514\/\" title=\"Vitry, on Flickr\"><img loading=\"lazy\" decoding=\"async\" src=\"http:\/\/farm6.static.flickr.com\/5027\/5681579514_dcd22a5b88_o.jpg\" width=\"377\" height=\"500\" alt=\"Vitry\" class=\"otros\"\/><\/a><br \/>\nVitry, Guardia Departamental.<\/p>\n<p style=\"text-align: center\"><a href=\"http:\/\/www.flickr.com\/photos\/alpoma\/5681579264\/\" title=\"Verlinde, on Flickr\"><img loading=\"lazy\" decoding=\"async\" src=\"http:\/\/farm6.static.flickr.com\/5221\/5681579264_31475e7d66_o.jpg\" width=\"381\" height=\"500\" alt=\"Verlinde\" class=\"otros\"\/><\/a><br \/>\nVerlinde, 2\u00ba de Lanceros, 1815.<\/p>\n<p style=\"text-align: center\"><a href=\"http:\/\/www.flickr.com\/photos\/alpoma\/5681579104\/\" title=\"Delignon, on Flickr\"><img loading=\"lazy\" decoding=\"async\" src=\"http:\/\/farm6.static.flickr.com\/5067\/5681579104_f8632d38f8_o.jpg\" width=\"381\" height=\"500\" alt=\"Delignon\" class=\"otros\"\/><\/a><br \/>\nSargento Delignon, Cazador Montado de la Guardia, 1809-1815.<\/p>\n<p style=\"text-align: center\"><a href=\"http:\/\/www.flickr.com\/photos\/alpoma\/5681014439\/\" title=\"Ducel, on Flickr\"><img loading=\"lazy\" decoding=\"async\" src=\"http:\/\/farm6.static.flickr.com\/5028\/5681014439_72514839fa_o.jpg\" width=\"381\" height=\"500\" alt=\"Ducel\" class=\"otros\"\/><\/a><br \/>\nDucel, Mameluco de la Guardia, 1813-1815.<\/p>\n<p style=\"text-align: center\"><a href=\"http:\/\/www.flickr.com\/photos\/alpoma\/5681578608\/\" title=\"Schmitt, on Flickr\"><img loading=\"lazy\" decoding=\"async\" src=\"http:\/\/farm6.static.flickr.com\/5144\/5681578608_d706072b6a_o.jpg\" width=\"376\" height=\"500\" alt=\"Schmitt\" class=\"otros\"\/><\/a><br \/>\nSchmit, 2\u00ba Regimiento de Cazadores Montados, 1813-1814.<\/p>\n<p style=\"text-align: center\"><a href=\"http:\/\/www.flickr.com\/photos\/alpoma\/5681578338\/\" title=\"Moret, on Flickr\"><img loading=\"lazy\" decoding=\"async\" src=\"http:\/\/farm6.static.flickr.com\/5107\/5681578338_0a5a36c5f3_o.jpg\" width=\"376\" height=\"500\" alt=\"Moret\" class=\"otros\"\/><\/a><br \/>\nMoret, 2\u00ba Regimiento, 1814-1815.<\/p>\n<p style=\"text-align: center\"><a href=\"http:\/\/www.flickr.com\/photos\/alpoma\/5681578060\/\" title=\"Lefebre, on Flickr\"><img loading=\"lazy\" decoding=\"async\" src=\"http:\/\/farm6.static.flickr.com\/5149\/5681578060_ae3cc4c42f_o.jpg\" width=\"373\" height=\"500\" alt=\"Lefebre\" class=\"otros\"\/><\/a><br \/>\nSargento Lefebre, 2\u00ba Regimiento de Ingenieros, 1815.<\/p>\n<p style=\"text-align: center\"><a href=\"http:\/\/www.flickr.com\/photos\/alpoma\/5681577782\/\" title=\"Fabry, on Flickr\"><img loading=\"lazy\" decoding=\"async\" src=\"http:\/\/farm6.static.flickr.com\/5070\/5681577782_752955cb4f_o.jpg\" width=\"368\" height=\"500\" alt=\"Fabry\" class=\"otros\"\/><\/a><br \/>\nIntendente Fabry, 1\u00ba de H\u00fasares.<\/p>\n<p style=\"text-align: center\"><a href=\"http:\/\/www.flickr.com\/photos\/alpoma\/5681577310\/\" title=\"Dupont, on Flickr\"><img loading=\"lazy\" decoding=\"async\" src=\"http:\/\/farm6.static.flickr.com\/5026\/5681577310_5c35e1c5e6_o.jpg\" width=\"373\" height=\"500\" alt=\"Dupont\" class=\"otros\"\/><\/a><br \/>\nDupont, 1\u00ba de H\u00fasares.<\/p>\n<p style=\"text-align: center\"><a href=\"http:\/\/www.flickr.com\/photos\/alpoma\/5681577086\/\" title=\"Dreuse, on Flickr\"><img loading=\"lazy\" decoding=\"async\" src=\"http:\/\/farm6.static.flickr.com\/5183\/5681577086_f18c306e1d_o.jpg\" width=\"398\" height=\"500\" alt=\"Dreuse\" class=\"otros\"\/><\/a><br \/>\nDreuse, 2\u00ba de Lanceros de la Caballer\u00eda ligera de la Guardia, 1813-1814.<\/p>\n<p style=\"text-align: center\"><a href=\"http:\/\/www.flickr.com\/photos\/alpoma\/5681576908\/\" title=\"Burg, on Flickr\"><img loading=\"lazy\" decoding=\"async\" src=\"http:\/\/farm6.static.flickr.com\/5069\/5681576908_a162026e9c_o.jpg\" width=\"375\" height=\"500\" alt=\"Burg\" class=\"otros\"\/><\/a><br \/>\nGranadero Burg, 24\u00ba Regimiento de la Guardia, 1815.<\/p>\n","protected":false},"excerpt":{"rendered":"<div class=\"mh-excerpt\"><p>Cuando Napole\u00f3n fue enviado a Santa Elena, la fotograf\u00eda todav\u00eda no se hab\u00eda empezado a desarrollar. \u00bfC\u00f3mo es posible que se conserven im\u00e1genes fotogr\u00e1ficas de soldados de la Grande Arm\u00e9e <a class=\"mh-excerpt-more\" href=\"https:\/\/alpoma.net\/tecob\/?p=4723\" title=\"Fotograf\u00edas de veteranos del ej\u00e9rcito napole\u00f3nico\">[&#8230;]<\/a><\/p>\n<\/div>","protected":false},"author":1,"featured_media":10901,"comment_status":"open","ping_status":"open","sticky":false,"template":"","format":"standard","meta":{"jetpack_post_was_ever_published":false,"_jetpack_newsletter_access":"","_jetpack_dont_email_post_to_subs":false,"_jetpack_newsletter_tier_id":0,"_jetpack_memberships_contains_paywalled_content":false,"_jetpack_memberships_contains_paid_content":false,"footnotes":""},"categories":[3],"tags":[],"class_list":["post-4723","post","type-post","status-publish","format-standard","has-post-thumbnail","hentry","category-obsolescencia"],"jetpack_featured_media_url":"https:\/\/alpoma.net\/tecob\/wp-content\/uploads\/2011\/05\/5681580084_6bcc9db0d0_o.jpg","jetpack_shortlink":"https:\/\/wp.me\/p93Dc1-1eb","jetpack-related-posts":[{"id":883,"url":"https:\/\/alpoma.net\/tecob\/?p=883","url_meta":{"origin":4723,"position":0},"title":"La escalera de Jacob","author":"alpoma","date":"8 abril 2008","format":false,"excerpt":"No me referir\u00e9 aqu\u00ed a la b\u00edblica escalera del G\u00e9nesis, por la que se dec\u00eda que circulaban los \u00e1ngeles en su trasiego entre los cielos y la Tierra, so\u00f1ada por Jacob. Nada de eso, la escalera que visita hoy TecOb, aunque lleve el mismo nombre, no es celestial, pero tiene\u2026","rel":"","context":"En \u00abGeo\u00bb","block_context":{"text":"Geo","link":"https:\/\/alpoma.net\/tecob\/?cat=5"},"img":{"alt_text":"","src":"https:\/\/i0.wp.com\/alpoma.net\/tecob\/wp-content\/uploads\/2008\/04\/2397842275_45d435ff75_o.jpg?resize=350%2C200&ssl=1","width":350,"height":200,"srcset":"https:\/\/i0.wp.com\/alpoma.net\/tecob\/wp-content\/uploads\/2008\/04\/2397842275_45d435ff75_o.jpg?resize=350%2C200&ssl=1 1x, https:\/\/i0.wp.com\/alpoma.net\/tecob\/wp-content\/uploads\/2008\/04\/2397842275_45d435ff75_o.jpg?resize=525%2C300&ssl=1 1.5x"},"classes":[]},{"id":4557,"url":"https:\/\/alpoma.net\/tecob\/?p=4557","url_meta":{"origin":4723,"position":1},"title":"De bibliotecas y escalas s\u00edsmicas","author":"alpoma","date":"13 abril 2011","format":false,"excerpt":"El libro Fallen Books apareci\u00f3 en 2008 como una propuesta art\u00edstica singular de la mano de Melissa Dubbin y Aaron S. Davidson. La idea es, hasta donde he podido averiguar, completamente original y \u00fanica. Consiste en crear una nueva escala para cuantificar da\u00f1os producidos por terremotos al modo del sistema\u2026","rel":"","context":"En \u00abObsolescencia\u00bb","block_context":{"text":"Obsolescencia","link":"https:\/\/alpoma.net\/tecob\/?cat=3"},"img":{"alt_text":"fallen_books","src":"https:\/\/i0.wp.com\/farm6.static.flickr.com\/5304\/5614030980_8c486356f4_m.jpg?resize=350%2C200","width":350,"height":200},"classes":[]},{"id":14646,"url":"https:\/\/alpoma.net\/tecob\/?p=14646","url_meta":{"origin":4723,"position":2},"title":"Esculturas fotogr\u00e1ficas de 1910","author":"alpoma","date":"21 septiembre 2019","format":false,"excerpt":"El uso de la fotograf\u00eda tridimensional para crear esculturas, o el empleo de t\u00e9cnicas fotogram\u00e9tricas para labores similares, es algo que puede parecer muy reciente, pero ya desde las segunda mitad del siglo XIX se ven\u00edan haciendo experimentos en este sentido. En la edici\u00f3n del 30 de noviembre de 1910\u2026","rel":"","context":"En \u00abObsolescencia\u00bb","block_context":{"text":"Obsolescencia","link":"https:\/\/alpoma.net\/tecob\/?cat=3"},"img":{"alt_text":"","src":"https:\/\/i0.wp.com\/alpoma.net\/tecob\/wp-content\/uploads\/2019\/09\/escultura-fotografica-1910.jpg?resize=350%2C200&ssl=1","width":350,"height":200},"classes":[]},{"id":3098,"url":"https:\/\/alpoma.net\/tecob\/?p=3098","url_meta":{"origin":4723,"position":3},"title":"Un paseo por Nueva York (hacia 1900)","author":"alpoma","date":"9 julio 2010","format":false,"excerpt":"Alimento TecOb este inicio de fin de semana con algo para pasar un buen rato escudri\u00f1ando im\u00e1genes a la busca de sorprendentes detalles. Bien saben quienes se acercan a estas letras de forma habitual que, de vez en cuando, dejo por aqu\u00ed algunas im\u00e1genes que me parecen especialmente evocadoras, aut\u00e9nticos\u2026","rel":"","context":"En \u00abObsolescencia\u00bb","block_context":{"text":"Obsolescencia","link":"https:\/\/alpoma.net\/tecob\/?cat=3"},"img":{"alt_text":"","src":"https:\/\/i0.wp.com\/alpoma.net\/tecob\/wp-content\/uploads\/2010\/07\/2889530455_9019b03eb5.jpg?resize=350%2C200&ssl=1","width":350,"height":200},"classes":[]},{"id":967,"url":"https:\/\/alpoma.net\/tecob\/?p=967","url_meta":{"origin":4723,"position":4},"title":"El Museo Secreto de la Humanidad","author":"alpoma","date":"22 agosto 2008","format":false,"excerpt":"Rescata Ian Macky en su web personal esta misteriosa obra al completo, que puede descargarse para no tener que saltar de p\u00e1gina en p\u00e1gina en la red, aunque aviso, el archivo ocupa casi 230Mb y la velocidad de descarga es bastante lenta. The Secret Museum of Mankind est\u00e1 formado por\u2026","rel":"","context":"En \u00abGeo\u00bb","block_context":{"text":"Geo","link":"https:\/\/alpoma.net\/tecob\/?cat=5"},"img":{"alt_text":"","src":"","width":0,"height":0},"classes":[]},{"id":1160,"url":"https:\/\/alpoma.net\/tecob\/?p=1160","url_meta":{"origin":4723,"position":5},"title":"Los balcones transparentes de la Torre Sears","author":"alpoma","date":"2 julio 2009","format":false,"excerpt":"S\u00f3lo con pensarlo me recorre el espinazo una sensaci\u00f3n de v\u00e9rtigo nada c\u00f3moda, pero supongo que habr\u00e1 gente a la que la experiencia le guste. La Torre Sears es uno de los edificios m\u00e1s emblem\u00e1ticos de Chicago y, hasta hace pocos a\u00f1os, fue considerado como el edificio m\u00e1s alto del\u2026","rel":"","context":"En \u00abGeo\u00bb","block_context":{"text":"Geo","link":"https:\/\/alpoma.net\/tecob\/?cat=5"},"img":{"alt_text":"","src":"https:\/\/i0.wp.com\/alpoma.net\/tecob\/wp-content\/uploads\/2009\/07\/3681544926_71d69eae95_o.jpg?resize=350%2C200&ssl=1","width":350,"height":200,"srcset":"https:\/\/i0.wp.com\/alpoma.net\/tecob\/wp-content\/uploads\/2009\/07\/3681544926_71d69eae95_o.jpg?resize=350%2C200&ssl=1 1x, https:\/\/i0.wp.com\/alpoma.net\/tecob\/wp-content\/uploads\/2009\/07\/3681544926_71d69eae95_o.jpg?resize=525%2C300&ssl=1 1.5x"},"classes":[]}],"jetpack_sharing_enabled":true,"_links":{"self":[{"href":"https:\/\/alpoma.net\/tecob\/index.php?rest_route=\/wp\/v2\/posts\/4723","targetHints":{"allow":["GET"]}}],"collection":[{"href":"https:\/\/alpoma.net\/tecob\/index.php?rest_route=\/wp\/v2\/posts"}],"about":[{"href":"https:\/\/alpoma.net\/tecob\/index.php?rest_route=\/wp\/v2\/types\/post"}],"author":[{"embeddable":true,"href":"https:\/\/alpoma.net\/tecob\/index.php?rest_route=\/wp\/v2\/users\/1"}],"replies":[{"embeddable":true,"href":"https:\/\/alpoma.net\/tecob\/index.php?rest_route=%2Fwp%2Fv2%2Fcomments&post=4723"}],"version-history":[{"count":0,"href":"https:\/\/alpoma.net\/tecob\/index.php?rest_route=\/wp\/v2\/posts\/4723\/revisions"}],"wp:featuredmedia":[{"embeddable":true,"href":"https:\/\/alpoma.net\/tecob\/index.php?rest_route=\/wp\/v2\/media\/10901"}],"wp:attachment":[{"href":"https:\/\/alpoma.net\/tecob\/index.php?rest_route=%2Fwp%2Fv2%2Fmedia&parent=4723"}],"wp:term":[{"taxonomy":"category","embeddable":true,"href":"https:\/\/alpoma.net\/tecob\/index.php?rest_route=%2Fwp%2Fv2%2Fcategories&post=4723"},{"taxonomy":"post_tag","embeddable":true,"href":"https:\/\/alpoma.net\/tecob\/index.php?rest_route=%2Fwp%2Fv2%2Ftags&post=4723"}],"curies":[{"name":"wp","href":"https:\/\/api.w.org\/{rel}","templated":true}]}}