{"id":4666,"date":"2011-04-26T23:35:20","date_gmt":"2011-04-26T21:35:20","guid":{"rendered":"http:\/\/www.alpoma.net\/tecob\/?p=4666"},"modified":"2011-04-26T23:35:20","modified_gmt":"2011-04-26T21:35:20","slug":"burrometro-de-intemperie","status":"publish","type":"post","link":"https:\/\/alpoma.net\/tecob\/?p=4666","title":{"rendered":"Burr\u00f3metro de intemperie"},"content":{"rendered":"<p>Esta ma\u00f1ana temprano tuve que viajar hasta Cervera de Pisuerga \u2014s\u00ed, el pueblo de los <em>socorritos<\/em> del que <a href=\"http:\/\/www.alpoma.net\/tecob\/?p=4623\">escrib\u00ed hace poco<\/a>\u2014 para pasar la ITV al coche. Despu\u00e9s del tr\u00e1mite pas\u00e9 un rato entre calles y me llam\u00f3 la atenci\u00f3n la proliferaci\u00f3n que en diversos escaparates hab\u00eda de <strong>azulejos con frases y chascarrillos<\/strong> inscritos, como si de una peque\u00f1a invasi\u00f3n de lo jocoso se tratara. Uno de ellos me llam\u00f3 especialmente la atenci\u00f3n y me alegr\u00f3 la ma\u00f1ana. Se trata del <strong>burr\u00f3metro de intemperie<\/strong>, colmo de la obviedad hecho chiste de azulejo que, como puede verse, <em>acierta siempre<\/em>. Esta fotograf\u00eda que tom\u00e9 por la ma\u00f1ana da fe de ello. \ud83d\ude09<\/p>\n<p style=\"text-align: center\"><a href=\"http:\/\/www.flickr.com\/photos\/alpoma\/5656728689\/\" title=\"Burr\u00f3metro de intemperie :-) by alpoma, on Flickr\"><img loading=\"lazy\" decoding=\"async\" src=\"http:\/\/farm6.static.flickr.com\/5303\/5656728689_ccfb5a1866_o.jpg\" width=\"612\" height=\"612\" alt=\"Burr\u00f3metro de intemperie :-)\" class=\"otros\"\/><\/a><\/p>\n","protected":false},"excerpt":{"rendered":"<div class=\"mh-excerpt\"><p>Esta ma\u00f1ana temprano tuve que viajar hasta Cervera de Pisuerga \u2014s\u00ed, el pueblo de los socorritos del que escrib\u00ed hace poco\u2014 para pasar la ITV al coche. Despu\u00e9s del tr\u00e1mite <a class=\"mh-excerpt-more\" href=\"https:\/\/alpoma.net\/tecob\/?p=4666\" title=\"Burr\u00f3metro de intemperie\">[&#8230;]<\/a><\/p>\n<\/div>","protected":false},"author":1,"featured_media":10648,"comment_status":"open","ping_status":"open","sticky":false,"template":"","format":"standard","meta":{"jetpack_post_was_ever_published":false,"_jetpack_newsletter_access":"","_jetpack_dont_email_post_to_subs":false,"_jetpack_newsletter_tier_id":0,"_jetpack_memberships_contains_paywalled_content":false,"_jetpack_memberships_contains_paid_content":false,"footnotes":""},"categories":[2],"tags":[],"class_list":["post-4666","post","type-post","status-publish","format-standard","has-post-thumbnail","hentry","category-personal"],"jetpack_featured_media_url":"https:\/\/alpoma.net\/tecob\/wp-content\/uploads\/2011\/04\/5656728689_ccfb5a1866_o.jpg","jetpack_shortlink":"https:\/\/wp.me\/p93Dc1-1dg","jetpack-related-posts":[{"id":7740,"url":"https:\/\/alpoma.net\/tecob\/?p=7740","url_meta":{"origin":4666,"position":0},"title":"Los Polos del fr\u00edo","author":"alpoma","date":"22 enero 2013","format":false,"excerpt":"Est\u00e1 nevando en los alrededores, hace fresco... vale, hace fr\u00edo, mucho fr\u00edo. Pero no es nada, no al menos si se compara con ciertos lugares de nuestro planeta que se conocen como Polos fr\u00edos. Ayer en una nota de la Revista del Aficionado a la Meteorolog\u00eda (RAM) se mencionaba el\u2026","rel":"","context":"En \u00abClima\u00bb","block_context":{"text":"Clima","link":"https:\/\/alpoma.net\/tecob\/?cat=8"},"img":{"alt_text":"Nieve","src":"https:\/\/i0.wp.com\/farm6.staticflickr.com\/5049\/5294160111_48797a6564_m.jpg?resize=350%2C200","width":350,"height":200},"classes":[]},{"id":5600,"url":"https:\/\/alpoma.net\/tecob\/?p=5600","url_meta":{"origin":4666,"position":1},"title":"Un paseo por el Science Museum de Londres","author":"alpoma","date":"7 noviembre 2011","format":false,"excerpt":"Sucedi\u00f3 hace ocho d\u00edas, sin pensar, como si algo estuviera llamando mi atenci\u00f3n con disimulo. De repente me veo cruzando una puerta oscura que pertenec\u00eda a un edificio con la fachada en obras, un lugar que desde el exterior no llamaba mucho la atenci\u00f3n, era de esos sitios que siempre\u2026","rel":"","context":"En \u00abObsolescencia\u00bb","block_context":{"text":"Obsolescencia","link":"https:\/\/alpoma.net\/tecob\/?cat=3"},"img":{"alt_text":"","src":"https:\/\/i0.wp.com\/alpoma.net\/tecob\/wp-content\/uploads\/2011\/11\/6322872661_870fcaf1fe_o.jpg?resize=350%2C200&ssl=1","width":350,"height":200,"srcset":"https:\/\/i0.wp.com\/alpoma.net\/tecob\/wp-content\/uploads\/2011\/11\/6322872661_870fcaf1fe_o.jpg?resize=350%2C200&ssl=1 1x, https:\/\/i0.wp.com\/alpoma.net\/tecob\/wp-content\/uploads\/2011\/11\/6322872661_870fcaf1fe_o.jpg?resize=525%2C300&ssl=1 1.5x"},"classes":[]},{"id":2273,"url":"https:\/\/alpoma.net\/tecob\/?p=2273","url_meta":{"origin":4666,"position":2},"title":"Un recuerdo de Jos\u00e9 I Bonaparte","author":"alpoma","date":"27 febrero 2010","format":false,"excerpt":"Esta ma\u00f1ana, mientras dibuj\u00e1bamos unos bocetos por las calles de Valladolid en la SketchCrawl, yo junto a Adolfo Arranz pues \u00fanicamente dos personas hemos asistido, se acerc\u00f3 a nosotros un simp\u00e1tico lugare\u00f1o. Tras varios comentarios diversos nos inform\u00f3 de algo singular de lo que no ten\u00eda ni idea pero que\u2026","rel":"","context":"En \u00abObsolescencia\u00bb","block_context":{"text":"Obsolescencia","link":"https:\/\/alpoma.net\/tecob\/?cat=3"},"img":{"alt_text":"","src":"https:\/\/i0.wp.com\/alpoma.net\/tecob\/wp-content\/uploads\/2010\/02\/4392592178_d8bae19f29_o.jpg?resize=350%2C200&ssl=1","width":350,"height":200,"srcset":"https:\/\/i0.wp.com\/alpoma.net\/tecob\/wp-content\/uploads\/2010\/02\/4392592178_d8bae19f29_o.jpg?resize=350%2C200&ssl=1 1x, https:\/\/i0.wp.com\/alpoma.net\/tecob\/wp-content\/uploads\/2010\/02\/4392592178_d8bae19f29_o.jpg?resize=525%2C300&ssl=1 1.5x"},"classes":[]},{"id":12603,"url":"https:\/\/alpoma.net\/tecob\/?p=12603","url_meta":{"origin":4666,"position":3},"title":"El elemento coronio y su pariente el geocoronio","author":"alpoma","date":"20 abril 2017","format":false,"excerpt":"En el largo proceso por el que se ha ido estableciendo la identidad de los elementos qu\u00edmicos, han aparecido en multitud de ocasiones errores de identificaci\u00f3n de todo tipo1. Por ejemplo, a partir de las observaciones del espectro luminoso de una nebulosa llevadas a cabo por el astr\u00f3nomo brit\u00e1nico William\u2026","rel":"","context":"En \u00abObsolescencia\u00bb","block_context":{"text":"Obsolescencia","link":"https:\/\/alpoma.net\/tecob\/?cat=3"},"img":{"alt_text":"","src":"https:\/\/i0.wp.com\/alpoma.net\/tecob\/wp-content\/uploads\/2017\/04\/corona2.png?resize=350%2C200&ssl=1","width":350,"height":200},"classes":[]},{"id":8456,"url":"https:\/\/alpoma.net\/tecob\/?p=8456","url_meta":{"origin":4666,"position":4},"title":"\u00c9tienne Bunau-Varilla y su bici-torpedo","author":"alpoma","date":"29 agosto 2013","format":false,"excerpt":"\u00bfSientes que el aire te frena al intentar marchar m\u00e1s r\u00e1pido en tu bicicleta? \u00bfQuieres superar alguna marca de velocidad sobre dos ruedas? No s\u00e9 en qu\u00e9 estar\u00eda pensando \u00c9tienne Bunau-Varilla cuando dise\u00f1\u00f3 su su bici-torpedo, pero seguro que le preocupaba conseguir alguna mejora aerodin\u00e1mica. El caso es que, pr\u00e1ctico,\u2026","rel":"","context":"En \u00abObsolescencia\u00bb","block_context":{"text":"Obsolescencia","link":"https:\/\/alpoma.net\/tecob\/?cat=3"},"img":{"alt_text":"","src":"https:\/\/i0.wp.com\/alpoma.net\/tecob\/wp-content\/uploads\/2013\/08\/bici_torpedo_2.jpg?resize=350%2C200&ssl=1","width":350,"height":200,"srcset":"https:\/\/i0.wp.com\/alpoma.net\/tecob\/wp-content\/uploads\/2013\/08\/bici_torpedo_2.jpg?resize=350%2C200&ssl=1 1x, https:\/\/i0.wp.com\/alpoma.net\/tecob\/wp-content\/uploads\/2013\/08\/bici_torpedo_2.jpg?resize=525%2C300&ssl=1 1.5x"},"classes":[]},{"id":7834,"url":"https:\/\/alpoma.net\/tecob\/?p=7834","url_meta":{"origin":4666,"position":5},"title":"El castillo de fantas\u00eda de Ferdinand Cheval","author":"alpoma","date":"20 febrero 2013","format":false,"excerpt":"Hace algunos a\u00f1os alcanz\u00f3 la fama un vecino de Mejorada del Campo, en Madrid, gracias a un anuncio de televisi\u00f3n sobre cierto refresco. Se trata de Justo Gallego Mart\u00ednez, que lleva medio siglo construyendo con sus propias manos toda una categral dise\u00f1ada por \u00e9l mismo. Es uno de los casos\u2026","rel":"","context":"En \u00abObsolescencia\u00bb","block_context":{"text":"Obsolescencia","link":"https:\/\/alpoma.net\/tecob\/?cat=3"},"img":{"alt_text":"","src":"https:\/\/i0.wp.com\/alpoma.net\/tecob\/wp-content\/uploads\/2013\/02\/8490845602_4a0b817f5d_z.jpg?resize=350%2C200&ssl=1","width":350,"height":200,"srcset":"https:\/\/i0.wp.com\/alpoma.net\/tecob\/wp-content\/uploads\/2013\/02\/8490845602_4a0b817f5d_z.jpg?resize=350%2C200&ssl=1 1x, https:\/\/i0.wp.com\/alpoma.net\/tecob\/wp-content\/uploads\/2013\/02\/8490845602_4a0b817f5d_z.jpg?resize=525%2C300&ssl=1 1.5x"},"classes":[]}],"jetpack_sharing_enabled":true,"_links":{"self":[{"href":"https:\/\/alpoma.net\/tecob\/index.php?rest_route=\/wp\/v2\/posts\/4666","targetHints":{"allow":["GET"]}}],"collection":[{"href":"https:\/\/alpoma.net\/tecob\/index.php?rest_route=\/wp\/v2\/posts"}],"about":[{"href":"https:\/\/alpoma.net\/tecob\/index.php?rest_route=\/wp\/v2\/types\/post"}],"author":[{"embeddable":true,"href":"https:\/\/alpoma.net\/tecob\/index.php?rest_route=\/wp\/v2\/users\/1"}],"replies":[{"embeddable":true,"href":"https:\/\/alpoma.net\/tecob\/index.php?rest_route=%2Fwp%2Fv2%2Fcomments&post=4666"}],"version-history":[{"count":0,"href":"https:\/\/alpoma.net\/tecob\/index.php?rest_route=\/wp\/v2\/posts\/4666\/revisions"}],"wp:featuredmedia":[{"embeddable":true,"href":"https:\/\/alpoma.net\/tecob\/index.php?rest_route=\/wp\/v2\/media\/10648"}],"wp:attachment":[{"href":"https:\/\/alpoma.net\/tecob\/index.php?rest_route=%2Fwp%2Fv2%2Fmedia&parent=4666"}],"wp:term":[{"taxonomy":"category","embeddable":true,"href":"https:\/\/alpoma.net\/tecob\/index.php?rest_route=%2Fwp%2Fv2%2Fcategories&post=4666"},{"taxonomy":"post_tag","embeddable":true,"href":"https:\/\/alpoma.net\/tecob\/index.php?rest_route=%2Fwp%2Fv2%2Ftags&post=4666"}],"curies":[{"name":"wp","href":"https:\/\/api.w.org\/{rel}","templated":true}]}}