{"id":466,"date":"2006-05-11T17:37:57","date_gmt":"2006-05-11T15:37:57","guid":{"rendered":"http:\/\/www.alpoma.net\/tecob\/?p=466"},"modified":"2006-05-11T17:38:56","modified_gmt":"2006-05-11T15:38:56","slug":"echegaray-sobre-el-movimiento-continuo","status":"publish","type":"post","link":"https:\/\/alpoma.net\/tecob\/?p=466","title":{"rendered":"Echegaray, sobre el movimiento continuo"},"content":{"rendered":"<p><img decoding=\"async\" src=\"http:\/\/static.flickr.com\/56\/144597127_a5190aa37a_o.gif\" alt=\"Echegaray\" class=\"dch\"\/>\u00bfQui\u00e9n se acuerda hoy del polifac\u00e9tico <strong>Jos\u00e9 Echegaray Eizaguirre<\/strong>? Me parece que muy pocas personas y, lo que es m\u00e1s triste, preguntemos en la calle por los escasos premios Nobel que en Espa\u00f1a han sido y, sin duda, <strong>su nombre apenas ser\u00e1 mencionado<\/strong>. Echegaray era un explorador de m\u00faltiples campos del saber, apasionado de las m\u00e1quinas y la ciencia, no desde\u00f1\u00f3 la literatura y, gracias a su obra teatral, logr\u00f3 el <strong><a href=\"http:\/\/nobelprize.org\/literature\/laureates\/1904\/eizaguirre-bio.html\">premio Nobel de literatura del a\u00f1o 1904<\/a><\/strong>. Tras formarse como ingeniero de caminos y, posteriormente, pasando a ser profesor de matem\u00e1ticas y otras disciplinas cient\u00edficas o t\u00e9cnicas, dedic\u00f3 gran parte de su tiempo a algo que en Espa\u00f1a no estaba casi explorado, la <strong>divulgaci\u00f3n cient\u00edfica<\/strong>. Explic\u00f3 con eficacia y amenidad las nuevas teor\u00edas y avances cient\u00edficos de la segunda mitad del siglo XIX, con un resultado tan excepcional, que sus trabajos fueron utilizados en diversas universidades como objeto de estudio.<\/p>\n<p>Se cuenta que, llevado por su <strong>pasi\u00f3n t\u00e9cnica<\/strong>, logr\u00f3 memorizar los detalles de la construcci\u00f3n de una m\u00e1quina perforadora de aire comprimido que se utilizaba en los Alpes para la construcci\u00f3n del <strong><a href=\"http:\/\/fr.structurae.de\/structures\/data\/index.cfm?ID=s0004586\">t\u00fanel del Monte Cenis<\/a><\/strong>. El aparato, lo m\u00e1s avanzado de la \u00e9poca, era poco menos que secreto, as\u00ed que se lo dejaron ver, pero no le permitieron copiar los planos y, muchos menos, anotar nada en su estancia. Lo que los responsables de la m\u00e1quina excavadora no sab\u00edan era que el genio de Jos\u00e9 ten\u00eda <strong>memoria fotogr\u00e1fica<\/strong>, as\u00ed que pudo dibujar sin problemas los detalles de lo que hab\u00eda visto.<\/p>\n<p>Con el paso de los a\u00f1os, acumul\u00f3 gran cantidad de \u00e9xitos editoriales en el mundo de la divulgaci\u00f3n cient\u00edfica y, sobre todo, en los manuales avanzados de matem\u00e1ticas y f\u00edsica. Pero no se limit\u00f3 a esta actividad, puesto que se labr\u00f3 una interesante <strong>carrera literaria<\/strong> y, adem\u00e1s, se le ocurri\u00f3 meterse en pol\u00edtica, llegando a ser <strong>Ministro de Hacienda<\/strong>. <\/p>\n<p>Ahora bien, adem\u00e1s de servir este brev\u00edsimo post a refrescar un poco la memoria del insigne Echegaray, que falta va haciendo, mi intenci\u00f3n primordial es recomendar su <strong>serie de art\u00edculos acerca del movimiento perpetuo<\/strong>, o como se dec\u00eda entonces, continuo. Se trata de varias aportaciones que realiz\u00f3 a la <strong>Revista de Obras P\u00fablicas<\/strong> entre 1853 &#8211; 54, en las que con una maestr\u00eda excepcional, explica la imposibilidad del movimiento perpetuo, algo sumamente relevante en una \u00e9poca en la que aparec\u00edan como setas oto\u00f1ales los inventores que dec\u00edan haber logrado tal proeza. He de animar a la lectura con ilusi\u00f3n y gusto tales art\u00edculos, as\u00ed como muchos otros del casi olvidado Jos\u00e9 Echegaray porque, si bien es citado frecuentemente por su obra literaria, suele ser dejada de lado su ingente obra divulgativa:<br \/>\n<strong><br \/>\n&#8211;> <a href=\"http:\/\/ropdigital.ciccp.es\/public\/detalle_articulo.php?registro=16\">Del movimiento continuo 1853<\/a>, 1. (PDF).<br \/>\n&#8212; ><a href=\"http:\/\/ropdigital.ciccp.es\/public\/detalle_articulo.php?registro=38\">Del movimiento continuo 1853<\/a>, 2. (PDF).<br \/>\n&#8211;>  <a href=\"http:\/\/ropdigital.ciccp.es\/public\/detalle_articulo.php?registro=119\">Del movimiento continuo 1854<\/a>, 3. (PDF).<br \/>\n&#8211;> <a href=\"http:\/\/ropdigital.ciccp.es\/public\/detalle_articulo.php?registro=12807\">Autobiograf\u00eda de Don Jos\u00e9 Echegaray<\/a> (PDF)<br \/>\n&#8211;> <a href=\"http:\/\/ropdigital.ciccp.es\/public\/detalle_articulo.php?registro=16\">Art\u00edculos de Echegaray en la Revista de Obras P\u00fablicas<\/a><\/strong><\/p>\n","protected":false},"excerpt":{"rendered":"<div class=\"mh-excerpt\"><p>\u00bfQui\u00e9n se acuerda hoy del polifac\u00e9tico Jos\u00e9 Echegaray Eizaguirre? Me parece que muy pocas personas y, lo que es m\u00e1s triste, preguntemos en la calle por los escasos premios Nobel <a class=\"mh-excerpt-more\" href=\"https:\/\/alpoma.net\/tecob\/?p=466\" title=\"Echegaray, sobre el movimiento continuo\">[&#8230;]<\/a><\/p>\n<\/div>","protected":false},"author":1,"featured_media":0,"comment_status":"open","ping_status":"open","sticky":false,"template":"","format":"standard","meta":{"jetpack_post_was_ever_published":false,"_jetpack_newsletter_access":"","_jetpack_dont_email_post_to_subs":false,"_jetpack_newsletter_tier_id":0,"_jetpack_memberships_contains_paywalled_content":false,"_jetpack_memberships_contains_paid_content":false,"footnotes":""},"categories":[3],"tags":[],"class_list":["post-466","post","type-post","status-publish","format-standard","hentry","category-obsolescencia"],"jetpack_featured_media_url":"","jetpack_shortlink":"https:\/\/wp.me\/p93Dc1-7w","jetpack-related-posts":[{"id":1976,"url":"https:\/\/alpoma.net\/tecob\/?p=1976","url_meta":{"origin":466,"position":0},"title":"Jos\u00e9 Echegaray, el Nobel ignorado","author":"alpoma","date":"11 enero 2010","format":false,"excerpt":"Extractos del art\u00edculo que publiqu\u00e9 en Historia de Iberia Vieja, n\u00famero de diciembre de 2009. Estaba ya en el declinar de su vida, cuando se apetece el reposo y el recuerdo tiene m\u00e1s valor que la esperanza, cuando las Academias acogedoras prolongan artificialmente la vida cient\u00edfica de los sabios agotados\u2026","rel":"","context":"En \u00abMade in Spain\u00bb","block_context":{"text":"Made in Spain","link":"https:\/\/alpoma.net\/tecob\/?cat=10"},"img":{"alt_text":"","src":"","width":0,"height":0},"classes":[]},{"id":10202,"url":"https:\/\/alpoma.net\/tecob\/?p=10202","url_meta":{"origin":466,"position":1},"title":"Un adelanto de lo que ser\u00e1 mi libro \u00abMade in Spain: Cuando invent\u00e1bamos nosotros\u00bb","author":"alpoma","date":"10 noviembre 2014","format":false,"excerpt":"Si no hay contratiempos, antes de que termine este a\u00f1o 2014 ver\u00e1 la luz mi nuevo libro (adem\u00e1s de la ya presentada edici\u00f3n en papel de la novela El viaje de Argos). A lo largo de la \u00faltima d\u00e9cada he publicado en diversos medios, sobre todo en la revista Historia\u2026","rel":"","context":"En \u00abMade in Spain\u00bb","block_context":{"text":"Made in Spain","link":"https:\/\/alpoma.net\/tecob\/?cat=10"},"img":{"alt_text":"","src":"https:\/\/i0.wp.com\/alpoma.net\/tecob\/wp-content\/uploads\/2014\/11\/barreiros-300x2771.png?resize=350%2C200&ssl=1","width":350,"height":200},"classes":[]},{"id":13730,"url":"https:\/\/alpoma.net\/tecob\/?p=13730","url_meta":{"origin":466,"position":2},"title":"Las aventuras del Coronel Ignotus","author":"alpoma","date":"2 octubre 2018","format":false,"excerpt":"Versi\u00f3n para TecOb del art\u00edculo que publiqu\u00e9 en la revista Historia de Iberia Vieja, edici\u00f3n de septiembre de 2018. La lectura del Coronel Ignotus nos deleita con la amenidad de Echegaray, con la trama y humorismo de Conan Doyle (\u2026) y nos hace admirar descripciones grandiosas, como la primera subida\u2026","rel":"","context":"En \u00abMade in Spain\u00bb","block_context":{"text":"Made in Spain","link":"https:\/\/alpoma.net\/tecob\/?cat=10"},"img":{"alt_text":"","src":"https:\/\/i0.wp.com\/alpoma.net\/tecob\/wp-content\/uploads\/2018\/10\/7.jpg?resize=350%2C200&ssl=1","width":350,"height":200,"srcset":"https:\/\/i0.wp.com\/alpoma.net\/tecob\/wp-content\/uploads\/2018\/10\/7.jpg?resize=350%2C200&ssl=1 1x, https:\/\/i0.wp.com\/alpoma.net\/tecob\/wp-content\/uploads\/2018\/10\/7.jpg?resize=525%2C300&ssl=1 1.5x, https:\/\/i0.wp.com\/alpoma.net\/tecob\/wp-content\/uploads\/2018\/10\/7.jpg?resize=700%2C400&ssl=1 2x, https:\/\/i0.wp.com\/alpoma.net\/tecob\/wp-content\/uploads\/2018\/10\/7.jpg?resize=1050%2C600&ssl=1 3x, https:\/\/i0.wp.com\/alpoma.net\/tecob\/wp-content\/uploads\/2018\/10\/7.jpg?resize=1400%2C800&ssl=1 4x"},"classes":[]},{"id":3661,"url":"https:\/\/alpoma.net\/tecob\/?p=3661","url_meta":{"origin":466,"position":3},"title":"Severo Ochoa y el c\u00f3digo de la vida","author":"alpoma","date":"3 noviembre 2010","format":false,"excerpt":"El presente art\u00edculo corresponde a una versi\u00f3n reducida del que publiqu\u00e9 en la revista Historia de Iberia Vieja en su edici\u00f3n del mes de noviembre de 2010. Creo que es un gran honor, lo mejor que le puede suceder a un cient\u00edfico. Pero no pienso que un cient\u00edfico necesite un\u2026","rel":"","context":"En \u00abMade in Spain\u00bb","block_context":{"text":"Made in Spain","link":"https:\/\/alpoma.net\/tecob\/?cat=10"},"img":{"alt_text":"","src":"https:\/\/i0.wp.com\/alpoma.net\/tecob\/wp-content\/uploads\/2010\/11\/5143001910_1ece0ba650.jpg?resize=350%2C200&ssl=1","width":350,"height":200},"classes":[]},{"id":8667,"url":"https:\/\/alpoma.net\/tecob\/?p=8667","url_meta":{"origin":466,"position":4},"title":"El b\u00f3lido de Madrid (10 de febrero de 1896)","author":"alpoma","date":"3 diciembre 2013","format":false,"excerpt":"El fen\u00f3meno celeste que esta ma\u00f1ana asombr\u00f3 al pueblo de Madrid, ha sido objeto de todas las conversaciones durante el d\u00eda. En las clases altas como en las bajas, entre los hombres de ciencia como entre los indoctos, en los c\u00edrculos y en los caf\u00e9s, en los sitios m\u00e1s aristocr\u00e1ticos\u2026","rel":"","context":"En \u00abMade in Spain\u00bb","block_context":{"text":"Made in Spain","link":"https:\/\/alpoma.net\/tecob\/?cat=10"},"img":{"alt_text":"","src":"https:\/\/i0.wp.com\/alpoma.net\/tecob\/wp-content\/uploads\/2013\/12\/bolido_2.jpg?resize=350%2C200&ssl=1","width":350,"height":200,"srcset":"https:\/\/i0.wp.com\/alpoma.net\/tecob\/wp-content\/uploads\/2013\/12\/bolido_2.jpg?resize=350%2C200&ssl=1 1x, https:\/\/i0.wp.com\/alpoma.net\/tecob\/wp-content\/uploads\/2013\/12\/bolido_2.jpg?resize=525%2C300&ssl=1 1.5x"},"classes":[]},{"id":13154,"url":"https:\/\/alpoma.net\/tecob\/?p=13154","url_meta":{"origin":466,"position":5},"title":"El ataque de los platillos volantes","author":"alpoma","date":"11 marzo 2018","format":false,"excerpt":"En el marco de la guerra fr\u00eda y, a la vez, de la posguerra espa\u00f1ola, entre los a\u00f1os cincuenta y los sesenta se vivi\u00f3 en Espa\u00f1a, como en el resto de occidente, toda una fiebre de locura en torno a los \"platillos volantes\". Los nuevos reactores y las oleadas masivas\u2026","rel":"","context":"En \u00abMade in Spain\u00bb","block_context":{"text":"Made in Spain","link":"https:\/\/alpoma.net\/tecob\/?cat=10"},"img":{"alt_text":"","src":"https:\/\/i0.wp.com\/alpoma.net\/tecob\/wp-content\/uploads\/2018\/03\/platillo_villafria.png?resize=350%2C200&ssl=1","width":350,"height":200},"classes":[]}],"jetpack_sharing_enabled":true,"_links":{"self":[{"href":"https:\/\/alpoma.net\/tecob\/index.php?rest_route=\/wp\/v2\/posts\/466","targetHints":{"allow":["GET"]}}],"collection":[{"href":"https:\/\/alpoma.net\/tecob\/index.php?rest_route=\/wp\/v2\/posts"}],"about":[{"href":"https:\/\/alpoma.net\/tecob\/index.php?rest_route=\/wp\/v2\/types\/post"}],"author":[{"embeddable":true,"href":"https:\/\/alpoma.net\/tecob\/index.php?rest_route=\/wp\/v2\/users\/1"}],"replies":[{"embeddable":true,"href":"https:\/\/alpoma.net\/tecob\/index.php?rest_route=%2Fwp%2Fv2%2Fcomments&post=466"}],"version-history":[{"count":0,"href":"https:\/\/alpoma.net\/tecob\/index.php?rest_route=\/wp\/v2\/posts\/466\/revisions"}],"wp:attachment":[{"href":"https:\/\/alpoma.net\/tecob\/index.php?rest_route=%2Fwp%2Fv2%2Fmedia&parent=466"}],"wp:term":[{"taxonomy":"category","embeddable":true,"href":"https:\/\/alpoma.net\/tecob\/index.php?rest_route=%2Fwp%2Fv2%2Fcategories&post=466"},{"taxonomy":"post_tag","embeddable":true,"href":"https:\/\/alpoma.net\/tecob\/index.php?rest_route=%2Fwp%2Fv2%2Ftags&post=466"}],"curies":[{"name":"wp","href":"https:\/\/api.w.org\/{rel}","templated":true}]}}