{"id":4610,"date":"2011-04-16T18:57:44","date_gmt":"2011-04-16T16:57:44","guid":{"rendered":"http:\/\/www.alpoma.net\/tecob\/?p=4610"},"modified":"2011-04-16T18:57:44","modified_gmt":"2011-04-16T16:57:44","slug":"noches-en-el-teide-video-time-lapse","status":"publish","type":"post","link":"https:\/\/alpoma.net\/tecob\/?p=4610","title":{"rendered":"Noches en el Teide (V\u00eddeo time-lapse)"},"content":{"rendered":"<p>Precioso<strong> <a href=\"http:\/\/vimeo.com\/22439234\">v\u00eddeo time-lapse<\/a><\/strong> realizado por <strong><a href=\"http:\/\/vimeo.com\/terjes\">Terje Sorgjerd<\/a><\/strong> entre el 4 y el 11 de abril de 2011, con espectaculares tomas del cielo nocturno, atardeceres y mantos de nubes. Como siempre en estos casos, lo mejor es contemplarlo en HD y a pantalla completa. <\/p>\n<p><iframe loading=\"lazy\" src=\"http:\/\/player.vimeo.com\/video\/22439234\" width=\"620\" height=\"349\" frameborder=\"0\"><\/iframe><\/p>\n<p><a href=\"http:\/\/vimeo.com\/22439234\">The Mountain<\/a> por <a href=\"http:\/\/vimeo.com\/terjes\">Terje Sorgjerd<\/a> en <a href=\"http:\/\/vimeo.com\">Vimeo<\/a>.<\/p>\n<p>V\u00eda <a href=\"http:\/\/tingilinde.typepad.com\/starstuff\/2011\/04\/the-spanish-night-sky-.html\">Tingilinde<\/a> | M\u00e1s detalles sobre el v\u00eddeo en <a href=\"http:\/\/vimeo.com\/22439234\">Vimeo<\/a><\/p>\n","protected":false},"excerpt":{"rendered":"<div class=\"mh-excerpt\"><p>Precioso v\u00eddeo time-lapse realizado por Terje Sorgjerd entre el 4 y el 11 de abril de 2011, con espectaculares tomas del cielo nocturno, atardeceres y mantos de nubes. Como siempre <a class=\"mh-excerpt-more\" href=\"https:\/\/alpoma.net\/tecob\/?p=4610\" title=\"Noches en el Teide (V\u00eddeo time-lapse)\">[&#8230;]<\/a><\/p>\n<\/div>","protected":false},"author":1,"featured_media":0,"comment_status":"open","ping_status":"open","sticky":false,"template":"","format":"standard","meta":{"jetpack_post_was_ever_published":false,"_jetpack_newsletter_access":"","_jetpack_dont_email_post_to_subs":false,"_jetpack_newsletter_tier_id":0,"_jetpack_memberships_contains_paywalled_content":false,"_jetpack_memberships_contains_paid_content":false,"footnotes":""},"categories":[5],"tags":[],"class_list":["post-4610","post","type-post","status-publish","format-standard","hentry","category-geo"],"jetpack_featured_media_url":"","jetpack_shortlink":"https:\/\/wp.me\/p93Dc1-1cm","jetpack-related-posts":[{"id":4633,"url":"https:\/\/alpoma.net\/tecob\/?p=4633","url_meta":{"origin":4610,"position":0},"title":"El baile de la V\u00eda L\u00e1ctea (V\u00eddeo Time Lapse)","author":"alpoma","date":"24 abril 2011","format":false,"excerpt":"\u00a1Esto ya es un vicio! Si asombroso fue el time lapse tomado en el Teide que visit\u00f3 TecOb hace muy poco, \u00bfqu\u00e9 decir de esta maravilla creada por Grant Wakefield? Como siempre, lo mejor es verlo en HD, pantalla completa y sonido activado. WALU NGALINDI de GRANT WAKEFIELD en Vimeo.\u2026","rel":"","context":"En \u00abGeneral\u00bb","block_context":{"text":"General","link":"https:\/\/alpoma.net\/tecob\/?cat=1"},"img":{"alt_text":"","src":"","width":0,"height":0},"classes":[]},{"id":6115,"url":"https:\/\/alpoma.net\/tecob\/?p=6115","url_meta":{"origin":4610,"position":1},"title":"De puentes prefabricados","author":"alpoma","date":"27 enero 2012","format":false,"excerpt":"Mmmm... antes de ir a dormir he decidido revisar algunos feeds que tengo acumulados y, \u00a1sorpresa! He aqu\u00ed un v\u00eddeo que me ha llamado mucho la atenci\u00f3n. Por lo general, a la hora de contruir pasos ferroviarios, el puente se levanta en la localizaci\u00f3n final con la t\u00e9cnica del caj\u00f3n\u2026","rel":"","context":"En \u00abInnovaci\u00f3n\u00bb","block_context":{"text":"Innovaci\u00f3n","link":"https:\/\/alpoma.net\/tecob\/?cat=4"},"img":{"alt_text":"","src":"","width":0,"height":0},"classes":[]},{"id":4151,"url":"https:\/\/alpoma.net\/tecob\/?p=4151","url_meta":{"origin":4610,"position":2},"title":"La capilla (V\u00eddeo timelapse)","author":"alpoma","date":"4 febrero 2011","format":false,"excerpt":"Una maravilla, me ha sorprendido muy gratamente este v\u00eddeo, tiene todos los ingredientes ideales como para desear verlo una y otra vez. Se trata de un v\u00eddeo timelapse realizado por LookyCreative bajo la direcci\u00f3n de Patryk Kizny y m\u00fasica de Tomas Leonhardt. La capilla protagonista se localiza en Zelisz\u00f3w, Polonia,\u2026","rel":"","context":"En \u00abInnovaci\u00f3n\u00bb","block_context":{"text":"Innovaci\u00f3n","link":"https:\/\/alpoma.net\/tecob\/?cat=4"},"img":{"alt_text":"","src":"","width":0,"height":0},"classes":[]},{"id":6791,"url":"https:\/\/alpoma.net\/tecob\/?p=6791","url_meta":{"origin":4610,"position":3},"title":"[Timelapse] 870 kil\u00f3metros en 3 minutos","author":"alpoma","date":"27 junio 2012","format":false,"excerpt":"Hoy vamos a dar un peque\u00f1o paseo de 540 millas en avi\u00f3n entre Harrisburg y Atlanta. Se trata de un v\u00eddeo timelapse realizado por Mitchell Blackburn a partir de unas 7.000 fotograf\u00edas tomadas desde una ventanilla a bordo de un Bombardier CRJ200. Cinturones abrochados y alzando el vuelo, disfruten del\u2026","rel":"","context":"En \u00abExperimentos\u00bb","block_context":{"text":"Experimentos","link":"https:\/\/alpoma.net\/tecob\/?cat=9"},"img":{"alt_text":"","src":"","width":0,"height":0},"classes":[]},{"id":6658,"url":"https:\/\/alpoma.net\/tecob\/?p=6658","url_meta":{"origin":4610,"position":4},"title":"V\u00eddeo-infograf\u00eda sobre el RMS Titanic","author":"alpoma","date":"17 mayo 2012","format":false,"excerpt":"La \"fiebre\" del centenario del hundimiento del RMS Titanic parece que va pasando, pero eso no es motivo para no poder disfrutar de peque\u00f1as joyas como este h\u00edbrido entre v\u00eddeo divulgativo e infograf\u00eda que repasa los detalles del \u00fanico viaje del m\u00edtico n\u00e1v\u00edo. ;-) Titanic - for BBC History from\u2026","rel":"","context":"En \u00abObsolescencia\u00bb","block_context":{"text":"Obsolescencia","link":"https:\/\/alpoma.net\/tecob\/?cat=3"},"img":{"alt_text":"","src":"","width":0,"height":0},"classes":[]},{"id":6510,"url":"https:\/\/alpoma.net\/tecob\/?p=6510","url_meta":{"origin":4610,"position":5},"title":"[Timelapse] Pasi\u00f3n por las estrellas","author":"alpoma","date":"4 abril 2012","format":false,"excerpt":"Carl Sagan, en su obra Cosmos, citaba cierto epitafio de dos astr\u00f3nomos aficionados que describe a la perfecci\u00f3n el v\u00eddeo que aparece a continuaci\u00f3n. Hemos amado con demasiado fervor a las estrellas como para temer a la noche. Y es que, cualquiera que haya pasado noches heladas entre ropas de\u2026","rel":"","context":"En \u00abPersonal\u00bb","block_context":{"text":"Personal","link":"https:\/\/alpoma.net\/tecob\/?cat=2"},"img":{"alt_text":"","src":"","width":0,"height":0},"classes":[]}],"jetpack_sharing_enabled":true,"_links":{"self":[{"href":"https:\/\/alpoma.net\/tecob\/index.php?rest_route=\/wp\/v2\/posts\/4610","targetHints":{"allow":["GET"]}}],"collection":[{"href":"https:\/\/alpoma.net\/tecob\/index.php?rest_route=\/wp\/v2\/posts"}],"about":[{"href":"https:\/\/alpoma.net\/tecob\/index.php?rest_route=\/wp\/v2\/types\/post"}],"author":[{"embeddable":true,"href":"https:\/\/alpoma.net\/tecob\/index.php?rest_route=\/wp\/v2\/users\/1"}],"replies":[{"embeddable":true,"href":"https:\/\/alpoma.net\/tecob\/index.php?rest_route=%2Fwp%2Fv2%2Fcomments&post=4610"}],"version-history":[{"count":0,"href":"https:\/\/alpoma.net\/tecob\/index.php?rest_route=\/wp\/v2\/posts\/4610\/revisions"}],"wp:attachment":[{"href":"https:\/\/alpoma.net\/tecob\/index.php?rest_route=%2Fwp%2Fv2%2Fmedia&parent=4610"}],"wp:term":[{"taxonomy":"category","embeddable":true,"href":"https:\/\/alpoma.net\/tecob\/index.php?rest_route=%2Fwp%2Fv2%2Fcategories&post=4610"},{"taxonomy":"post_tag","embeddable":true,"href":"https:\/\/alpoma.net\/tecob\/index.php?rest_route=%2Fwp%2Fv2%2Ftags&post=4610"}],"curies":[{"name":"wp","href":"https:\/\/api.w.org\/{rel}","templated":true}]}}