{"id":458,"date":"2006-05-07T13:01:45","date_gmt":"2006-05-07T11:01:45","guid":{"rendered":"http:\/\/www.alpoma.net\/tecob\/?p=458"},"modified":"2006-05-07T13:02:03","modified_gmt":"2006-05-07T11:02:03","slug":"viejos-selenitas","status":"publish","type":"post","link":"https:\/\/alpoma.net\/tecob\/?p=458","title":{"rendered":"Viejos selenitas"},"content":{"rendered":"<p><img decoding=\"async\" src=\"http:\/\/static.flickr.com\/55\/141887827_03c1993d15_m.jpg\" alt=\"Melies\" class=\"dch\"\/>Los habitantes, nativos, de la Luna dieron mucho que hablar hace d\u00e9cadas. Los <strong>selenitas<\/strong>, como se les conoc\u00eda, daban mucho juego en narraciones fant\u00e1sticas de todo tipo, se imaginaban los humanos c\u00f3mo ser\u00edan los paisajes lunares y las ciudades, mayormente \u00abcavern\u00edcolas\u00bb, constru\u00eddas por sus habitantes. Ya <strong>Haydn<\/strong> dedic\u00f3 a las aventuras lunares toda una \u00f3pera, <em><strong><a href=\"http:\/\/www.librettidopera.it\/mluna\/mluna.html\">Il mondo della Luna<\/a><\/strong><\/em>, obra maestra nacida en 1777, puro cachondeo lun\u00e1tico, genial y exquisito. Pero los selenitas <strong>se extinguieron<\/strong>, una pena, seguramente eran majos y divertidos. Una vez m\u00e1s, la avanzada tecnolog\u00eda de los terr\u00edcolas acab\u00f3 con ellos. La llegada de las sondas espaciales y de las naves tripuladas Apolo a nuestro sat\u00e9lite natural, termin\u00f3 por borrar a los selenitas del mapa, si es que alguien todav\u00eda cre\u00eda en ellos. La Luna no result\u00f3 ser el para\u00edso de cristal, o de queso, que muchos imaginaron, con palacios y lagos de espejo, bosques transparentes y enanos selenitas jugueteando todo el d\u00eda. Selene es un <strong>puro desierto<\/strong>, infernal horno diario, radical refrigerador nocturno, casi sin atm\u00f3sfera, un lugar poco recomendable para relajarse en vacaciones, salvo si se queda uno dentro de la c\u00fapula de una de esas <strong>ciudades futuras<\/strong> que, dicen, se construir\u00e1n en su superficie, promesa eterna que, al paso que vamos, no ver\u00e1n ni nuestros nietos.<\/p>\n<p>A principios del siglo XX, en plena ebullici\u00f3n del \u00abprogreso\u00bb, mucho antes de que el cine intentara emular a <strong><a href=\"http:\/\/es.wikipedia.org\/wiki\/Cyrano_de_Bergerac\">Cyrano De Bergerac<\/a><\/strong> a trav\u00e9s de <strong><a href=\"http:\/\/www.quintadimension.com\/article135.html\">pel\u00edculas de serie B<\/a><\/strong>, pero con sobredosis de vinilo en los vestuarios y decorados, la fiebre selenita ocupaba un entra\u00f1able espacio en el imaginario colectivo occidental. La cosa ven\u00eda de lejos pues, antes de la invenci\u00f3n del telescopio, no parec\u00eda una locura imaginar culturas lunares, tal y como hizo Luciano en el siglo II, a trav\u00e9s de su obra <strong><a href=\"http:\/\/www.uc3m.es\/uc3m\/inst\/LS\/apolo\/luciano.html\">Historia Verdadera<\/a><\/strong>, atractivo ejercicio de fantas\u00eda que ser\u00eda acompa\u00f1ado, mucho despu\u00e9s, por narraciones de Kepler, con su <strong><a href=\"http:\/\/www.univ-paris3.fr\/recherche\/sites\/edea\/iris\/episteme\/ee\/file\/num_7\/ee_7_art_hutton.pdf\">Somnia<\/a> (PDF)<\/strong>. La moda lunar fue muy longeva, a fin de cuentas, nuestra vecina roca nos visitaba muchas noches, y d\u00edas, desde el cielo, pero era inalcanzable, puro objeto de deseo capaz de avivar la imaginaci\u00f3n m\u00e1s dormida. <\/p>\n<p>A mediados del siglo XVII, Jean Baudoin public\u00f3 su <strong><a href=\"http:\/\/expositions.bnf.fr\/utopie\/grand\/2_70bis.htm\">Viaje realizado al mundo de la Luna por Domingo Gonz\u00e1les<\/a><\/strong>, aventurero espa\u00f1ol. Abandonado en la lejana isla de Santa Elena, el protagonista logra escapar de su prisi\u00f3n volando en una extra\u00f1a ave que ha entrenado para ello,  aunque el viaje no sale como esperaba. En lugar de regresar a Espa\u00f1a, el raro p\u00e1jaro result\u00f3 ser un ave lunar, de paso en la Tierra. En la Luna, Domingo encuentra una sociedad ut\u00f3pica de selenitas felices, mundo espejo de la sufriente humanidad.<\/p>\n<p>Luego llegaron las conocidas <strong><a href=\"http:\/\/www.thehouseofblogs.com\/LOMEJORD\/200511\/Resena_Las_aventuras_del_Baron_de_Munchhausen_que_nunca_pretendio_ser_creido.php\">Aventuras del Bar\u00f3n M\u00fcnchhausen<\/a><\/strong>, las narraciones fant\u00e1sticas sobre selenitas, que proliferaron en el siglo XIX, los textos con mayor intenci\u00f3n cient\u00edfica, he aqu\u00ed la celeb\u00e9rrima <strong><a href=\"http:\/\/es.wikipedia.org\/wiki\/Julio_Verne\">De la Tierra a la Luna<\/a><\/strong>, de Verne y, finalmente, el reci\u00e9n nacido s\u00e9ptimo arte estamp\u00f3 un supositorio volante, tripulado, en uno de los ojos de la Luna gracias a <strong><a href=\"http:\/\/es.wikipedia.org\/wiki\/George_M%C3%A9li%C3%A8s\">M\u00e9li\u00e8s<\/a><\/strong>.<\/p>\n<p>Con todo esto, y puestos en el a\u00f1o 1901, justo cuando H.G. Wells public\u00f3 <strong><em><a href=\"http:\/\/www.quintadimension.com\/zonacritica\/Txt\/43.shtml\">Los primeros hombres en la Luna<\/a><\/em><\/strong>, donde se describe el so\u00f1ado material antigravitatorio llamado <em>cavorita<\/em>, la <strong><a href=\"http:\/\/panam1901.bfn.org\/\">Exposici\u00f3n Panamericana de Buffalo<\/a><\/strong>, decidi\u00f3 dedicar todo un espacio a los selenitas. Las \u00abexpos\u00bb de la \u00e9poca eran de lo m\u00e1s interesante, pon\u00edan su vista en un prometedor futuro cercano, en el que la tecnolog\u00eda lo solucionar\u00eda todo. Poco imaginaban que el \u00abprogreso\u00bb no llenar\u00eda el siglo XX con m\u00e1quinas de vapor gigantescas ni robots met\u00e1licos, al m\u00e1s puro estilo <strong><a href=\"http:\/\/www.skycaptain.com\/\">Sky Captain<\/a><\/strong>, pero la imaginaci\u00f3n de aquellas gentes sigue siendo fascinante.<\/p>\n<p>Para sumergirnos en esa \u00e9poca de esperanzas y cierta ingenuidad generalizada, no hay nada como contemplar algunas de las fotograf\u00edas de esa exposisi\u00f3n que han llegado hasta nuestros d\u00edas&#8230;<\/p>\n<p><img decoding=\"async\" src=\"http:\/\/static.flickr.com\/48\/141889761_e0f9eb5f11_o.jpg\" alt=\"expo\" class=\"otros\"\/><\/p>\n<p>La luz el\u00e9ctrica era algo reci\u00e9n nacido, fascinaba a todo el mundo, supon\u00eda la promesa de una nueva revoluci\u00f3n. En esta fotograf\u00eda se muestra la novedosa iluminaci\u00f3n el\u00e9ctrica utilizada en la exposici\u00f3n, sin duda, uno de los atractivos que m\u00e1s sorprendi\u00f3 a todos los visitantes, acostumbrados a las l\u00e1mparas de petr\u00f3leo, aceite o a las de arco el\u00e9ctrico, las nuevas bombillas eran todo un adelanto&#8230;<\/p>\n<p><img decoding=\"async\" src=\"http:\/\/static.flickr.com\/50\/141889766_7c83bbd4dc_o.jpg\" alt=\"expo\" class=\"otros\"\/><\/p>\n<p>Desde lo alto de la \u00abTorre El\u00e9ctrica\u00bb, los visitantes pod\u00edan contemplar los edificios de toda la exposici\u00f3n, dedicados a las artes, las ciencias y la t\u00e9cnica, con palacios de m\u00fasica y exposiciones de todo tipo. Lo de \u00abel\u00e9ctrica\u00bb ven\u00eda a cuento del nov\u00edsimo ascensor OTIS con el que se sub\u00eda a las alturas&#8230;<\/p>\n<p><img decoding=\"async\" src=\"http:\/\/static.flickr.com\/50\/141889762_379fc4838e_o.jpg\" alt=\"expo\" class=\"otros\"\/><\/p>\n<p>En el espacio dedicado a la industria y las manufacturas, no pod\u00edan faltar los expositores de cors\u00e9s. Eran tiempos de moda \u00abapretada\u00bb&#8230;<\/p>\n<p><img decoding=\"async\" src=\"http:\/\/static.flickr.com\/49\/141889763_2b3bbbbb9f_o.jpg\" alt=\"expo\" class=\"otros\"\/><\/p>\n<p>Y, c\u00f3mo no, la estrella de la exposici\u00f3n era la galer\u00eda en la que se imaginaba un viaje a la Luna, volando en extra\u00f1os cacharros como el de la imagen&#8230;<\/p>\n<p><img decoding=\"async\" src=\"http:\/\/static.flickr.com\/56\/141889764_0f9cb7aa4d_o.jpg\" alt=\"expo\" class=\"otros\"\/><\/p>\n<p>Una vez llegados a la Luna, los exploradores se econtraban con los peque\u00f1os selenitas. Ciertamente, ten\u00eda que ser muy divertido ir pasando de sala en sala, acompa\u00f1ando a los narradores y viendo a los habitantes de la Luna realizando sus tareas diarias&#8230;<\/p>\n<p><img decoding=\"async\" src=\"http:\/\/static.flickr.com\/48\/141889765_af5e9208fe_o.jpg\" alt=\"expo\" class=\"otros\"\/><\/p>\n<p>En fin, demos un \u00faltimo vistazo a aquellas gentes que, hace m\u00e1s de un siglo, so\u00f1aron con un mundo futuro ideal.<\/p>\n<p><strong>Im\u00e1genes<\/strong>: <strong><em><a href=\"http:\/\/panam1901.bfn.org\/\">Doing the Pan<\/a><\/em><\/strong>, un entra\u00f1able website obra de Susan J. Eck. <\/p>\n","protected":false},"excerpt":{"rendered":"<div class=\"mh-excerpt\"><p>Los habitantes, nativos, de la Luna dieron mucho que hablar hace d\u00e9cadas. Los selenitas, como se les conoc\u00eda, daban mucho juego en narraciones fant\u00e1sticas de todo tipo, se imaginaban los <a class=\"mh-excerpt-more\" href=\"https:\/\/alpoma.net\/tecob\/?p=458\" title=\"Viejos selenitas\">[&#8230;]<\/a><\/p>\n<\/div>","protected":false},"author":1,"featured_media":10533,"comment_status":"open","ping_status":"open","sticky":false,"template":"","format":"standard","meta":{"jetpack_post_was_ever_published":false,"_jetpack_newsletter_access":"","_jetpack_dont_email_post_to_subs":false,"_jetpack_newsletter_tier_id":0,"_jetpack_memberships_contains_paywalled_content":false,"_jetpack_memberships_contains_paid_content":false,"footnotes":""},"categories":[5,3],"tags":[],"class_list":["post-458","post","type-post","status-publish","format-standard","has-post-thumbnail","hentry","category-geo","category-obsolescencia"],"jetpack_featured_media_url":"https:\/\/alpoma.net\/tecob\/wp-content\/uploads\/2006\/05\/141887827_03c1993d15_m.jpg","jetpack_shortlink":"https:\/\/wp.me\/p93Dc1-7o","jetpack-related-posts":[{"id":12801,"url":"https:\/\/alpoma.net\/tecob\/?p=12801","url_meta":{"origin":458,"position":0},"title":"Los habitantes de la Luna (lectura de verano)","author":"alpoma","date":"11 agosto 2017","format":false,"excerpt":"George Clyde Fisher, quien fuera responsable del American Museum of Natural History y m\u00e1s tarde director del Planetario Hayden, public\u00f3 en 1943 un libro titulado The True Story of the Moon, en el que recog\u00eda en tono divulgativo el conocimiento de la \u00e9poca sobre nuestro sat\u00e9lite natural, adem\u00e1s de sus\u2026","rel":"","context":"En \u00abObsolescencia\u00bb","block_context":{"text":"Obsolescencia","link":"https:\/\/alpoma.net\/tecob\/?cat=3"},"img":{"alt_text":"","src":"https:\/\/i0.wp.com\/alpoma.net\/tecob\/wp-content\/uploads\/2017\/08\/luna.jpg?resize=350%2C200&ssl=1","width":350,"height":200,"srcset":"https:\/\/i0.wp.com\/alpoma.net\/tecob\/wp-content\/uploads\/2017\/08\/luna.jpg?resize=350%2C200&ssl=1 1x, https:\/\/i0.wp.com\/alpoma.net\/tecob\/wp-content\/uploads\/2017\/08\/luna.jpg?resize=525%2C300&ssl=1 1.5x"},"classes":[]},{"id":8737,"url":"https:\/\/alpoma.net\/tecob\/?p=8737","url_meta":{"origin":458,"position":1},"title":"Un submarino-helic\u00f3ptero-acorazado para explorar Marte (1920)","author":"alpoma","date":"4 enero 2014","format":false,"excerpt":"La ciencia ficci\u00f3n anterior a la Segunda Guerra Mundial sol\u00eda pecar de un exceso de deliciosa ingenuidad ut\u00f3pica que ni siquiera la Gran Guerra hab\u00eda logrado borrar del todo. El caso que voy a mencionar hoy es un buen ejemplo de ello. Recientemente la Biblioteca del Congreso de los Estados\u2026","rel":"","context":"En \u00abObsolescencia\u00bb","block_context":{"text":"Obsolescencia","link":"https:\/\/alpoma.net\/tecob\/?cat=3"},"img":{"alt_text":"","src":"https:\/\/i0.wp.com\/alpoma.net\/tecob\/wp-content\/uploads\/2014\/01\/nave.jpg?resize=350%2C200&ssl=1","width":350,"height":200,"srcset":"https:\/\/i0.wp.com\/alpoma.net\/tecob\/wp-content\/uploads\/2014\/01\/nave.jpg?resize=350%2C200&ssl=1 1x, https:\/\/i0.wp.com\/alpoma.net\/tecob\/wp-content\/uploads\/2014\/01\/nave.jpg?resize=525%2C300&ssl=1 1.5x"},"classes":[]},{"id":1180,"url":"https:\/\/alpoma.net\/tecob\/?p=1180","url_meta":{"origin":458,"position":2},"title":"De la Tierra a la Luna en quince d\u00edas (1930)","author":"alpoma","date":"22 julio 2009","format":false,"excerpt":"El texto que a continuaci\u00f3n transcribo fue publicado en la revista Estampa el 21 de octubre de 1930 por Ignacio Carral. En estos d\u00edas \"lunares\", celebrando los 40 a\u00f1os del viaje del Apolo 11 a nuestro sat\u00e9lite, no viene mal revisar un poco lo que pensaba la prensa popular de\u2026","rel":"","context":"En \u00abObsolescencia\u00bb","block_context":{"text":"Obsolescencia","link":"https:\/\/alpoma.net\/tecob\/?cat=3"},"img":{"alt_text":"","src":"https:\/\/i0.wp.com\/alpoma.net\/tecob\/wp-content\/uploads\/2009\/07\/3745728989_5a26f7ac70_o.jpg?resize=350%2C200&ssl=1","width":350,"height":200,"srcset":"https:\/\/i0.wp.com\/alpoma.net\/tecob\/wp-content\/uploads\/2009\/07\/3745728989_5a26f7ac70_o.jpg?resize=350%2C200&ssl=1 1x, https:\/\/i0.wp.com\/alpoma.net\/tecob\/wp-content\/uploads\/2009\/07\/3745728989_5a26f7ac70_o.jpg?resize=525%2C300&ssl=1 1.5x"},"classes":[]},{"id":302,"url":"https:\/\/alpoma.net\/tecob\/?p=302","url_meta":{"origin":458,"position":3},"title":"Fen\u00f3menos transitorios lunares","author":"alpoma","date":"5 enero 2006","format":false,"excerpt":"La Luna no est\u00e1 tan \"muerta\" como pudiera parecer. Todav\u00eda nuestro bello sat\u00e9lite natural guarda su encanto. Entre sus muchos interrogantes, la Luna presenta un conjunto de esquivos fen\u00f3menos, de dif\u00edcil interpretaci\u00f3n, denominados Fen\u00f3menos Transitorios Lunares, o TLP, siglas en ingl\u00e9s. \u00bfQu\u00e9 son estos fen\u00f3menos? Se trata de la aparici\u00f3n,\u2026","rel":"","context":"En \u00abGeo\u00bb","block_context":{"text":"Geo","link":"https:\/\/alpoma.net\/tecob\/?cat=5"},"img":{"alt_text":"","src":"https:\/\/i0.wp.com\/alpoma.net\/tecob\/wp-content\/uploads\/2006\/01\/3756157650_cda4b25b81_n.jpg?resize=350%2C200&ssl=1","width":350,"height":200},"classes":[]},{"id":776,"url":"https:\/\/alpoma.net\/tecob\/?p=776","url_meta":{"origin":458,"position":4},"title":"Recreando la Luna en la Tierra","author":"alpoma","date":"11 septiembre 2007","format":false,"excerpt":"En los a\u00f1os sesenta, durante la fiebre de la carrera hacia la Luna, las personas encargadas de preparar las misiones tripuladas a nuestro sat\u00e9lite natural se plantearon seriamente una cuesti\u00f3n muy sencilla. \u00bfC\u00f3mo entrenar a un astronauta para moverse por terreno lunar? La respuesta no es nada sencilla, no se\u2026","rel":"","context":"En \u00abGeo\u00bb","block_context":{"text":"Geo","link":"https:\/\/alpoma.net\/tecob\/?cat=5"},"img":{"alt_text":"","src":"https:\/\/i0.wp.com\/alpoma.net\/tecob\/wp-content\/uploads\/2007\/09\/1362564516_cf5237f958_o.jpg?resize=350%2C200&ssl=1","width":350,"height":200},"classes":[]},{"id":700,"url":"https:\/\/alpoma.net\/tecob\/?p=700","url_meta":{"origin":458,"position":5},"title":"Los \u00e1rboles lunares","author":"alpoma","date":"2 abril 2007","format":false,"excerpt":"He aqu\u00ed una an\u00e9cdota intrascendente pero muy curiosa. Tras rozar la tragedia con el Apolo XIII, la NASA necesitaba una alegr\u00eda, una misi\u00f3n impecable con la que retomar con ganas la exploraci\u00f3n espacial. La misi\u00f3n Apolo XIV parti\u00f3 hacia la Luna el \u00faltimo d\u00eda de Enero de 1971, entre el\u2026","rel":"","context":"En \u00abGeo\u00bb","block_context":{"text":"Geo","link":"https:\/\/alpoma.net\/tecob\/?cat=5"},"img":{"alt_text":"","src":"https:\/\/i0.wp.com\/alpoma.net\/tecob\/wp-content\/uploads\/2007\/04\/444021172_182430706a_m.jpg?resize=350%2C200&ssl=1","width":350,"height":200},"classes":[]}],"jetpack_sharing_enabled":true,"_links":{"self":[{"href":"https:\/\/alpoma.net\/tecob\/index.php?rest_route=\/wp\/v2\/posts\/458","targetHints":{"allow":["GET"]}}],"collection":[{"href":"https:\/\/alpoma.net\/tecob\/index.php?rest_route=\/wp\/v2\/posts"}],"about":[{"href":"https:\/\/alpoma.net\/tecob\/index.php?rest_route=\/wp\/v2\/types\/post"}],"author":[{"embeddable":true,"href":"https:\/\/alpoma.net\/tecob\/index.php?rest_route=\/wp\/v2\/users\/1"}],"replies":[{"embeddable":true,"href":"https:\/\/alpoma.net\/tecob\/index.php?rest_route=%2Fwp%2Fv2%2Fcomments&post=458"}],"version-history":[{"count":0,"href":"https:\/\/alpoma.net\/tecob\/index.php?rest_route=\/wp\/v2\/posts\/458\/revisions"}],"wp:featuredmedia":[{"embeddable":true,"href":"https:\/\/alpoma.net\/tecob\/index.php?rest_route=\/wp\/v2\/media\/10533"}],"wp:attachment":[{"href":"https:\/\/alpoma.net\/tecob\/index.php?rest_route=%2Fwp%2Fv2%2Fmedia&parent=458"}],"wp:term":[{"taxonomy":"category","embeddable":true,"href":"https:\/\/alpoma.net\/tecob\/index.php?rest_route=%2Fwp%2Fv2%2Fcategories&post=458"},{"taxonomy":"post_tag","embeddable":true,"href":"https:\/\/alpoma.net\/tecob\/index.php?rest_route=%2Fwp%2Fv2%2Ftags&post=458"}],"curies":[{"name":"wp","href":"https:\/\/api.w.org\/{rel}","templated":true}]}}