{"id":4578,"date":"2011-04-15T18:42:36","date_gmt":"2011-04-15T16:42:36","guid":{"rendered":"http:\/\/www.alpoma.net\/tecob\/?p=4578"},"modified":"2011-04-15T18:42:36","modified_gmt":"2011-04-15T16:42:36","slug":"el-primer-derribo-aereo","status":"publish","type":"post","link":"https:\/\/alpoma.net\/tecob\/?p=4578","title":{"rendered":"El primer derribo a\u00e9reo"},"content":{"rendered":"<p>No me atrevo a afirmar que se trat\u00f3 del primer combate a\u00e9reo entre aeroplanos porque, seg\u00fan algunos indicios, posiblemente se produjo con anterioridad alguna escaramuza similar. Eso s\u00ed, de lo que parece no haber duda, es sobre que el combate que voy a mencionar brevemente termin\u00f3 con el <strong>primer avi\u00f3n derribado de la historia en combate a\u00e9reo<\/strong>. Desde 1986, en el pueblo franc\u00e9s de <strong><a href=\"http:\/\/es.wikipedia.org\/wiki\/Jonchery-sur-Vesle\">Jonchery-sur-Vesle<\/a><\/strong>, luce en p\u00fablico <strong><a href=\"http:\/\/www.frontflieger.de\/2-ffa018.html\">una placa<\/a><\/strong> que recuerda este hecho singular, glosado con texto en franc\u00e9s y alem\u00e1n. La <strong><a href=\"http:\/\/aerosteles.net\/fiche.php?code=jonchery-frantz&#038;lang=fr\">placa<\/a><\/strong> nos cuenta lo siguiente:<\/p>\n<blockquote><p><em>5 de octubre de 1914<\/em><br \/>\n<strong>Primera victoria en combate a\u00e9reo de la historia mundial de la aviaci\u00f3n sobre Jonchery-sur-Vesle<\/strong><br \/>\nVictoria de los franceses Joseph Frantz, piloto, y Louis Quenault, observador, en un biplano Voisin contra un biplano alem\u00e1n Aviatik, pilotado por Wilhelm Schlichting y Fritz von Zangen como observador, ambos muertos en combate. Su avi\u00f3n se estrell\u00f3 en llamas sobre los pantanos cercanos a las v\u00edas del ferrocarril, cerca de un kil\u00f3metro al este de donde fue colocada esta placa en 1986 en memoria de los h\u00e9roes, vencedores y vencidos. La paz y la amistad entre los pueblos de Europa no deben ser olvidadas. <\/p><\/blockquote>\n<p style=\"text-align: center\"><a href=\"http:\/\/www.flickr.com\/photos\/alpoma\/5622299092\/\" title=\"combate by alpoma, on Flickr\"><img loading=\"lazy\" decoding=\"async\" src=\"http:\/\/farm6.static.flickr.com\/5228\/5622299092_c60c1a0a6f_o.jpg\" width=\"510\" height=\"200\" alt=\"combate\"\/><\/a><\/p>\n<p>Hac\u00eda poco m\u00e1s de una d\u00e9cada que la aviaci\u00f3n a motor hab\u00eda nacido y, en aquellos primeros meses de la <strong>Gran Guerra<\/strong>, nadie ten\u00eda una idea muy clara sobre c\u00f3mo iban a participar los aeroplanos en el conflicto. Desde los primeros d\u00edas de la guerra se emplearon aviones para bombardear objetivos en tierra, pero la lucha entre aviones al modo de <em>caballeros del aire<\/em> no se contemplaba como algo muy probable. El duelo que aquel 5 de octubre de 1914 se vio en los cielos de la Champa\u00f1a, cerca de Reims, abri\u00f3 los ojos de los estrategas militares y sirvi\u00f3 para dar comienzo a la \u00e9poca de los <strong>ases del aire <\/strong>y la <strong>aviaci\u00f3n de caza<\/strong>. Y todo fue por casualidad, porque el Voisin franc\u00e9s iba equipado con una ametralladora para realizar algunas pruebas de tiro y el Aviatik alem\u00e1n contaba con una carabina que fue disparada, en un primer ataque, por el observador de aquel avi\u00f3n. El Voisin respondi\u00f3, hiriendo al piloto del avi\u00f3n alem\u00e1n que, al poco, cay\u00f3 en picado. <\/p>\n","protected":false},"excerpt":{"rendered":"<div class=\"mh-excerpt\"><p>No me atrevo a afirmar que se trat\u00f3 del primer combate a\u00e9reo entre aeroplanos porque, seg\u00fan algunos indicios, posiblemente se produjo con anterioridad alguna escaramuza similar. Eso s\u00ed, de lo <a class=\"mh-excerpt-more\" href=\"https:\/\/alpoma.net\/tecob\/?p=4578\" title=\"El primer derribo a\u00e9reo\">[&#8230;]<\/a><\/p>\n<\/div>","protected":false},"author":1,"featured_media":10686,"comment_status":"open","ping_status":"open","sticky":false,"template":"","format":"standard","meta":{"jetpack_post_was_ever_published":false,"_jetpack_newsletter_access":"","_jetpack_dont_email_post_to_subs":false,"_jetpack_newsletter_tier_id":0,"_jetpack_memberships_contains_paywalled_content":false,"_jetpack_memberships_contains_paid_content":false,"footnotes":""},"categories":[3],"tags":[],"class_list":["post-4578","post","type-post","status-publish","format-standard","has-post-thumbnail","hentry","category-obsolescencia"],"jetpack_featured_media_url":"https:\/\/alpoma.net\/tecob\/wp-content\/uploads\/2011\/04\/5622299092_c60c1a0a6f_o.jpg","jetpack_shortlink":"https:\/\/wp.me\/p93Dc1-1bQ","jetpack-related-posts":[{"id":637,"url":"https:\/\/alpoma.net\/tecob\/?p=637","url_meta":{"origin":4578,"position":0},"title":"Roland Garros","author":"alpoma","date":"29 noviembre 2006","format":false,"excerpt":"Mmmmmm... \u00bftenis? Pues no, la cosa no va de raquetas, aunque p\u00f3stumamente se utiliz\u00f3 su nombre para denominar al famoso torneo anual de tenis franc\u00e9s, pocos se acuerdan de Roland Garros, intr\u00e9pido pionero de la aviaci\u00f3n que logr\u00f3 realizar una peligrosa traves\u00eda por el Mediterr\u00e1neo incluso a pesar de tener\u2026","rel":"","context":"En \u00abObsolescencia\u00bb","block_context":{"text":"Obsolescencia","link":"https:\/\/alpoma.net\/tecob\/?cat=3"},"img":{"alt_text":"garros_3_350","src":"https:\/\/i0.wp.com\/static.flickr.com\/107\/308999230_b8062731ab_m.jpg?resize=350%2C200","width":350,"height":200},"classes":[]},{"id":4798,"url":"https:\/\/alpoma.net\/tecob\/?p=4798","url_meta":{"origin":4578,"position":1},"title":"Bichos raros: el barco bisagra y el avi\u00f3n portaaviones","author":"alpoma","date":"19 mayo 2011","format":false,"excerpt":"Mientras busco datos para alimentar art\u00edculos e historias diversas, sobre todo cuando me encuentro en proceso de documentar textos para Historia de Iberia Vieja y otras revistas, buceando en webs y en bibliotecas (s\u00ed, de esas que guardan libros de papel, todav\u00eda existen ;-) ) a veces aparecen verdaderos bichos\u2026","rel":"","context":"En \u00abObsolescencia\u00bb","block_context":{"text":"Obsolescencia","link":"https:\/\/alpoma.net\/tecob\/?cat=3"},"img":{"alt_text":"","src":"https:\/\/i0.wp.com\/alpoma.net\/tecob\/wp-content\/uploads\/2011\/05\/5736313637_4a77ce906a_o.jpg?resize=350%2C200&ssl=1","width":350,"height":200,"srcset":"https:\/\/i0.wp.com\/alpoma.net\/tecob\/wp-content\/uploads\/2011\/05\/5736313637_4a77ce906a_o.jpg?resize=350%2C200&ssl=1 1x, https:\/\/i0.wp.com\/alpoma.net\/tecob\/wp-content\/uploads\/2011\/05\/5736313637_4a77ce906a_o.jpg?resize=525%2C300&ssl=1 1.5x"},"classes":[]},{"id":3178,"url":"https:\/\/alpoma.net\/tecob\/?p=3178","url_meta":{"origin":4578,"position":2},"title":"La ca\u00edda del \u00abchivato gordinfl\u00f3n\u00bb","author":"alpoma","date":"22 julio 2010","format":false,"excerpt":"Ayer complet\u00e9 la maqueta de un libro fascinante que no dudo en recomendar a los lectores de TecOb... cuando aparezca en las librer\u00edas, claro est\u00e1. Se trata de Breve historia de la guerra con los Estados Unidos1, obra de Miguel del Rey Vicente y Carlos Canales Torres. Bien, \u00bfy qu\u00e9\u2026","rel":"","context":"En \u00abMade in Spain\u00bb","block_context":{"text":"Made in Spain","link":"https:\/\/alpoma.net\/tecob\/?cat=10"},"img":{"alt_text":"","src":"https:\/\/i0.wp.com\/alpoma.net\/tecob\/wp-content\/uploads\/2010\/07\/4818299621_95676ea225_z.jpg?resize=350%2C200&ssl=1","width":350,"height":200},"classes":[]},{"id":6233,"url":"https:\/\/alpoma.net\/tecob\/?p=6233","url_meta":{"origin":4578,"position":3},"title":"El d\u00eda que una patrulla de F-15 intercept\u00f3 a dos Mig-29 sobre los Estados Unidos","author":"alpoma","date":"17 febrero 2012","format":false,"excerpt":"Durante la Guerra Fr\u00eda se jug\u00f3 una partida muy peligrosa en los cielos cercanos al Estrecho de Bering y, en general, en todo el \u00c1rtico. No era extra\u00f1o ver cazas y bombarderos sovi\u00e9ticos jugando al gato y al rat\u00f3n con fuerzas estadounidenses y viceversa. La siguiente imagen, toda una preciosidad,\u2026","rel":"","context":"En \u00abObsolescencia\u00bb","block_context":{"text":"Obsolescencia","link":"https:\/\/alpoma.net\/tecob\/?cat=3"},"img":{"alt_text":"","src":"https:\/\/i0.wp.com\/alpoma.net\/tecob\/wp-content\/uploads\/2012\/02\/6892818087_26baf32137_z.jpg?resize=350%2C200&ssl=1","width":350,"height":200,"srcset":"https:\/\/i0.wp.com\/alpoma.net\/tecob\/wp-content\/uploads\/2012\/02\/6892818087_26baf32137_z.jpg?resize=350%2C200&ssl=1 1x, https:\/\/i0.wp.com\/alpoma.net\/tecob\/wp-content\/uploads\/2012\/02\/6892818087_26baf32137_z.jpg?resize=525%2C300&ssl=1 1.5x"},"classes":[]},{"id":1761,"url":"https:\/\/alpoma.net\/tecob\/?p=1761","url_meta":{"origin":4578,"position":4},"title":"El zepel\u00edn-ferrocarril","author":"alpoma","date":"8 diciembre 2009","format":false,"excerpt":"No hubiera funcionado, es m\u00e1s, de haberse llevado a la pr\u00e1ctica seguramente se hubiera convertido en una pesadilla para los ingenieros y, sobre todo, para los viajeros. No obstante, la propuesta guarda su encanto desde el punto de vista est\u00e9tico. Lo he encontrado en el n\u00famero de diciembre de este\u2026","rel":"","context":"En \u00abObsolescencia\u00bb","block_context":{"text":"Obsolescencia","link":"https:\/\/alpoma.net\/tecob\/?cat=3"},"img":{"alt_text":"","src":"https:\/\/i0.wp.com\/alpoma.net\/tecob\/wp-content\/uploads\/2009\/12\/4169873800_30c373dc01_o.jpg?resize=350%2C200&ssl=1","width":350,"height":200,"srcset":"https:\/\/i0.wp.com\/alpoma.net\/tecob\/wp-content\/uploads\/2009\/12\/4169873800_30c373dc01_o.jpg?resize=350%2C200&ssl=1 1x, https:\/\/i0.wp.com\/alpoma.net\/tecob\/wp-content\/uploads\/2009\/12\/4169873800_30c373dc01_o.jpg?resize=525%2C300&ssl=1 1.5x"},"classes":[]},{"id":4283,"url":"https:\/\/alpoma.net\/tecob\/?p=4283","url_meta":{"origin":4578,"position":5},"title":"Recuerdos del primer portaaviones espa\u00f1ol","author":"alpoma","date":"3 marzo 2011","format":false,"excerpt":"El presente art\u00edculo corresponde a una versi\u00f3n abreviada del que publiqu\u00e9 en la revista Historia de Iberia Vieja en su edici\u00f3n del mes de marzo de 2011. Al amanecer salgo del camarote. Es mi\u00e9rcoles. Se va a hacer una operaci\u00f3n complementaria, seg\u00fan nos ha dicho el coronel Goded. Subo a\u2026","rel":"","context":"En \u00abMade in Spain\u00bb","block_context":{"text":"Made in Spain","link":"https:\/\/alpoma.net\/tecob\/?cat=10"},"img":{"alt_text":"","src":"https:\/\/i0.wp.com\/alpoma.net\/tecob\/wp-content\/uploads\/2011\/03\/5492915756_72aa1b488a_o.jpg?resize=350%2C200&ssl=1","width":350,"height":200,"srcset":"https:\/\/i0.wp.com\/alpoma.net\/tecob\/wp-content\/uploads\/2011\/03\/5492915756_72aa1b488a_o.jpg?resize=350%2C200&ssl=1 1x, https:\/\/i0.wp.com\/alpoma.net\/tecob\/wp-content\/uploads\/2011\/03\/5492915756_72aa1b488a_o.jpg?resize=525%2C300&ssl=1 1.5x"},"classes":[]}],"jetpack_sharing_enabled":true,"_links":{"self":[{"href":"https:\/\/alpoma.net\/tecob\/index.php?rest_route=\/wp\/v2\/posts\/4578","targetHints":{"allow":["GET"]}}],"collection":[{"href":"https:\/\/alpoma.net\/tecob\/index.php?rest_route=\/wp\/v2\/posts"}],"about":[{"href":"https:\/\/alpoma.net\/tecob\/index.php?rest_route=\/wp\/v2\/types\/post"}],"author":[{"embeddable":true,"href":"https:\/\/alpoma.net\/tecob\/index.php?rest_route=\/wp\/v2\/users\/1"}],"replies":[{"embeddable":true,"href":"https:\/\/alpoma.net\/tecob\/index.php?rest_route=%2Fwp%2Fv2%2Fcomments&post=4578"}],"version-history":[{"count":0,"href":"https:\/\/alpoma.net\/tecob\/index.php?rest_route=\/wp\/v2\/posts\/4578\/revisions"}],"wp:featuredmedia":[{"embeddable":true,"href":"https:\/\/alpoma.net\/tecob\/index.php?rest_route=\/wp\/v2\/media\/10686"}],"wp:attachment":[{"href":"https:\/\/alpoma.net\/tecob\/index.php?rest_route=%2Fwp%2Fv2%2Fmedia&parent=4578"}],"wp:term":[{"taxonomy":"category","embeddable":true,"href":"https:\/\/alpoma.net\/tecob\/index.php?rest_route=%2Fwp%2Fv2%2Fcategories&post=4578"},{"taxonomy":"post_tag","embeddable":true,"href":"https:\/\/alpoma.net\/tecob\/index.php?rest_route=%2Fwp%2Fv2%2Ftags&post=4578"}],"curies":[{"name":"wp","href":"https:\/\/api.w.org\/{rel}","templated":true}]}}