{"id":447,"date":"2006-04-24T20:39:15","date_gmt":"2006-04-24T18:39:15","guid":{"rendered":"http:\/\/www.alpoma.net\/tecob\/?p=447"},"modified":"2006-04-24T20:44:13","modified_gmt":"2006-04-24T18:44:13","slug":"la-orbita-del-meteorito-villalbeto-de-la-pena","status":"publish","type":"post","link":"https:\/\/alpoma.net\/tecob\/?p=447","title":{"rendered":"La \u00f3rbita del meteorito Villalbeto de La Pe\u00f1a"},"content":{"rendered":"<p>Hace unos meses <strong><a href=\"http:\/\/www.alpoma.net\/tecob\/?p=299\">publiqu\u00e9 un post<\/a><\/strong> en el que rescataba algunos de mis escritos y recuerdos acerca del <strong>famoso meteorito de Villalbeto<\/strong>. Hoy, a trav\u00e9s de la <strong><a href=\"http:\/\/www.spmn.uji.es\/\">Lista de noticias de la Red de Investigaci\u00f3n sobre B\u00f3lidos y Meteoritos<\/a><\/strong>, me llega una interesante noticia al respecto, que sirve para complementar lo ya escrito y, c\u00f3mo no, para ver que las investigaciones en marcha est\u00e1n dando buenos frutos:<\/p>\n<blockquote><p>Gracias al abundante material gr\u00e1fico obtenido desde la Red de Investigaci\u00f3n sobre B\u00f3lidos y Meteoritos se ha podido obtener, por primera vez en Espa\u00f1a y novena en el mundo, la \u00f3rbita en el sistema solar del meteorito Villalbeto de la Pe\u00f1a. Este estudio publicado en la revista americana Meteoritics &#038; Planetary Science se ha realizado a partir del estudio de la fase luminosa (b\u00f3lido) que produjo el objeto al entrar en la atm\u00f3sfera a 61.000 km\/hora y proporciona interesantes pistas sobre los mecanismos de transferencia de objetos del cintur\u00f3n principal de asteroides a rutas de colisi\u00f3n con la Tierra.<\/p>\n<p><img decoding=\"async\" src=\"http:\/\/static.flickr.com\/54\/134319792_60bf4b8a5a.jpg\" alt=\"\u00f3rbita\" \/><\/p><\/blockquote>\n<p><strong>| <a href=\"http:\/\/www.spmn.uji.es\/ESP\/noveda65.html\">Nota de prensa y acceso a m\u00e1s informaci\u00f3n<\/a> |<\/strong><\/p>\n<p><strong>Gr\u00e1fico<\/strong>:  \u00d3rbita helioc\u00e9ntrica obtenida del meteorito Villalbeto de la Pe\u00f1a. Fuente: <a href=\"http:\/\/www.spmn.uji.es\/espanol.html\">SPMN<\/a>.<\/p>\n","protected":false},"excerpt":{"rendered":"<div class=\"mh-excerpt\"><p>Hace unos meses publiqu\u00e9 un post en el que rescataba algunos de mis escritos y recuerdos acerca del famoso meteorito de Villalbeto. Hoy, a trav\u00e9s de la Lista de noticias <a class=\"mh-excerpt-more\" href=\"https:\/\/alpoma.net\/tecob\/?p=447\" title=\"La \u00f3rbita del meteorito Villalbeto de La Pe\u00f1a\">[&#8230;]<\/a><\/p>\n<\/div>","protected":false},"author":1,"featured_media":10715,"comment_status":"open","ping_status":"open","sticky":false,"template":"","format":"standard","meta":{"jetpack_post_was_ever_published":false,"_jetpack_newsletter_access":"","_jetpack_dont_email_post_to_subs":false,"_jetpack_newsletter_tier_id":0,"_jetpack_memberships_contains_paywalled_content":false,"_jetpack_memberships_contains_paid_content":false,"footnotes":""},"categories":[4,2],"tags":[],"class_list":["post-447","post","type-post","status-publish","format-standard","has-post-thumbnail","hentry","category-innovacion","category-personal"],"jetpack_featured_media_url":"https:\/\/alpoma.net\/tecob\/wp-content\/uploads\/2006\/04\/134319792_60bf4b8a5a.jpg","jetpack_shortlink":"https:\/\/wp.me\/p93Dc1-7d","jetpack-related-posts":[{"id":299,"url":"https:\/\/alpoma.net\/tecob\/?p=299","url_meta":{"origin":447,"position":0},"title":"El meteorito de Villalbeto","author":"alpoma","date":"4 enero 2006","format":false,"excerpt":"(El texto de este post corresponde a un art\u00edculo que publiqu\u00e9 a principios de 2004). [Art\u00edculo pendiente de revisi\u00f3n de estilo] El destino guarda sorpresas ciertamente asombrosas. Porque, al menos personalmente, lo sucedido el d\u00eda cuatro de Enero de 2004 fue uno de los sucesos m\u00e1s asombrosos de los que\u2026","rel":"","context":"En \u00abPersonal\u00bb","block_context":{"text":"Personal","link":"https:\/\/alpoma.net\/tecob\/?cat=2"},"img":{"alt_text":"","src":"","width":0,"height":0},"classes":[]},{"id":1042,"url":"https:\/\/alpoma.net\/tecob\/?p=1042","url_meta":{"origin":447,"position":1},"title":"El incidente de Villalbeto (otra vez&#8230;)","author":"alpoma","date":"4 diciembre 2008","format":false,"excerpt":"Tiene gracia, o m\u00e1s bien delito, porque ayer me envi\u00f3 Adolfo Arranz, a quien no dudo en calificar como maestro de la ilustraci\u00f3n y la infograf\u00eda, varias im\u00e1genes que tom\u00f3 del incidente de Villalbeto, s\u00ed, esa historia que tantas veces he contado por aqu\u00ed con meteoritos de por medio. Resulta\u2026","rel":"","context":"En \u00abGeo\u00bb","block_context":{"text":"Geo","link":"https:\/\/alpoma.net\/tecob\/?cat=5"},"img":{"alt_text":"","src":"https:\/\/i0.wp.com\/alpoma.net\/tecob\/wp-content\/uploads\/2008\/12\/3082060963_674dd97b05_o.jpg?resize=350%2C200&ssl=1","width":350,"height":200,"srcset":"https:\/\/i0.wp.com\/alpoma.net\/tecob\/wp-content\/uploads\/2008\/12\/3082060963_674dd97b05_o.jpg?resize=350%2C200&ssl=1 1x, https:\/\/i0.wp.com\/alpoma.net\/tecob\/wp-content\/uploads\/2008\/12\/3082060963_674dd97b05_o.jpg?resize=525%2C300&ssl=1 1.5x"},"classes":[]},{"id":15296,"url":"https:\/\/alpoma.net\/tecob\/?p=15296","url_meta":{"origin":447,"position":2},"title":"Hoy, hace 20 a\u00f1os, el cielo se abri\u00f3 con estruendo sobre la Monta\u00f1a Palentina (meteorito de Villalbeto)","author":"alpoma","date":"4 enero 2024","format":false,"excerpt":"Hoy es jueves, 4 de enero de 2024. Hace exactamente dos d\u00e9cadas yo ten\u00eda 28 a\u00f1os, era domingo, 4 de enero de 2004 cuando, a las 16:46 horas UTC de la tarde sucedi\u00f3 lo m\u00e1s asombroso que he contemplado en toda mi vida. Y eso que he visto cosas raras\u2026","rel":"","context":"En \u00abGeo\u00bb","block_context":{"text":"Geo","link":"https:\/\/alpoma.net\/tecob\/?cat=5"},"img":{"alt_text":"","src":"https:\/\/i0.wp.com\/alpoma.net\/tecob\/wp-content\/uploads\/2024\/01\/3082060963_674dd97b05_o.jpg?resize=350%2C200&ssl=1","width":350,"height":200,"srcset":"https:\/\/i0.wp.com\/alpoma.net\/tecob\/wp-content\/uploads\/2024\/01\/3082060963_674dd97b05_o.jpg?resize=350%2C200&ssl=1 1x, https:\/\/i0.wp.com\/alpoma.net\/tecob\/wp-content\/uploads\/2024\/01\/3082060963_674dd97b05_o.jpg?resize=525%2C300&ssl=1 1.5x"},"classes":[]},{"id":8646,"url":"https:\/\/alpoma.net\/tecob\/?p=8646","url_meta":{"origin":447,"position":3},"title":"\u00bfExplosi\u00f3n de un b\u00f3lido sobre Arag\u00f3n en 1791?","author":"alpoma","date":"12 noviembre 2013","format":false,"excerpt":"He comentado en TecOb varias veces c\u00f3mo el 4 de enero de 2004 fue para m\u00ed uno de esos d\u00edas que nunca podr\u00e9 olvidar. Justo sobre el lugar en el que me encontraba explot\u00f3 violentamente un b\u00f3lido que, convertido en fragmentos, dio lugar al famoso meteorito de Villalbeto. El mes\u2026","rel":"","context":"En \u00abMade in Spain\u00bb","block_context":{"text":"Made in Spain","link":"https:\/\/alpoma.net\/tecob\/?cat=10"},"img":{"alt_text":"mercurio","src":"https:\/\/i0.wp.com\/www.alpoma.net\/tecob\/wp-content\/uploads\/2013\/11\/mercurio-164x300.jpg?resize=350%2C200","width":350,"height":200},"classes":[]},{"id":8667,"url":"https:\/\/alpoma.net\/tecob\/?p=8667","url_meta":{"origin":447,"position":4},"title":"El b\u00f3lido de Madrid (10 de febrero de 1896)","author":"alpoma","date":"3 diciembre 2013","format":false,"excerpt":"El fen\u00f3meno celeste que esta ma\u00f1ana asombr\u00f3 al pueblo de Madrid, ha sido objeto de todas las conversaciones durante el d\u00eda. En las clases altas como en las bajas, entre los hombres de ciencia como entre los indoctos, en los c\u00edrculos y en los caf\u00e9s, en los sitios m\u00e1s aristocr\u00e1ticos\u2026","rel":"","context":"En \u00abMade in Spain\u00bb","block_context":{"text":"Made in Spain","link":"https:\/\/alpoma.net\/tecob\/?cat=10"},"img":{"alt_text":"","src":"https:\/\/i0.wp.com\/alpoma.net\/tecob\/wp-content\/uploads\/2013\/12\/bolido_2.jpg?resize=350%2C200&ssl=1","width":350,"height":200,"srcset":"https:\/\/i0.wp.com\/alpoma.net\/tecob\/wp-content\/uploads\/2013\/12\/bolido_2.jpg?resize=350%2C200&ssl=1 1x, https:\/\/i0.wp.com\/alpoma.net\/tecob\/wp-content\/uploads\/2013\/12\/bolido_2.jpg?resize=525%2C300&ssl=1 1.5x"},"classes":[]},{"id":309,"url":"https:\/\/alpoma.net\/tecob\/?p=309","url_meta":{"origin":447,"position":5},"title":"\u00bfGripe c\u00f3smica? El retorno de la panspermia","author":"alpoma","date":"10 enero 2006","format":false,"excerpt":"Hay teor\u00edas que sufren \u201coleadas\u201d, durante un tiempo son casi olvidadas para, de repente, volver a salir a la luz con m\u00e1s o menos aceptaci\u00f3n a ra\u00edz de nuevos datos o pruebas. Esto le sucede a la panspermia, la teor\u00eda que supone la llegada de vida a la tierra desde\u2026","rel":"","context":"En \u00abGeo\u00bb","block_context":{"text":"Geo","link":"https:\/\/alpoma.net\/tecob\/?cat=5"},"img":{"alt_text":"","src":"","width":0,"height":0},"classes":[]}],"jetpack_sharing_enabled":true,"_links":{"self":[{"href":"https:\/\/alpoma.net\/tecob\/index.php?rest_route=\/wp\/v2\/posts\/447","targetHints":{"allow":["GET"]}}],"collection":[{"href":"https:\/\/alpoma.net\/tecob\/index.php?rest_route=\/wp\/v2\/posts"}],"about":[{"href":"https:\/\/alpoma.net\/tecob\/index.php?rest_route=\/wp\/v2\/types\/post"}],"author":[{"embeddable":true,"href":"https:\/\/alpoma.net\/tecob\/index.php?rest_route=\/wp\/v2\/users\/1"}],"replies":[{"embeddable":true,"href":"https:\/\/alpoma.net\/tecob\/index.php?rest_route=%2Fwp%2Fv2%2Fcomments&post=447"}],"version-history":[{"count":0,"href":"https:\/\/alpoma.net\/tecob\/index.php?rest_route=\/wp\/v2\/posts\/447\/revisions"}],"wp:featuredmedia":[{"embeddable":true,"href":"https:\/\/alpoma.net\/tecob\/index.php?rest_route=\/wp\/v2\/media\/10715"}],"wp:attachment":[{"href":"https:\/\/alpoma.net\/tecob\/index.php?rest_route=%2Fwp%2Fv2%2Fmedia&parent=447"}],"wp:term":[{"taxonomy":"category","embeddable":true,"href":"https:\/\/alpoma.net\/tecob\/index.php?rest_route=%2Fwp%2Fv2%2Fcategories&post=447"},{"taxonomy":"post_tag","embeddable":true,"href":"https:\/\/alpoma.net\/tecob\/index.php?rest_route=%2Fwp%2Fv2%2Ftags&post=447"}],"curies":[{"name":"wp","href":"https:\/\/api.w.org\/{rel}","templated":true}]}}