{"id":444,"date":"2006-04-20T19:27:24","date_gmt":"2006-04-20T17:27:24","guid":{"rendered":"http:\/\/www.alpoma.net\/tecob\/?p=444"},"modified":"2009-12-12T12:27:18","modified_gmt":"2009-12-12T10:27:18","slug":"suite-interestelar","status":"publish","type":"post","link":"https:\/\/alpoma.net\/tecob\/?p=444","title":{"rendered":"Suite Interestelar"},"content":{"rendered":"<p><img decoding=\"async\" src=\"http:\/\/static.flickr.com\/54\/131956404_03fbd52a7f_o.jpg\" alt=\"Grabaci\u00f3n\" class=\"izda\"\/>Hay pel\u00edculas que, primero se filman y, m\u00e1s tarde, son acompa\u00f1adas por una banda sonora constru\u00edda sobre las im\u00e1genes. Hay pel\u00edculas que se imaginan, pero no existen y, sin embargo, dan lugar a bandas sonoras excepcionales. Algo as\u00ed le sucedi\u00f3 al compositor <strong><a href=\"http:\/\/www.bhatiamusic.com\/\">Amin Bhatia<\/a><\/strong> hace tiempo.<\/p>\n<p>Hoy he estado revisando viejas cintas de casette, de esas que hace m\u00e1s de una d\u00e9cada que no abandonan las cajas en las que viven y he rememorado viejos recuerdos. En una de esas cintas me he encontrado con un fragmento de una composici\u00f3n, que mucho m\u00e1s tarde consegu\u00ed en disco compacto, que siempre me gust\u00f3 y que tiene una curiosa historia detr\u00e1s. En la grabaci\u00f3n, procedente de un a\u00f1ejo programa de lo que entonces era emisora musical <strong>Radio 4<\/strong>, all\u00e1 por el 88, aparece uno de los fragmentos m\u00e1s interesantes de esta curiosa \u00absinfon\u00eda\u00bb para sintetizadores: <strong><a href=\"http:\/\/www.interstellarsuite.com\/\">The Interstellar Suite<\/a><\/strong>. <\/p>\n<p>En la mente de Bhatia surgieron im\u00e1genes de naves espaciales, viajes a otros planetas, ruidos de alta tecnolog\u00eda, toda una \u00abpel\u00edcula\u00bb que necesitaba una \u00abbanda sonora\u00bb. El resultado de todo ello me encanta, siempre lo ha hecho y, a todo aquel que le guste la m\u00fasica \u00abde sintetizadores\u00bb, sobre todo si tiene este gusto a a\u00f1os setenta y ochenta, tambi\u00e9n le gustar\u00e1.<\/p>\n<p>La primera idea del compositor comprend\u00eda el uso de una gran orquesta, pero eso se sal\u00eda de sus posibilidades, as\u00ed que, en un golpe de audacia, decidi\u00f3 traer al mundo real su imaginaria epopeya espacial-musical tocando \u00e9l mismo todas la notas utilizando sintetizadores anal\u00f3gicos, lo que es todo un m\u00e9rito, logrando crear texturas orquestales \u00fanicas con aquellas sobresalientes m\u00e1quinas. El resultado fue tan bueno que incluso Roland le concedi\u00f3 un premio en 1981 como ganador de un concurso de m\u00fasica para sintetizadores. Desde ese momento su popularidad creci\u00f3 y su difusi\u00f3n por caminos \u00abunderground\u00bb fue imparable.<\/p>\n<p>A\u00f1os m\u00e1s tarde, en el 87, se grab\u00f3 m\u00e1s \u00abdecentemente\u00bb la versi\u00f3n completa de la Suite con venerables m\u00e1quinas, como un Minimoog, un Roland JX10 o un Yamaha TX816, en los canadienses Estudios Smoothrock.<\/p>\n<p>Si no lo conoces, he aqu\u00ed una buena forma de entrar en el universo espacial de Bhatia: <strong><a href=\"http:\/\/www.interstellarsuite.com\/audiopage.html\"> The Interstellar Suite | Fragmentos<\/a><\/strong> Adem\u00e1s, en la web dedicada a la composici\u00f3n, se explica con detalle el proceso de grabaci\u00f3n.<\/p>\n","protected":false},"excerpt":{"rendered":"<div class=\"mh-excerpt\"><p>Hay pel\u00edculas que, primero se filman y, m\u00e1s tarde, son acompa\u00f1adas por una banda sonora constru\u00edda sobre las im\u00e1genes. Hay pel\u00edculas que se imaginan, pero no existen y, sin embargo, <a class=\"mh-excerpt-more\" href=\"https:\/\/alpoma.net\/tecob\/?p=444\" title=\"Suite Interestelar\">[&#8230;]<\/a><\/p>\n<\/div>","protected":false},"author":1,"featured_media":10524,"comment_status":"open","ping_status":"open","sticky":false,"template":"","format":"standard","meta":{"jetpack_post_was_ever_published":false,"_jetpack_newsletter_access":"","_jetpack_dont_email_post_to_subs":false,"_jetpack_newsletter_tier_id":0,"_jetpack_memberships_contains_paywalled_content":false,"_jetpack_memberships_contains_paid_content":false,"footnotes":""},"categories":[42,2],"tags":[],"class_list":["post-444","post","type-post","status-publish","format-standard","has-post-thumbnail","hentry","category-musica","category-personal"],"jetpack_featured_media_url":"https:\/\/alpoma.net\/tecob\/wp-content\/uploads\/2006\/04\/131956404_03fbd52a7f_o.jpg","jetpack_shortlink":"https:\/\/wp.me\/p93Dc1-7a","jetpack-related-posts":[{"id":387,"url":"https:\/\/alpoma.net\/tecob\/?p=387","url_meta":{"origin":444,"position":0},"title":"De tarjetas perforadas","author":"alpoma","date":"9 marzo 2006","format":false,"excerpt":"\u00bfAlguien se acuerda de ellas? Todav\u00eda me hace gracia c\u00f3mo, a veces, cuando se intentaba perforar con la punta de una lapicera en el casillero de una de aquellas dichosas tarjetitas, durante un ex\u00e1men en la facultad, el fragmento de papel no quer\u00eda caer y se resist\u00eda a separarse de\u2026","rel":"","context":"En \u00abObsolescencia\u00bb","block_context":{"text":"Obsolescencia","link":"https:\/\/alpoma.net\/tecob\/?cat=3"},"img":{"alt_text":"","src":"https:\/\/i0.wp.com\/alpoma.net\/tecob\/wp-content\/uploads\/2006\/03\/110161808_21a2654fb9_o.gif?resize=350%2C200&ssl=1","width":350,"height":200},"classes":[]},{"id":14814,"url":"https:\/\/alpoma.net\/tecob\/?p=14814","url_meta":{"origin":444,"position":1},"title":"Las cintas de cassette escasean (cosas del \u00f3xido de hierro)","author":"alpoma","date":"22 octubre 2019","format":false,"excerpt":"Quedan pocos d\u00edas para que entremos en noviembre de 2019, ese mes m\u00edtico que pintaba un futuro en el que replicantes y spinners poblaban la ciudad de Los \u00c1ngeles en Blade Runner. Ahora que ese futuro nos ha alcanzado, \u00bfqu\u00e9 narices nos van a importar las cintas de cassette? Pues,\u2026","rel":"","context":"En \u00abObsolescencia\u00bb","block_context":{"text":"Obsolescencia","link":"https:\/\/alpoma.net\/tecob\/?cat=3"},"img":{"alt_text":"","src":"https:\/\/i0.wp.com\/alpoma.net\/tecob\/wp-content\/uploads\/2019\/10\/cinta.jpg?resize=350%2C200&ssl=1","width":350,"height":200,"srcset":"https:\/\/i0.wp.com\/alpoma.net\/tecob\/wp-content\/uploads\/2019\/10\/cinta.jpg?resize=350%2C200&ssl=1 1x, https:\/\/i0.wp.com\/alpoma.net\/tecob\/wp-content\/uploads\/2019\/10\/cinta.jpg?resize=525%2C300&ssl=1 1.5x"},"classes":[]},{"id":2836,"url":"https:\/\/alpoma.net\/tecob\/?p=2836","url_meta":{"origin":444,"position":2},"title":"Resucitando un viejo RCA Photophone","author":"alpoma","date":"2 junio 2010","format":false,"excerpt":"En realidad, lo que se ha recuperado es el sonido almacenado en vetustas cintas de audio de doce pistas creadas para ser reproducidas en viejos \"fot\u00f3fonos\" de la RCA1, o pallophotophones. La cosa tiene su miga porque, tal y como sucede con muchos soportes de informaci\u00f3n ya anticuados, no existen\u2026","rel":"","context":"En \u00abObsolescencia\u00bb","block_context":{"text":"Obsolescencia","link":"https:\/\/alpoma.net\/tecob\/?cat=3"},"img":{"alt_text":"rcaphotophonethmb","src":"https:\/\/i0.wp.com\/farm2.static.flickr.com\/1302\/4663346571_4580c8149f_o.png?resize=350%2C200","width":350,"height":200},"classes":[]},{"id":454,"url":"https:\/\/alpoma.net\/tecob\/?p=454","url_meta":{"origin":444,"position":3},"title":"Ulysses 31, recordando la ni\u00f1ez","author":"alpoma","date":"29 abril 2006","format":false,"excerpt":"Estos d\u00edas del puente de Mayo las tiendas no abren, as\u00ed que si uno no quiere ver el frigor\u00edfico peligrosamente vac\u00edo, lo mejor es reponer existencias. Dicho y hecho, a pasar un rato por la tarde a un centro comercial. En esto est\u00e1bamos cuando, al pasar por la secci\u00f3n de\u2026","rel":"","context":"En \u00abPersonal\u00bb","block_context":{"text":"Personal","link":"https:\/\/alpoma.net\/tecob\/?cat=2"},"img":{"alt_text":"","src":"https:\/\/i0.wp.com\/alpoma.net\/tecob\/wp-content\/uploads\/2006\/04\/137026110_88179e8c5d_m.jpg?resize=350%2C200&ssl=1","width":350,"height":200},"classes":[]},{"id":12503,"url":"https:\/\/alpoma.net\/tecob\/?p=12503","url_meta":{"origin":444,"position":4},"title":"El \u00abcine en relieve\u00bb en la Espa\u00f1a de principios del siglo XX","author":"alpoma","date":"28 diciembre 2016","format":false,"excerpt":"Versi\u00f3n para TecOb del art\u00edculo que publiqu\u00e9 en la revista Historia de Iberia Vieja en diciembre de 2016. El martes tuvo lugar en el sal\u00f3n de actos del Palacio de Comunicaciones la tercera conferencia del ciclo organizado por el Standard Club. (\u2026) Estuvo a cargo del ingeniero de telecomunicaci\u00f3n D.\u2026","rel":"","context":"En \u00abMade in Spain\u00bb","block_context":{"text":"Made in Spain","link":"https:\/\/alpoma.net\/tecob\/?cat=10"},"img":{"alt_text":"","src":"https:\/\/i0.wp.com\/alpoma.net\/tecob\/wp-content\/uploads\/2016\/12\/patente_de_carlos_perez_de_siles-scaled.jpg?resize=350%2C200&ssl=1","width":350,"height":200,"srcset":"https:\/\/i0.wp.com\/alpoma.net\/tecob\/wp-content\/uploads\/2016\/12\/patente_de_carlos_perez_de_siles-scaled.jpg?resize=350%2C200&ssl=1 1x, https:\/\/i0.wp.com\/alpoma.net\/tecob\/wp-content\/uploads\/2016\/12\/patente_de_carlos_perez_de_siles-scaled.jpg?resize=525%2C300&ssl=1 1.5x, https:\/\/i0.wp.com\/alpoma.net\/tecob\/wp-content\/uploads\/2016\/12\/patente_de_carlos_perez_de_siles-scaled.jpg?resize=700%2C400&ssl=1 2x, https:\/\/i0.wp.com\/alpoma.net\/tecob\/wp-content\/uploads\/2016\/12\/patente_de_carlos_perez_de_siles-scaled.jpg?resize=1050%2C600&ssl=1 3x, https:\/\/i0.wp.com\/alpoma.net\/tecob\/wp-content\/uploads\/2016\/12\/patente_de_carlos_perez_de_siles-scaled.jpg?resize=1400%2C800&ssl=1 4x"},"classes":[]},{"id":13721,"url":"https:\/\/alpoma.net\/tecob\/?p=13721","url_meta":{"origin":444,"position":5},"title":"Elcaset, la cinta gigante de Sony","author":"alpoma","date":"30 septiembre 2018","format":false,"excerpt":"En un ejemplar de La Vanguardia, concretamente en el correspondiente a la edici\u00f3n del viernes 8 de julio de 1977 (p\u00e1gina 7), encontramos un art\u00edculo titulado \"Situaci\u00f3n actual de la Alta Fidelidad\". Bien, el repaso a la tecnolog\u00eda de audio dom\u00e9stica de la \u00e9poca es realmente interesante. Se menciona en\u2026","rel":"","context":"En \u00abObsolescencia\u00bb","block_context":{"text":"Obsolescencia","link":"https:\/\/alpoma.net\/tecob\/?cat=3"},"img":{"alt_text":"","src":"https:\/\/i0.wp.com\/alpoma.net\/tecob\/wp-content\/uploads\/2018\/09\/elcaset.jpg?resize=350%2C200&ssl=1","width":350,"height":200,"srcset":"https:\/\/i0.wp.com\/alpoma.net\/tecob\/wp-content\/uploads\/2018\/09\/elcaset.jpg?resize=350%2C200&ssl=1 1x, https:\/\/i0.wp.com\/alpoma.net\/tecob\/wp-content\/uploads\/2018\/09\/elcaset.jpg?resize=525%2C300&ssl=1 1.5x, https:\/\/i0.wp.com\/alpoma.net\/tecob\/wp-content\/uploads\/2018\/09\/elcaset.jpg?resize=700%2C400&ssl=1 2x"},"classes":[]}],"jetpack_sharing_enabled":true,"_links":{"self":[{"href":"https:\/\/alpoma.net\/tecob\/index.php?rest_route=\/wp\/v2\/posts\/444","targetHints":{"allow":["GET"]}}],"collection":[{"href":"https:\/\/alpoma.net\/tecob\/index.php?rest_route=\/wp\/v2\/posts"}],"about":[{"href":"https:\/\/alpoma.net\/tecob\/index.php?rest_route=\/wp\/v2\/types\/post"}],"author":[{"embeddable":true,"href":"https:\/\/alpoma.net\/tecob\/index.php?rest_route=\/wp\/v2\/users\/1"}],"replies":[{"embeddable":true,"href":"https:\/\/alpoma.net\/tecob\/index.php?rest_route=%2Fwp%2Fv2%2Fcomments&post=444"}],"version-history":[{"count":0,"href":"https:\/\/alpoma.net\/tecob\/index.php?rest_route=\/wp\/v2\/posts\/444\/revisions"}],"wp:featuredmedia":[{"embeddable":true,"href":"https:\/\/alpoma.net\/tecob\/index.php?rest_route=\/wp\/v2\/media\/10524"}],"wp:attachment":[{"href":"https:\/\/alpoma.net\/tecob\/index.php?rest_route=%2Fwp%2Fv2%2Fmedia&parent=444"}],"wp:term":[{"taxonomy":"category","embeddable":true,"href":"https:\/\/alpoma.net\/tecob\/index.php?rest_route=%2Fwp%2Fv2%2Fcategories&post=444"},{"taxonomy":"post_tag","embeddable":true,"href":"https:\/\/alpoma.net\/tecob\/index.php?rest_route=%2Fwp%2Fv2%2Ftags&post=444"}],"curies":[{"name":"wp","href":"https:\/\/api.w.org\/{rel}","templated":true}]}}