{"id":4283,"date":"2011-03-03T00:12:40","date_gmt":"2011-03-02T22:12:40","guid":{"rendered":"http:\/\/www.alpoma.net\/tecob\/?p=4283"},"modified":"2011-03-03T00:12:40","modified_gmt":"2011-03-02T22:12:40","slug":"recuerdos-del-primer-portaaviones-espanol","status":"publish","type":"post","link":"https:\/\/alpoma.net\/tecob\/?p=4283","title":{"rendered":"Recuerdos del primer portaaviones espa\u00f1ol"},"content":{"rendered":"<p class=\"otros3\">El presente art\u00edculo corresponde a una versi\u00f3n abreviada del que publiqu\u00e9 en la revista <strong>Historia de Iberia Vieja<\/strong> en su edici\u00f3n del mes de marzo de 2011.<\/p>\n<blockquote><p>Al amanecer salgo del camarote. Es mi\u00e9rcoles. Se va a hacer una operaci\u00f3n complementaria, seg\u00fan nos ha dicho el coronel Goded. Subo a cubierta. Hay neblina, el mar est\u00e1 levemente agitado. La enorme fila de buques se extiende de oeste a este. Algunas embarcaciones menores la recorren. El \u201cD\u00e9dalo\u201d, buque madrina, da suelta a los primeros aviones. Son como p\u00e1jaros que, al salir el sol, levantan el vuelo. Se alejan en direcci\u00f3n a tierra y bien pronto un eco lejano de sordas detonaciones llega hasta nosotros. \u00bfBombardean o es que les disparan? El globo cautivo \u201cJaime I\u201d se eleva tambi\u00e9n. Sus observadores hacen se\u00f1ales. De pronto, se inflaman las ocres murallas del Pe\u00f1\u00f3n de Alhucemas. Nubecillas de humo salen de sus ca\u00f1oneras y esas nubecillas son rasgadas por rel\u00e1mpagos. No tardan en aparecer por oriente las escuadrillas de Melilla. Aeroplanos e \u201chidros\u201d se dispersan por el horizonte. \u00c1giles, graciosos, vuelan en diferentes direcciones, avizorando. No habr\u00e1 en el campo enemigo un grupo, por peque\u00f1o que sea, que se escape a su observaci\u00f3n minuciosa&#8230;<\/p>\n<p>Guti\u00e9rrez de Miguel, La ocupaci\u00f3n de Morro Nuevo,<br \/>\ncr\u00f3nica de la campa\u00f1a de Alhucemas. <em>La  Voz<\/em>, 11 de septiembre de 1925.<\/p><\/blockquote>\n<p><strong>Los or\u00edgenes de la aviaci\u00f3n naval<\/strong><\/p>\n<p>Se cumple este 2011 un siglo desde que un chaval, tan audaz como posiblemente algo alocado, inaugur\u00f3 la era de los portaaviones. Fue el punto en que esfuerzos de muchas d\u00e9cadas dieron frutos, toda una larga colecci\u00f3n de experimentos que se iniciaron el 12 de julio de 1849 cuando desde un buque de guerra austr\u00edaco, el <em>Vulcano<\/em>, se envi\u00f3 un globo tripulado para bombardear Venecia. Por fortuna para la ciudad de los canales, el viento mand\u00f3 al globo armado en direcci\u00f3n opuesta a la urbe. Sin embargo, el matrimonio entre ingenios a\u00e9reos y nav\u00edos no se detuvo a pesar de esa accidentada experiencia. Durante la Guerra Civil en los Estados Unidos el ingenio de Thaddeus S.C. Lowe demostr\u00f3 que los globos de observaci\u00f3n unidos a la cubierta de buques pod\u00edan ser realmente \u00fatiles en campa\u00f1a. <\/p>\n<p>Pero de ah\u00ed a tener un portaaviones entre manos hab\u00eda que recorrer mucho camino. Fue <strong>Eugene Burton Ely<\/strong> quien se atrevi\u00f3 a demostrar que se pod\u00eda despegar y aterrizar en un barco sin matarse en el intento. Cuando hac\u00eda menos de un a\u00f1o que se hab\u00eda convertido en piloto, su hambre de aventura le hizo aceptar una arriesgada apuesta de la Armada de los Estados Unidos. En noviembre de 1910 demostr\u00f3 con avi\u00f3n <em>Curtiss<\/em> que se pod\u00eda despegar desde una plataforma construida sobre un barco de guerra, el crucero <em>USS Birmingham<\/em>. Casi se estrella contra el mar en las cercan\u00edas de Norfolk, pero finalmente remont\u00f3 el vuelo y lleg\u00f3 a tierra sin problemas. Poco despu\u00e9s, el 18 de enero de 1911, repiti\u00f3 la haza\u00f1a en la bah\u00eda de San Francisco, pero ya con tanta confianza en sus artes de piloto que logr\u00f3 aterrizar sobre el <em>USS Pennsylvania<\/em> y despegar del mismo poco despu\u00e9s, como si hubiera realizado esa maniobra tan com\u00fan hoy d\u00eda en los portaaviones en decenas de ocasiones. <\/p>\n<p>La audacia de Eugene Burton Ely dej\u00f3 claro que el futuro de la guerra en los mares depender\u00eda del poder a\u00e9reo embarcado. Ahora bien, no todos los pilotos eran capaces de repetir lo que Ely hab\u00eda logrado porque, al menor descuido, el desastre pod\u00eda considerarse como algo seguro. Por esta raz\u00f3n, los portaaviones con grandes cubiertas preparadas para despegar y aterrizar sobre ellas tardaron todav\u00eda un tiempo en aparecer y en reclamar su posici\u00f3n de poder dentro de las estrategias de combate naval. Hab\u00eda una soluci\u00f3n al problema: se pod\u00eda transportar una considerable fuerza embarcada, pero para despegar era mejor hacerlo desde el agua. As\u00ed, en el mismo a\u00f1o en que Ely lograba asombrar al mundo, naci\u00f3 el <strong>primer portahidroaviones<\/strong>, el franc\u00e9s <strong><em>La Foudre<\/em><\/strong>. Menos de un a\u00f1o hab\u00eda pasado desde que se elevara desde las aguas el primer hidroavi\u00f3n, un aparato tambi\u00e9n franc\u00e9s, <em>Le Canard<\/em>. Con rapidez muchas naciones vieron en los portahidroaviones la mejor manera de extender su poder a\u00e9reo m\u00e1s all\u00e1 de sus costas. De esta forma, pronto fueron transformados cargueros y viejos barcos de guerra para transportar en sus bodegas hidroaviones que eran depositados en el agua, e igualmente recuperados despu\u00e9s de sus misiones, por medio de gr\u00faas. Realmente no se pueden considerar verdaderos portaaviones si se atiende a su ausencia de cubierta de vuelo corrida, pero ser\u00e9 laxo en cuanto a esa definici\u00f3n porque, de lo contrario, al viejo <em><strong>D\u00e9dalo<\/strong><\/em> no se le podr\u00eda considerar como el primer portaaviones espa\u00f1ol y bien creo que merece ese t\u00edtulo. Cuando entr\u00f3 en servicio con la <strong>Armada espa\u00f1ola<\/strong> hac\u00eda ya tiempo que los portaaviones de verdad surcaban los mares y se consideraba que los portahidroaviones eran tecnolog\u00eda pr\u00e1cticamente obsoleta. No obstante, a falta de un verdadero portaaviones, el <em>D\u00e9dalo<\/em> sirvi\u00f3 a su cometido con gran eficacia, pese a lo complejo de las operaciones de lanzamiento y rescate de los hidroaviones, el nav\u00edo era capaz de desplegar una fuerza de ataque considerable de forma relativamente r\u00e1pida. Los portahidroaviones no perduraron, aunque durante un tiempo algunos barcos de guerra contaron con hidros capaces de despegar desde cubierta gracias al uso de catapultas. <\/p>\n<p><strong>El D\u00e9dalo, primer portaaviones espa\u00f1ol<\/strong><\/p>\n<p>El mitol\u00f3gico artesano que escap\u00f3 de la isla del laberinto volando con su ingenioso sistema de alas emplumadas junto a su hijo \u00cdcaro sirvi\u00f3 para dar nombre al <strong>primer buque portahidroaviones de la Armada Espa\u00f1ola<\/strong>. Oficialmente era clasificado como <em>Estaci\u00f3n Transportable de Aeron\u00e1utica Naval<\/em> y llamado inicialmente como <em>Espa\u00f1a N\u00ba6<\/em>, pasando finalmente a tomar su nombre definitivo, <em>D\u00e9dalo<\/em>. <\/p>\n<p>La historia de este buque hunde sus ra\u00edces en la <strong>Primera Guerra Mundial<\/strong>. A lo largo de la Gran Guerra la Marina Mercante espa\u00f1ola sufri\u00f3 graves p\u00e9rdidas por culpa de los ataques de submarinos alemanes a partir de 1917 que no diferenciaban si estaban disparando a barcos de naciones neutrales, como Espa\u00f1a, o a nav\u00edos pertenecientes a pa\u00edses enemigos. Finalizado el conflicto, Espa\u00f1a exigi\u00f3 compensaciones a Alemania por esas p\u00e9rdidas. Fruto de las negociaciones para compensar el tonelaje perdido a lo largo de los ataques de submarinos fue la entrega de diversos buques a Espa\u00f1a. Uno de ellos, el <em>Espa\u00f1a N\u00ba6<\/em>, originalmente botado en un astillero de Newcastle en 1901 y nombrado bajo bandera alemana como <em>Neuenfels<\/em>, era un vapor que fue operado por el Ministerio de Fomento junto con otros buques incautados. <\/p>\n<p><a href=\"http:\/\/www.flickr.com\/photos\/alpoma\/5492915756\/\" title=\"1 by alpoma, on Flickr\"><img loading=\"lazy\" decoding=\"async\" src=\"http:\/\/farm6.static.flickr.com\/5051\/5492915756_72aa1b488a_o.jpg\" width=\"620\" height=\"273\" alt=\"1\" class=\"otros\"\/><\/a><br \/>\n<em>Los hidroaviones del D\u00e9dalo despegando en las cercan\u00edas del nav\u00edo con destino a los combates en Alhucemas. Fuente: Mundo Gr\u00e1fico, 23 de septiembre de 1925. Biblioteca Nacional. <\/em><\/p>\n<p>Tras entrar en servicio con pabell\u00f3n espa\u00f1ol en el puerto de Vigo en octubre de 1918 pas\u00f3 a servir como mercante hasta que un brote de peste bub\u00f3nica a bordo oblig\u00f3 a que se mantuviera en cuarentena en Mah\u00f3n. Poco despu\u00e9s, en 1921, el nav\u00edo dej\u00f3 de ser empleado como mercante y pas\u00f3 a la Armada, que ten\u00eda pensado para el viejo buque un destino singular. Desde el momento en que el<em> Espa\u00f1a N\u00ba6<\/em> pas\u00f3 a control de la Armada, fue inmediatamente bautizado como <em>D\u00e9dalo<\/em> y enviado a la Escuela de Aeron\u00e1utica Naval de Barcelona para ser convertido en un portahidroaviones. Despu\u00e9s de gran n\u00famero de modificaciones, encargadas a los Talleres Nuevo Vulcano de Barcelona, el<em> D\u00e9dalo <\/em>naveg\u00f3 a lo que ser\u00eda su nuevo hogar, la base naval de Cartagena. Las modificaciones convirtieron lo que no era m\u00e1s que un cascar\u00f3n en una nave capaz de transportar <strong>globos cautivos<\/strong> de observaci\u00f3n y dos <strong>dirigibles<\/strong> italianos S.C.A. de casi cuarenta metros de longitud. Para este fin, se dot\u00f3 a la nave de torretas para amarrar los dirigibles, talleres y hangares apropiados, bater\u00edas de hidr\u00f3geno y todo lo necesario para el mantenimiento y operaci\u00f3n de los mismos. Pero, como no pod\u00eda ser de otro modo, el verdadero tesoro embarcado eran los hidroaviones. En total <strong>pod\u00eda almacenar en su cubierta de sesenta metros doce aviones y hasta veinte m\u00e1s en el hangar interior con las alas plegadas<\/strong>. A esta capacidad de carga se un\u00edan toda una serie de gr\u00faas y sistemas de transporte para almacenar, depositar en el agua y recoger los hidros. Como suced\u00eda con el resto de sus parientes de otras naciones, la cubierta no era lo bastante grande como para que los hidroaviones despegaran de ella, debiendo ejecutarse todo un ordenado baile de elevadores y gr\u00faas para poder poner en operaci\u00f3n numerosos aviones en el agua en el menor tiempo posible.<\/p>\n<p><a href=\"http:\/\/www.flickr.com\/photos\/alpoma\/5492916014\/\" title=\"3 by alpoma, on Flickr\"><img loading=\"lazy\" decoding=\"async\" src=\"http:\/\/farm6.static.flickr.com\/5179\/5492916014_f929f7e2dd_o.jpg\" width=\"620\" height=\"359\" alt=\"3\" class=\"otros\"\/><\/a><br \/>\n<em>El D\u00e9dalo junto a los vapores mercantes Antonio L\u00f3pez y Poeta Arolas, en el puerto de Barcelona, cuando sirvi\u00f3 como prisi\u00f3n provisional tras una huelga general. Imagen de Nuevo Mundo, 11 de septiembre de 1931. Biblioteca Nacional.<\/em><\/p>\n<p>El <em>D\u00e9dalo<\/em> vivi\u00f3 tiempos de gloria en combate cuando particip\u00f3 en el conflicto con Marruecos. No es muy conocido, pero cabe destacar que los hidroaviones <em>Supermarine Scarab<\/em> brit\u00e1nicos que transportaba fueron los que abrieron el camino a las tropas espa\u00f1olas durante el c\u00e9lebre <strong>desembarco de Alhucemas<\/strong>, en lo que fue la primera operaci\u00f3n de desembarco de la historia naval en que se cont\u00f3 con apoyo a\u00e9reo. Despu\u00e9s de la guerra el <em>D\u00e9dalo<\/em> particip\u00f3 en diversas maniobras navales y tuvo todav\u00eda oportunidad  de ser el escenario de momentos inolvidables. Uno de los m\u00e1s destacados fue el que protagoniz\u00f3<strong> Juan de la Cierva<\/strong>, que aterriz\u00f3 con uno de sus autogiros sobre la cubierta del <em>D\u00e9dalo<\/em>, que se hallaba fondeado cerca del puerto de Valencia. Como si la gesta de Eugene Burton Ely necesitara de una segunda parte, el audaz de la Cierva despeg\u00f3 tambi\u00e9n de la cubierta del D\u00e9dalo apenas media hora despu\u00e9s de haber aterrizado sobre ella. Fue la primera vez que un veh\u00edculo autogiro realizaba algo as\u00ed, todo un preludio a lo que no mucho despu\u00e9s se llev\u00f3 a la realidad en los portahelic\u00f3pteros. Por desgracia no fue mucho m\u00e1s all\u00e1 la historia del primer <em>D\u00e9dalo<\/em>. A las puertas de la Guerra Civil, a principios de 1936, fue dado de baja del servicio, permaneciendo en Cartagena hasta que a principios de los cuarenta fue enviado a Valencia para su desguace. <\/p>\n<p><a href=\"http:\/\/www.flickr.com\/photos\/alpoma\/5492916224\/\" title=\"4 by alpoma, on Flickr\"><img loading=\"lazy\" decoding=\"async\" src=\"http:\/\/farm6.static.flickr.com\/5098\/5492916224_8623a173fb_o.jpg\" width=\"620\" height=\"400\" alt=\"4\" class=\"otros\"\/><\/a><br \/>\n<em>Juan de la Cierva despega con su autogiro desde el D\u00e9dalo. Imagen de Mundo Gr\u00e1fico, 14 de marzo de 1934. Biblioteca Nacional.<\/em><\/p>\n<p><a href=\"http:\/\/www.flickr.com\/photos\/alpoma\/5492320755\/\" title=\"5 by alpoma, on Flickr\"><img loading=\"lazy\" decoding=\"async\" src=\"http:\/\/farm6.static.flickr.com\/5015\/5492320755_3c16bc4ba2_o.jpg\" width=\"620\" height=\"374\" alt=\"5\" class=\"otros\"\/><\/a><br \/>\n<em>La escuadrilla de hidroaviones del D\u00e9dalo volando sobre un grupo de destructores ocultos entre cortinas de humo durante unas maniobras. Imagen de Mundo Gr\u00e1fico, 2 de octubre de 1929. Biblioteca Nacional.<\/em><\/p>\n<p><strong>Los sucesores del D\u00e9dalo<\/strong><\/p>\n<p>Durante d\u00e9cadas, desde que el primer <em>D\u00e9dalo<\/em> fue dado de baja en la Armada, ning\u00fan otro portaaviones vino a ocupar su lugar. Fue <strong>un viejo portaaviones de los Estados Unidos<\/strong>, todo un veterano de la Segunda Guerra Mundial, el <em>USS Cabot<\/em>, quien tuvo el honor de ser renombrado como <em>D\u00e9dalo<\/em> (R-01) al servicio de la Armada en el a\u00f1o 1967. Al principio esta nave fue cedida a Espa\u00f1a por un quinquenio, pero finalmente fue comprada en 1973 y, durante m\u00e1s de una d\u00e9cada, se convirti\u00f3 en el buque insignia de la Armada. En un principio fue remodelado pensando en ser empleado como portahelic\u00f3pteros, y as\u00ed oper\u00f3 durante a\u00f1os hasta que pas\u00f3 a convertirse en un verdadero portaaviones, \u00fanico en el mundo. La apuesta de la Armada a la hora de crear un grupo de aviaci\u00f3n naval tuvo gran \u00e9xito con la llegada de unos aviones realmente impresionantes, los<strong> Harrier brit\u00e1nicos<\/strong> con capacidad para despegue y aterrizaje verticales (VSTOL). En un principio no eran aviones pensados para operar desde buques, siendo el <em>D\u00e9dalo<\/em> el <strong>primer nav\u00edo en convertirse en portaaviones capaz de operar habitualmente aviones Harrier desde su cubierta de 168 metros de longitud. Esta apuesta fue seguida de inmediato por otros pa\u00edses a la hora de dotar a sus portaaviones ligeros<\/strong>. <\/p>\n<p>El <em>D\u00e9dalo<\/em> fue retirado del servicio en 1988, siendo convertido al poco tiempo en un museo flotante en Nueva Orleans. Por desgracia, su aventura como museo no pudo mantenerse desde el punto de vista econ\u00f3mico, siendo finalmente desguazado. Con la desaparici\u00f3n del D\u00e9dalo la Armada pas\u00f3 a contar con un nuevo buque insignia, esta vez no se trat\u00f3 de una nave adquirida a otra naci\u00f3n sino que algo completamente nuevo y avanzado que actualmente opera en los mares como uno de los portaaviones mejor considerados del mundo, el <em><strong>Principe de Asturias<\/strong><\/em> (R-11), un nav\u00edo que recientemente ha visto c\u00f3mo se le un\u00eda un compa\u00f1ero realmente sorprendente y tambi\u00e9n \u00fanico, el mayor buque operado por la Armada, mucho m\u00e1s que un portaaviones: el Buque de Proyecci\u00f3n Estrat\u00e9gica<strong> <em>Juan Carlos I <\/em><\/strong>(L-61).<\/p>\n","protected":false},"excerpt":{"rendered":"<div class=\"mh-excerpt\"><p>El presente art\u00edculo corresponde a una versi\u00f3n abreviada del que publiqu\u00e9 en la revista Historia de Iberia Vieja en su edici\u00f3n del mes de marzo de 2011. Al amanecer salgo <a class=\"mh-excerpt-more\" href=\"https:\/\/alpoma.net\/tecob\/?p=4283\" title=\"Recuerdos del primer portaaviones espa\u00f1ol\">[&#8230;]<\/a><\/p>\n<\/div>","protected":false},"author":1,"featured_media":10539,"comment_status":"open","ping_status":"open","sticky":false,"template":"","format":"standard","meta":{"jetpack_post_was_ever_published":false,"_jetpack_newsletter_access":"","_jetpack_dont_email_post_to_subs":false,"_jetpack_newsletter_tier_id":0,"_jetpack_memberships_contains_paywalled_content":false,"_jetpack_memberships_contains_paid_content":false,"footnotes":""},"categories":[10],"tags":[],"class_list":["post-4283","post","type-post","status-publish","format-standard","has-post-thumbnail","hentry","category-made_in_spain"],"jetpack_featured_media_url":"https:\/\/alpoma.net\/tecob\/wp-content\/uploads\/2011\/03\/5492915756_72aa1b488a_o.jpg","jetpack_shortlink":"https:\/\/wp.me\/p93Dc1-175","jetpack-related-posts":[{"id":13711,"url":"https:\/\/alpoma.net\/tecob\/?p=13711","url_meta":{"origin":4283,"position":0},"title":"El clept\u00f3grafo, detective autom\u00e1tico","author":"alpoma","date":"25 septiembre 2018","format":false,"excerpt":"Precisamente con el t\u00edtulo que he empleado como cabecera de este post, comenzaba una peque\u00f1a nota en la edici\u00f3n del 20 de noviembre de 1909 de la revista Mundo Cient\u00edfico, publicada en Barcelona: ...se trata de un aparato destinado a registrar los robos, produciendo una fotograf\u00eda del culpable inscribiendo, a\u2026","rel":"","context":"En \u00abObsolescencia\u00bb","block_context":{"text":"Obsolescencia","link":"https:\/\/alpoma.net\/tecob\/?cat=3"},"img":{"alt_text":"","src":"https:\/\/i0.wp.com\/alpoma.net\/tecob\/wp-content\/uploads\/2018\/09\/clpr-detalle.jpg?resize=350%2C200&ssl=1","width":350,"height":200},"classes":[]},{"id":5422,"url":"https:\/\/alpoma.net\/tecob\/?p=5422","url_meta":{"origin":4283,"position":1},"title":"Sotos Ochando y la lengua universal","author":"alpoma","date":"3 octubre 2011","format":false,"excerpt":"Si te gusta TecOb, puedes votar por este blog en los Premios Bit\u00e1coras 2011. :-) El presente art\u00edculo corresponde a una versi\u00f3n abreviada del que publiqu\u00e9 en la revista Historia de Iberia Vieja en su edici\u00f3n del mes de octubre de 2011. La cuesti\u00f3n del idioma es muy interesante en\u2026","rel":"","context":"En \u00abMade in Spain\u00bb","block_context":{"text":"Made in Spain","link":"https:\/\/alpoma.net\/tecob\/?cat=10"},"img":{"alt_text":"","src":"https:\/\/i0.wp.com\/alpoma.net\/tecob\/wp-content\/uploads\/2011\/10\/6208267260_d7547293d1_b.jpg?resize=350%2C200&ssl=1","width":350,"height":200,"srcset":"https:\/\/i0.wp.com\/alpoma.net\/tecob\/wp-content\/uploads\/2011\/10\/6208267260_d7547293d1_b.jpg?resize=350%2C200&ssl=1 1x, https:\/\/i0.wp.com\/alpoma.net\/tecob\/wp-content\/uploads\/2011\/10\/6208267260_d7547293d1_b.jpg?resize=525%2C300&ssl=1 1.5x"},"classes":[]},{"id":641,"url":"https:\/\/alpoma.net\/tecob\/?p=641","url_meta":{"origin":4283,"position":2},"title":"De la terquedad de Golgi y la persistencia de Cajal","author":"alpoma","date":"12 diciembre 2006","format":false,"excerpt":"Estos d\u00edas se cumple un siglo desde que Santiago Ram\u00f3n y Cajal recibiera el Premio Nobel de Medicina, puede que haya pasado los \u00faltimos tiempos demasiado desconectado del mundo, pero me parece que pocos se han acordado que, salvo en el caso deSevero Ochoa -a quien todav\u00eda recuerdo entra\u00f1ablemente en\u2026","rel":"","context":"En \u00abInnovaci\u00f3n\u00bb","block_context":{"text":"Innovaci\u00f3n","link":"https:\/\/alpoma.net\/tecob\/?cat=4"},"img":{"alt_text":"micro","src":"https:\/\/i0.wp.com\/static.flickr.com\/138\/320490081_df3d2e83a3_o.jpg?resize=350%2C200","width":350,"height":200},"classes":[]},{"id":8591,"url":"https:\/\/alpoma.net\/tecob\/?p=8591","url_meta":{"origin":4283,"position":3},"title":"El caza supers\u00f3nico espa\u00f1ol, digo&#8230; egipcio","author":"alpoma","date":"21 octubre 2013","format":false,"excerpt":"La Europa inmediatamente posterior a la Segunda Guerra Mundial era lugar peligroso y contradictorio. Mientras se juzgaban los cr\u00edmenes del nazismo en Alemania y en las \u00e1reas anteriormente ocupadas por los alemanes, las grandes potencias se repart\u00edan un bot\u00edn muy valioso. Se trataba de los proyectos militares alemanes, tecnolog\u00eda de\u2026","rel":"","context":"En \u00abMade in Spain\u00bb","block_context":{"text":"Made in Spain","link":"https:\/\/alpoma.net\/tecob\/?cat=10"},"img":{"alt_text":"","src":"https:\/\/i0.wp.com\/alpoma.net\/tecob\/wp-content\/uploads\/2013\/10\/img_43654.jpg?resize=350%2C200&ssl=1","width":350,"height":200,"srcset":"https:\/\/i0.wp.com\/alpoma.net\/tecob\/wp-content\/uploads\/2013\/10\/img_43654.jpg?resize=350%2C200&ssl=1 1x, https:\/\/i0.wp.com\/alpoma.net\/tecob\/wp-content\/uploads\/2013\/10\/img_43654.jpg?resize=525%2C300&ssl=1 1.5x"},"classes":[]},{"id":8075,"url":"https:\/\/alpoma.net\/tecob\/?p=8075","url_meta":{"origin":4283,"position":4},"title":"El beso el\u00e9ctrico","author":"alpoma","date":"7 abril 2013","format":false,"excerpt":"Chica besa a chico, pero antes de que sus labios se unan, una brillante chispa de amor salta en el aire entre ellos. Vale, la frase es muy \u00f1o\u00f1a, pero la chispa es absolutamente real. V\u00e9ase este v\u00eddeo de apenas siete segundos para comprobarlo. La electricidad est\u00e1tica es conocida por\u2026","rel":"","context":"En \u00abObsolescencia\u00bb","block_context":{"text":"Obsolescencia","link":"https:\/\/alpoma.net\/tecob\/?cat=3"},"img":{"alt_text":"beso_electrico","src":"https:\/\/i0.wp.com\/farm9.staticflickr.com\/8260\/8628762094_29a52c134a_o.jpg?resize=350%2C200","width":350,"height":200},"classes":[]},{"id":8973,"url":"https:\/\/alpoma.net\/tecob\/?p=8973","url_meta":{"origin":4283,"position":5},"title":"El aeronauta temerario y una escena de amor a bordo de un globo (1785)","author":"alpoma","date":"15 abril 2014","format":false,"excerpt":"En un mundo que acababa de descubrir c\u00f3mo volar en globos de aire caliente o, tambi\u00e9n, de hidr\u00f3geno, la pasi\u00f3n por el vuelo no tard\u00f3 en llegar a todas partes. Por doquier aparec\u00edan los imitadores de los hermanos Montgolfier1, queriendo emular los c\u00e9lebres vuelos con aerostatos en Francia, aunque pocos\u2026","rel":"","context":"En \u00abObsolescencia\u00bb","block_context":{"text":"Obsolescencia","link":"https:\/\/alpoma.net\/tecob\/?cat=3"},"img":{"alt_text":"","src":"https:\/\/i0.wp.com\/alpoma.net\/tecob\/wp-content\/uploads\/2014\/04\/Letitia_Ann_Sage.jpg?resize=350%2C200&ssl=1","width":350,"height":200,"srcset":"https:\/\/i0.wp.com\/alpoma.net\/tecob\/wp-content\/uploads\/2014\/04\/Letitia_Ann_Sage.jpg?resize=350%2C200&ssl=1 1x, https:\/\/i0.wp.com\/alpoma.net\/tecob\/wp-content\/uploads\/2014\/04\/Letitia_Ann_Sage.jpg?resize=525%2C300&ssl=1 1.5x"},"classes":[]}],"jetpack_sharing_enabled":true,"_links":{"self":[{"href":"https:\/\/alpoma.net\/tecob\/index.php?rest_route=\/wp\/v2\/posts\/4283","targetHints":{"allow":["GET"]}}],"collection":[{"href":"https:\/\/alpoma.net\/tecob\/index.php?rest_route=\/wp\/v2\/posts"}],"about":[{"href":"https:\/\/alpoma.net\/tecob\/index.php?rest_route=\/wp\/v2\/types\/post"}],"author":[{"embeddable":true,"href":"https:\/\/alpoma.net\/tecob\/index.php?rest_route=\/wp\/v2\/users\/1"}],"replies":[{"embeddable":true,"href":"https:\/\/alpoma.net\/tecob\/index.php?rest_route=%2Fwp%2Fv2%2Fcomments&post=4283"}],"version-history":[{"count":0,"href":"https:\/\/alpoma.net\/tecob\/index.php?rest_route=\/wp\/v2\/posts\/4283\/revisions"}],"wp:featuredmedia":[{"embeddable":true,"href":"https:\/\/alpoma.net\/tecob\/index.php?rest_route=\/wp\/v2\/media\/10539"}],"wp:attachment":[{"href":"https:\/\/alpoma.net\/tecob\/index.php?rest_route=%2Fwp%2Fv2%2Fmedia&parent=4283"}],"wp:term":[{"taxonomy":"category","embeddable":true,"href":"https:\/\/alpoma.net\/tecob\/index.php?rest_route=%2Fwp%2Fv2%2Fcategories&post=4283"},{"taxonomy":"post_tag","embeddable":true,"href":"https:\/\/alpoma.net\/tecob\/index.php?rest_route=%2Fwp%2Fv2%2Ftags&post=4283"}],"curies":[{"name":"wp","href":"https:\/\/api.w.org\/{rel}","templated":true}]}}