{"id":4237,"date":"2011-02-21T18:46:56","date_gmt":"2011-02-21T16:46:56","guid":{"rendered":"http:\/\/www.alpoma.net\/tecob\/?p=4237"},"modified":"2011-02-21T18:46:56","modified_gmt":"2011-02-21T16:46:56","slug":"icaro-revista-ilustrada-de-aeronautica-mundial-1930-1932","status":"publish","type":"post","link":"https:\/\/alpoma.net\/tecob\/?p=4237","title":{"rendered":"\u00cdcaro, revista ilustrada de aeron\u00e1utica mundial (1930-1932)"},"content":{"rendered":"<p><a href=\"http:\/\/www.flickr.com\/photos\/alpoma\/5465272176\/\" title=\"\u00cdcaro (Madrid) by alpoma, on Flickr\"><img loading=\"lazy\" decoding=\"async\" src=\"http:\/\/farm6.static.flickr.com\/5012\/5465272176_819e6f3958_m.jpg\" width=\"161\" height=\"240\" alt=\"\u00cdcaro (Madrid)\" class=\"dch\"\/><\/a>La <strong><a href=\"http:\/\/www.bne.es\/es\/Catalogos\/HemerotecaDigital\/\">Hemeroteca Digital<\/a><\/strong> de la <strong><a href=\"http:\/\/www.bne.es\/\">Biblioteca Nacional de Espa\u00f1a<\/a><\/strong> ha incluido recientemente entre las publicaciones de \u00e9poca que pone a disposici\u00f3n de todo el mundo a trav\u00e9s de Internet una muy especial. Se trata de <strong><a href=\"http:\/\/hemerotecadigital.bne.es\/cgi-bin\/Pandora.exe?fn=select;collection=cabeceras_internet;query=id:0000000857;xslt=header-details;lang=;\">\u00cdcaro, revista ilustrada de aeron\u00e1utica mundial<\/a><\/strong>.<\/p>\n<p>En concreto, actualmente se encuentran disponibles los n\u00fameros comprendidos entre el 25, que apareci\u00f3 en enero de 1930 y el 60, de diciembre de 1932. Espero que pronto se complete la colecci\u00f3n pero, eso s\u00ed, aviso que se debe tener algo de paciencia a la hora de descargar o consultar el material porque, al menos en mi caso, hay d\u00edas que la conexi\u00f3n se vuelve algo problem\u00e1tica y lenta.<\/p>\n","protected":false},"excerpt":{"rendered":"<div class=\"mh-excerpt\"><p>La Hemeroteca Digital de la Biblioteca Nacional de Espa\u00f1a ha incluido recientemente entre las publicaciones de \u00e9poca que pone a disposici\u00f3n de todo el mundo a trav\u00e9s de Internet una <a class=\"mh-excerpt-more\" href=\"https:\/\/alpoma.net\/tecob\/?p=4237\" title=\"\u00cdcaro, revista ilustrada de aeron\u00e1utica mundial (1930-1932)\">[&#8230;]<\/a><\/p>\n<\/div>","protected":false},"author":1,"featured_media":10877,"comment_status":"open","ping_status":"open","sticky":false,"template":"","format":"standard","meta":{"jetpack_post_was_ever_published":false,"_jetpack_newsletter_access":"","_jetpack_dont_email_post_to_subs":false,"_jetpack_newsletter_tier_id":0,"_jetpack_memberships_contains_paywalled_content":false,"_jetpack_memberships_contains_paid_content":false,"footnotes":""},"categories":[3],"tags":[],"class_list":["post-4237","post","type-post","status-publish","format-standard","has-post-thumbnail","hentry","category-obsolescencia"],"jetpack_featured_media_url":"https:\/\/alpoma.net\/tecob\/wp-content\/uploads\/2011\/02\/5465272176_819e6f3958_m.jpg","jetpack_shortlink":"https:\/\/wp.me\/p93Dc1-16l","jetpack-related-posts":[{"id":5462,"url":"https:\/\/alpoma.net\/tecob\/?p=5462","url_meta":{"origin":4237,"position":0},"title":"Focke-Wulf F19, el avi\u00f3n \u00abpato\u00bb","author":"alpoma","date":"14 octubre 2011","format":false,"excerpt":"No veo que se parezca mucho a un pato (v\u00e9ase este comentario a prop\u00f3sito de la traducci\u00f3n del franc\u00e9s canard), pero en la prensa espa\u00f1ola de la \u00e9poca hubo quien compar\u00f3 al avi\u00f3n experimental Focke-Wulf F19 con ese tipo de aves y siendo su estampa tan extra\u00f1a, tiene hueco asegurado\u2026","rel":"","context":"En \u00abObsolescencia\u00bb","block_context":{"text":"Obsolescencia","link":"https:\/\/alpoma.net\/tecob\/?cat=3"},"img":{"alt_text":"","src":"https:\/\/i0.wp.com\/alpoma.net\/tecob\/wp-content\/uploads\/2011\/10\/6242027006_7db90670a5_o.jpg?resize=350%2C200&ssl=1","width":350,"height":200,"srcset":"https:\/\/i0.wp.com\/alpoma.net\/tecob\/wp-content\/uploads\/2011\/10\/6242027006_7db90670a5_o.jpg?resize=350%2C200&ssl=1 1x, https:\/\/i0.wp.com\/alpoma.net\/tecob\/wp-content\/uploads\/2011\/10\/6242027006_7db90670a5_o.jpg?resize=525%2C300&ssl=1 1.5x"},"classes":[]},{"id":9008,"url":"https:\/\/alpoma.net\/tecob\/?p=9008","url_meta":{"origin":4237,"position":1},"title":"Jorge Loring, pionero de la aviaci\u00f3n espa\u00f1ola","author":"alpoma","date":"1 mayo 2014","format":false,"excerpt":"Versi\u00f3n reducida del art\u00edculo que publiqu\u00e9 en la revista Historia de Iberia Vieja, edici\u00f3n de mayo de 2014. Dos l\u00edneas regulares tenemos establecidas actualmente en Espa\u00f1a. Una es la de Sevilla a Larache (\u2026) que funciona con toda regularidad, siendo una de las l\u00edneas de mayor seguridad entre todas las\u2026","rel":"","context":"En \u00abMade in Spain\u00bb","block_context":{"text":"Made in Spain","link":"https:\/\/alpoma.net\/tecob\/?cat=10"},"img":{"alt_text":"","src":"https:\/\/i0.wp.com\/alpoma.net\/tecob\/wp-content\/uploads\/2014\/05\/publi-698x10241.jpg?resize=350%2C200&ssl=1","width":350,"height":200,"srcset":"https:\/\/i0.wp.com\/alpoma.net\/tecob\/wp-content\/uploads\/2014\/05\/publi-698x10241.jpg?resize=350%2C200&ssl=1 1x, https:\/\/i0.wp.com\/alpoma.net\/tecob\/wp-content\/uploads\/2014\/05\/publi-698x10241.jpg?resize=525%2C300&ssl=1 1.5x"},"classes":[]},{"id":1156,"url":"https:\/\/alpoma.net\/tecob\/?p=1156","url_meta":{"origin":4237,"position":2},"title":"Peque\u00f1a biograf\u00eda ilustrada de Nikola Tesla","author":"alpoma","date":"28 junio 2009","format":false,"excerpt":"En julio de 1956 la revista Popular Science public\u00f3, aprovechando la celebraci\u00f3n del centenario del nacimiento de Nikola Tesla, una peque\u00f1a biograf\u00eda ilustrada que glosaba diversos episodios de la vida del genio de la electricidad. Bien, ya s\u00e9 que est\u00e1 en ingl\u00e9s y eso supone una limitaci\u00f3n para algunas personas,\u2026","rel":"","context":"En \u00abPersonal\u00bb","block_context":{"text":"Personal","link":"https:\/\/alpoma.net\/tecob\/?cat=2"},"img":{"alt_text":"","src":"https:\/\/i0.wp.com\/alpoma.net\/tecob\/wp-content\/uploads\/2009\/06\/3668520976_f1ff85feb6_o.jpg?resize=350%2C200&ssl=1","width":350,"height":200,"srcset":"https:\/\/i0.wp.com\/alpoma.net\/tecob\/wp-content\/uploads\/2009\/06\/3668520976_f1ff85feb6_o.jpg?resize=350%2C200&ssl=1 1x, https:\/\/i0.wp.com\/alpoma.net\/tecob\/wp-content\/uploads\/2009\/06\/3668520976_f1ff85feb6_o.jpg?resize=525%2C300&ssl=1 1.5x"},"classes":[]},{"id":14423,"url":"https:\/\/alpoma.net\/tecob\/?p=14423","url_meta":{"origin":4237,"position":3},"title":"Los platillos volantes de Guido Tallei","author":"alpoma","date":"21 marzo 2019","format":false,"excerpt":"El 24 de junio de 1947 el piloto Kenneth Arnold, de Boise (Idaho, Estados Unidos), vio nueve extra\u00f1os objetos \"saltando en el aire como platos sobre el agua\", cuando volaba con su avioneta cerca del Monte Rainier, estado de Washington. Tiempo despu\u00e9s un periodista, tras escuchar la narraci\u00f3n de Kenneth,\u2026","rel":"","context":"En \u00abObsolescencia\u00bb","block_context":{"text":"Obsolescencia","link":"https:\/\/alpoma.net\/tecob\/?cat=3"},"img":{"alt_text":"","src":"https:\/\/i0.wp.com\/alpoma.net\/tecob\/wp-content\/uploads\/2019\/03\/guido-tallei-3.jpg?resize=350%2C200&ssl=1","width":350,"height":200,"srcset":"https:\/\/i0.wp.com\/alpoma.net\/tecob\/wp-content\/uploads\/2019\/03\/guido-tallei-3.jpg?resize=350%2C200&ssl=1 1x, https:\/\/i0.wp.com\/alpoma.net\/tecob\/wp-content\/uploads\/2019\/03\/guido-tallei-3.jpg?resize=525%2C300&ssl=1 1.5x"},"classes":[]},{"id":5999,"url":"https:\/\/alpoma.net\/tecob\/?p=5999","url_meta":{"origin":4237,"position":4},"title":"Historia ilustrada de la Gran Guerra","author":"alpoma","date":"9 enero 2012","format":false,"excerpt":"Hoy quiero mencionar una de esas joyas que de vez en cuando le animan a uno el d\u00eda. Se trata de una obra no muy conocida actualmente del c\u00e9lebre Vicente Blasco Ib\u00e1\u00f1ez que, curiosamente, me ha interesado siempre mucho m\u00e1s por sus aventuras personales que por sus novelas. Aventuras como\u2026","rel":"","context":"En \u00abObsolescencia\u00bb","block_context":{"text":"Obsolescencia","link":"https:\/\/alpoma.net\/tecob\/?cat=3"},"img":{"alt_text":"","src":"https:\/\/i0.wp.com\/alpoma.net\/tecob\/wp-content\/uploads\/2012\/01\/6668230487_eaeef9b1c9_o.jpg?resize=350%2C200&ssl=1","width":350,"height":200,"srcset":"https:\/\/i0.wp.com\/alpoma.net\/tecob\/wp-content\/uploads\/2012\/01\/6668230487_eaeef9b1c9_o.jpg?resize=350%2C200&ssl=1 1x, https:\/\/i0.wp.com\/alpoma.net\/tecob\/wp-content\/uploads\/2012\/01\/6668230487_eaeef9b1c9_o.jpg?resize=525%2C300&ssl=1 1.5x"},"classes":[]},{"id":505,"url":"https:\/\/alpoma.net\/tecob\/?p=505","url_meta":{"origin":4237,"position":5},"title":"Viejas portadas","author":"alpoma","date":"16 junio 2006","format":false,"excerpt":"Interesante recopilaci\u00f3n de portadas y arte gr\u00e1fico procedentes de revistas estadounidenses del periodo comprendido entre 1850 y 1930, aproximadamente, con la que se pueden recordar tiempos no vividos, en los que las revistas a todo color eran, muchas veces, el \u00fanico balc\u00f3n al mundo para muchas personas: --> Magazine Art","rel":"","context":"En \u00abObsolescencia\u00bb","block_context":{"text":"Obsolescencia","link":"https:\/\/alpoma.net\/tecob\/?cat=3"},"img":{"alt_text":"","src":"","width":0,"height":0},"classes":[]}],"jetpack_sharing_enabled":true,"_links":{"self":[{"href":"https:\/\/alpoma.net\/tecob\/index.php?rest_route=\/wp\/v2\/posts\/4237","targetHints":{"allow":["GET"]}}],"collection":[{"href":"https:\/\/alpoma.net\/tecob\/index.php?rest_route=\/wp\/v2\/posts"}],"about":[{"href":"https:\/\/alpoma.net\/tecob\/index.php?rest_route=\/wp\/v2\/types\/post"}],"author":[{"embeddable":true,"href":"https:\/\/alpoma.net\/tecob\/index.php?rest_route=\/wp\/v2\/users\/1"}],"replies":[{"embeddable":true,"href":"https:\/\/alpoma.net\/tecob\/index.php?rest_route=%2Fwp%2Fv2%2Fcomments&post=4237"}],"version-history":[{"count":0,"href":"https:\/\/alpoma.net\/tecob\/index.php?rest_route=\/wp\/v2\/posts\/4237\/revisions"}],"wp:featuredmedia":[{"embeddable":true,"href":"https:\/\/alpoma.net\/tecob\/index.php?rest_route=\/wp\/v2\/media\/10877"}],"wp:attachment":[{"href":"https:\/\/alpoma.net\/tecob\/index.php?rest_route=%2Fwp%2Fv2%2Fmedia&parent=4237"}],"wp:term":[{"taxonomy":"category","embeddable":true,"href":"https:\/\/alpoma.net\/tecob\/index.php?rest_route=%2Fwp%2Fv2%2Fcategories&post=4237"},{"taxonomy":"post_tag","embeddable":true,"href":"https:\/\/alpoma.net\/tecob\/index.php?rest_route=%2Fwp%2Fv2%2Ftags&post=4237"}],"curies":[{"name":"wp","href":"https:\/\/api.w.org\/{rel}","templated":true}]}}