{"id":4171,"date":"2011-02-12T22:36:43","date_gmt":"2011-02-12T20:36:43","guid":{"rendered":"http:\/\/www.alpoma.net\/tecob\/?p=4171"},"modified":"2011-02-12T22:36:43","modified_gmt":"2011-02-12T20:36:43","slug":"factoria-de-carburo-calcico-infografia","status":"publish","type":"post","link":"https:\/\/alpoma.net\/tecob\/?p=4171","title":{"rendered":"Factor\u00eda de carburo c\u00e1lcico (infograf\u00eda)"},"content":{"rendered":"<p>He tratado <strong><a href=\"http:\/\/www.alpoma.net\/tecob\/?p=827\">en otras ocasiones<\/a><\/strong> sobre los procesos qu\u00edmicos relacionados con la vieja industria del carburo c\u00e1lcico, por eso no repetir\u00e9 aqu\u00ed ese contenido. Sin embargo, por si a alg\u00fan lector de <em>TecOb<\/em> pudiera interesarle, he aqu\u00ed una infograf\u00eda que dise\u00f1\u00e9 para ilustrar mi art\u00edculo sobre el carburo que aparece en la revista <em><a href=\"http:\/\/www.historiadeiberiavieja.com\/\">Historia de Iberia Vieja<\/a><\/em> en su edici\u00f3n de febrero de este a\u00f1o. La protagonista de la imagen es la factor\u00eda de carburo que durante m\u00e1s de cuatro d\u00e9cadas fue una de las m\u00e1s importantes en su tipo de toda Espa\u00f1a, levantada en la localidad palentina de Guardo. Para ver los diversos tama\u00f1os disponibles no hay m\u00e1s que pinchar sobre la imagen.<\/p>\n<p style=\"text-align: center\"><a href=\"http:\/\/www.flickr.com\/photos\/alpoma\/5439610282\/\" title=\"infograf_n68 by alpoma, on Flickr\"><img loading=\"lazy\" decoding=\"async\" src=\"http:\/\/farm6.static.flickr.com\/5177\/5439610282_7237bf1e01.jpg\" width=\"500\" height=\"354\" alt=\"infograf_n68\" \/><\/a><\/p>\n","protected":false},"excerpt":{"rendered":"<div class=\"mh-excerpt\"><p>He tratado en otras ocasiones sobre los procesos qu\u00edmicos relacionados con la vieja industria del carburo c\u00e1lcico, por eso no repetir\u00e9 aqu\u00ed ese contenido. Sin embargo, por si a alg\u00fan <a class=\"mh-excerpt-more\" href=\"https:\/\/alpoma.net\/tecob\/?p=4171\" title=\"Factor\u00eda de carburo c\u00e1lcico (infograf\u00eda)\">[&#8230;]<\/a><\/p>\n<\/div>","protected":false},"author":1,"featured_media":11165,"comment_status":"open","ping_status":"open","sticky":false,"template":"","format":"standard","meta":{"jetpack_post_was_ever_published":false,"_jetpack_newsletter_access":"","_jetpack_dont_email_post_to_subs":false,"_jetpack_newsletter_tier_id":0,"_jetpack_memberships_contains_paywalled_content":false,"_jetpack_memberships_contains_paid_content":false,"footnotes":""},"categories":[10],"tags":[],"class_list":["post-4171","post","type-post","status-publish","format-standard","has-post-thumbnail","hentry","category-made_in_spain"],"jetpack_featured_media_url":"https:\/\/alpoma.net\/tecob\/wp-content\/uploads\/2011\/02\/5439610282_7237bf1e01.jpg","jetpack_shortlink":"https:\/\/wp.me\/p93Dc1-15h","jetpack-related-posts":[{"id":98,"url":"https:\/\/alpoma.net\/tecob\/?p=98","url_meta":{"origin":4171,"position":0},"title":"La era del carburo","author":"alpoma","date":"25 febrero 2005","format":false,"excerpt":"Tambi\u00e9n sobre este tema: Factor\u00eda de carburo c\u00e1lcico (infograf\u00eda). L\u00e1mparas de carburo. Las minas de petr\u00f3leo y el sue\u00f1o de la gasolina sint\u00e9tica. La F\u00e1brica. Antes de nuestro tiempo de petr\u00f3leo y gas natural se vivi\u00f3 una aut\u00e9ntica era del carburo. hay olvidada. Todav\u00eda recuerdo el olor a polvo de\u2026","rel":"","context":"En \u00abObsolescencia\u00bb","block_context":{"text":"Obsolescencia","link":"https:\/\/alpoma.net\/tecob\/?cat=3"},"img":{"alt_text":"","src":"https:\/\/i0.wp.com\/alpoma.net\/tecob\/wp-content\/uploads\/2005\/02\/carburo_de_calcio.png?resize=350%2C200&ssl=1","width":350,"height":200,"srcset":"https:\/\/i0.wp.com\/alpoma.net\/tecob\/wp-content\/uploads\/2005\/02\/carburo_de_calcio.png?resize=350%2C200&ssl=1 1x, https:\/\/i0.wp.com\/alpoma.net\/tecob\/wp-content\/uploads\/2005\/02\/carburo_de_calcio.png?resize=525%2C300&ssl=1 1.5x, https:\/\/i0.wp.com\/alpoma.net\/tecob\/wp-content\/uploads\/2005\/02\/carburo_de_calcio.png?resize=700%2C400&ssl=1 2x"},"classes":[]},{"id":978,"url":"https:\/\/alpoma.net\/tecob\/?p=978","url_meta":{"origin":4171,"position":1},"title":"L\u00e1mparas de carburo","author":"alpoma","date":"28 agosto 2008","format":false,"excerpt":"Donde menos se espere, y en el momento m\u00e1s insospechado, pueden aparecer tesoros olvidados. En este caso no era m\u00e1s que un mont\u00f3n de chatarra oxidada, pero para m\u00ed era un tesoro. Sucedi\u00f3 hace bastantes a\u00f1os, haciendo obras en casa, golpeando una pared que siempre hab\u00eda estado tapada por un\u2026","rel":"","context":"En \u00abObsolescencia\u00bb","block_context":{"text":"Obsolescencia","link":"https:\/\/alpoma.net\/tecob\/?cat=3"},"img":{"alt_text":"","src":"https:\/\/i0.wp.com\/alpoma.net\/tecob\/wp-content\/uploads\/2008\/08\/2803612879_57b05beea9_m.jpg?resize=350%2C200&ssl=1","width":350,"height":200},"classes":[]},{"id":3124,"url":"https:\/\/alpoma.net\/tecob\/?p=3124","url_meta":{"origin":4171,"position":2},"title":"El viaje de los gigantes de hierro","author":"alpoma","date":"12 julio 2010","format":false,"excerpt":"Quienes hace mucho que leen TecOb saben que uno de los lugares que m\u00e1s me atraen son las industrias, sobre todo si son antiguas. De entre todas las que conozco, existe una muy especial para m\u00ed, pues en ella trabajaron mi padre y mi abuelo. Del conocimiento de sus entra\u00f1as\u2026","rel":"","context":"En \u00abObsolescencia\u00bb","block_context":{"text":"Obsolescencia","link":"https:\/\/alpoma.net\/tecob\/?cat=3"},"img":{"alt_text":"","src":"https:\/\/i0.wp.com\/alpoma.net\/tecob\/wp-content\/uploads\/2010\/07\/61972886_ec3032648b_m.jpg?resize=350%2C200&ssl=1","width":350,"height":200},"classes":[]},{"id":12089,"url":"https:\/\/alpoma.net\/tecob\/?p=12089","url_meta":{"origin":4171,"position":3},"title":"Historia m\u00ednima del acetileno y del carburo de calcio","author":"alpoma","date":"25 mayo 2016","format":false,"excerpt":"Uno de mis viejos art\u00edculos rescatado del proyecto iHstoria. ;-) Mientras escribo esto, tengo delante del teclado un peque\u00f1o recipiente de vidrio sellado con un taponcillo de pl\u00e1stico. Supongo que originalmente deb\u00eda contener alg\u00fan tipo de medicamento, pero lo que ahora alberga es cierto polvillo gris\u00e1ceo que naci\u00f3 en las\u2026","rel":"","context":"En \u00abObsolescencia\u00bb","block_context":{"text":"Obsolescencia","link":"https:\/\/alpoma.net\/tecob\/?cat=3"},"img":{"alt_text":"","src":"https:\/\/i0.wp.com\/alpoma.net\/tecob\/wp-content\/uploads\/2016\/05\/bote_carburo_alpoma-scaled.jpg?resize=350%2C200&ssl=1","width":350,"height":200,"srcset":"https:\/\/i0.wp.com\/alpoma.net\/tecob\/wp-content\/uploads\/2016\/05\/bote_carburo_alpoma-scaled.jpg?resize=350%2C200&ssl=1 1x, https:\/\/i0.wp.com\/alpoma.net\/tecob\/wp-content\/uploads\/2016\/05\/bote_carburo_alpoma-scaled.jpg?resize=525%2C300&ssl=1 1.5x, https:\/\/i0.wp.com\/alpoma.net\/tecob\/wp-content\/uploads\/2016\/05\/bote_carburo_alpoma-scaled.jpg?resize=700%2C400&ssl=1 2x, https:\/\/i0.wp.com\/alpoma.net\/tecob\/wp-content\/uploads\/2016\/05\/bote_carburo_alpoma-scaled.jpg?resize=1050%2C600&ssl=1 3x, https:\/\/i0.wp.com\/alpoma.net\/tecob\/wp-content\/uploads\/2016\/05\/bote_carburo_alpoma-scaled.jpg?resize=1400%2C800&ssl=1 4x"},"classes":[]},{"id":827,"url":"https:\/\/alpoma.net\/tecob\/?p=827","url_meta":{"origin":4171,"position":4},"title":"La F\u00e1brica","author":"alpoma","date":"2 febrero 2008","format":false,"excerpt":"La magia de convertir carb\u00f3n en una carpeta de pl\u00e1stico o en un chicle era tan sencilla como misteriosa. He aqu\u00ed la f\u00f3rmula maravillosa: CaO + 3C \u2192 CaC2 + CO Que, m\u00e1s tarde, nos tra\u00eda muchas sopresas simplemente con un poco de agua: CaC2 + 2 H2O \u2192 C2H2\u2026","rel":"","context":"En \u00abGeo\u00bb","block_context":{"text":"Geo","link":"https:\/\/alpoma.net\/tecob\/?cat=5"},"img":{"alt_text":"","src":"","width":0,"height":0},"classes":[]},{"id":2309,"url":"https:\/\/alpoma.net\/tecob\/?p=2309","url_meta":{"origin":4171,"position":5},"title":"La edad del gas\u00f3geno","author":"alpoma","date":"4 marzo 2010","format":false,"excerpt":"Versi\u00f3n reducida del art\u00edculo que publiqu\u00e9 en el n\u00famero 57, correspondiente al mes de marzo de 2010, de la revista Historia de Iberia Vieja. Ante el conflicto de una privaci\u00f3n de importaciones que demanda la motorizaci\u00f3n, tanto de explosi\u00f3n como de combusti\u00f3n interna \u2014autos, camiones, tractores, acorazados, cruceros, torpederos o\u2026","rel":"","context":"En \u00abMade in Spain\u00bb","block_context":{"text":"Made in Spain","link":"https:\/\/alpoma.net\/tecob\/?cat=10"},"img":{"alt_text":"","src":"https:\/\/i0.wp.com\/alpoma.net\/tecob\/wp-content\/uploads\/2010\/03\/4405629877_ef6f218280_o.jpg?resize=350%2C200&ssl=1","width":350,"height":200,"srcset":"https:\/\/i0.wp.com\/alpoma.net\/tecob\/wp-content\/uploads\/2010\/03\/4405629877_ef6f218280_o.jpg?resize=350%2C200&ssl=1 1x, https:\/\/i0.wp.com\/alpoma.net\/tecob\/wp-content\/uploads\/2010\/03\/4405629877_ef6f218280_o.jpg?resize=525%2C300&ssl=1 1.5x"},"classes":[]}],"jetpack_sharing_enabled":true,"_links":{"self":[{"href":"https:\/\/alpoma.net\/tecob\/index.php?rest_route=\/wp\/v2\/posts\/4171","targetHints":{"allow":["GET"]}}],"collection":[{"href":"https:\/\/alpoma.net\/tecob\/index.php?rest_route=\/wp\/v2\/posts"}],"about":[{"href":"https:\/\/alpoma.net\/tecob\/index.php?rest_route=\/wp\/v2\/types\/post"}],"author":[{"embeddable":true,"href":"https:\/\/alpoma.net\/tecob\/index.php?rest_route=\/wp\/v2\/users\/1"}],"replies":[{"embeddable":true,"href":"https:\/\/alpoma.net\/tecob\/index.php?rest_route=%2Fwp%2Fv2%2Fcomments&post=4171"}],"version-history":[{"count":0,"href":"https:\/\/alpoma.net\/tecob\/index.php?rest_route=\/wp\/v2\/posts\/4171\/revisions"}],"wp:featuredmedia":[{"embeddable":true,"href":"https:\/\/alpoma.net\/tecob\/index.php?rest_route=\/wp\/v2\/media\/11165"}],"wp:attachment":[{"href":"https:\/\/alpoma.net\/tecob\/index.php?rest_route=%2Fwp%2Fv2%2Fmedia&parent=4171"}],"wp:term":[{"taxonomy":"category","embeddable":true,"href":"https:\/\/alpoma.net\/tecob\/index.php?rest_route=%2Fwp%2Fv2%2Fcategories&post=4171"},{"taxonomy":"post_tag","embeddable":true,"href":"https:\/\/alpoma.net\/tecob\/index.php?rest_route=%2Fwp%2Fv2%2Ftags&post=4171"}],"curies":[{"name":"wp","href":"https:\/\/api.w.org\/{rel}","templated":true}]}}