{"id":40,"date":"2005-10-02T00:01:17","date_gmt":"2005-10-01T22:01:17","guid":{"rendered":"http:\/\/www.alpoma.net\/tecob\/?p=40"},"modified":"2019-10-05T11:15:39","modified_gmt":"2019-10-05T09:15:39","slug":"el-eclipse-y-el-pendulo","status":"publish","type":"post","link":"https:\/\/alpoma.net\/tecob\/?p=40","title":{"rendered":"El eclipse y el p\u00e9ndulo"},"content":{"rendered":"<p>A estas alturas quien m\u00e1s quien menos en Espa\u00f1a <a href=\"http:\/\/www.planetmad.es\/actividades\/anular.html\">se ha enterado que este lunes habr\u00e1 un eclipse anular de Sol<\/a> que crear\u00e1 una brev\u00edsima \u00abnoche\u00bb cruzando velozmente parte de la geograf\u00eda ib\u00e9rica. La cosa, aparte de su vertiente espectacular, me recuerda cierto asunto intrigante relacionado con los eclipses de Sol, la anomal\u00eda en los p\u00e9ndulos de Foucault.<\/p>\n<p>La pregunta a responder es esta: \u00bfTienen los eclipses solares alg\u00fan efecto sobre el p\u00e9ndulo de Foucault? Naturalmente, para entender un poco la cuesti\u00f3n habr\u00e1 que explicar primero qu\u00e9 es un p\u00e9ndulo de ese tipo. Explicar lo que es un eclipse de Sol creo que ya no hace falta a casi nadie, pero por si acaso, <a href=\"http:\/\/es.wikipedia.org\/wiki\/Eclipse_solar\">se puede encontrar explicado muy clarito en la wikipedia<\/a>.<\/p>\n<p>Un p\u00e9ndulo de Foucault, y que nadie se me vaya por las ramas <a href=\"http:\/\/es.wikipedia.org\/wiki\/El_p%C3%A9ndulo_de_Foucault\">recordando la novela de Eco<\/a>, es s\u00edmplemente un p\u00e9ndulo que puede oscilar libremente en cualquier plano vertical y puede permanecer en movimiento varias horas. Se utiliz\u00f3 para demostrar que la tierra rota sobre su eje y fue inventado por <a href=\"http:\/\/es.wikipedia.org\/wiki\/Le%C3%B3n_Foucault\">Le\u00f3n Foucault<\/a>. El dichoso p\u00e9ndulo, si se localiza en el ecuador, no rotar\u00e1, pero si se coloca en los polos, rotar\u00e1 una vez cada d\u00eda. En otro punto del geoide terrestre rotar\u00e1 proporcionalmente a su latitud.<\/p>\n<p>Aqu\u00ed viene lo \u00abraro\u00bb, una anomal\u00eda conocida como <em><a href=\"http:\/\/en.wikipedia.org\/wiki\/Allais_Effect\">Efecto Allais<\/a><\/em> y que, citando a <a href=\"http:\/\/www.infoastro.com\/199908\/08eclipse-ciencia.html\">Infoastro <\/a>ser\u00eda m\u00e1s o menos como sigue:<\/p>\n<blockquote><p><img loading=\"lazy\" decoding=\"async\" data-attachment-id=\"14718\" data-permalink=\"https:\/\/alpoma.net\/tecob\/?attachment_id=14718\" data-orig-file=\"https:\/\/alpoma.net\/tecob\/wp-content\/uploads\/2005\/10\/b65w34q.jpg\" data-orig-size=\"250,261\" data-comments-opened=\"0\" data-image-meta=\"{&quot;aperture&quot;:&quot;0&quot;,&quot;credit&quot;:&quot;&quot;,&quot;camera&quot;:&quot;&quot;,&quot;caption&quot;:&quot;&quot;,&quot;created_timestamp&quot;:&quot;0&quot;,&quot;copyright&quot;:&quot;&quot;,&quot;focal_length&quot;:&quot;0&quot;,&quot;iso&quot;:&quot;0&quot;,&quot;shutter_speed&quot;:&quot;0&quot;,&quot;title&quot;:&quot;&quot;,&quot;orientation&quot;:&quot;1&quot;}\" data-image-title=\"b65w34q\" data-image-description=\"\" data-image-caption=\"\" data-large-file=\"https:\/\/alpoma.net\/tecob\/wp-content\/uploads\/2005\/10\/b65w34q.jpg\" src=\"https:\/\/alpoma.net\/tecob\/wp-content\/uploads\/2005\/10\/b65w34q.jpg\" alt=\"\" width=\"250\" height=\"261\" class=\"alignright size-full wp-image-14718\" \/>En 1954 y durante 30 d\u00edas y sus 30 noches, Maurice Allais, tom\u00f3 notas sobre el comportamiento de los p\u00e9ndulos de Foucault que iba poniendo en marcha cada 15 minutos. Registraba la direcci\u00f3n de la rotaci\u00f3n (en grados) en su laboratorio de Par\u00eds. Este experimento se hizo coincidir con un eclipse total de Sol. Y durante \u00e9ste, Allais observ\u00f3 que el p\u00e9ndulo se desviaba de su direcci\u00f3n habitual, cambiando su \u00e1ngulo de rotaci\u00f3n en 13,5\u00b0. Sorprendentemente este defecto se observ\u00f3 exclusivamente durante el tiempo que dur\u00f3 el eclipse (dos horas y media), antes y despu\u00e9s de \u00e9l el p\u00e9ndulo giraba a 0,19 grados\/minuto.<\/p>\n<p>Allais repiti\u00f3 el experimento durante otro eclipse de sol en 1959 y obtuvo resultados similares. Por estas investigaciones fue galardonado en 1959 con el Premio Galabert por la Sociedad Astron\u00e1utica Francesa y condecorado por la Fundaci\u00f3n de Investigaci\u00f3n de la Gravedad de los Estados Unidos. Por otra parte, en 1989 recibi\u00f3 el premio nobel por sus teor\u00edas de mercado y la utilizaci\u00f3n eficiente de recursos. <\/p><\/blockquote>\n<p>Hasta hace poco se consider\u00f3 esta anomal\u00eda como un misterio inexplicado, que no inexplicable y algunos quisieron relacionar la cuesti\u00f3n con sus man\u00edas \u00abesot\u00e9ricas\u00bb. Pero de oculto nada, <a href=\"http:\/\/www.eclipse2006.boun.edu.tr\/sss\/paper01.pdf\">parece ser<\/a> (PDF), que las microvariaciones locales ambientales, causadas por las s\u00fabita disminuci\u00f3n de la luz solar, son suficientes como para explicar la peque\u00f1a variaci\u00f3n que muestra el p\u00e9ndulo durante el eclipse. De todas formas todav\u00eda no se ha tomado esta respuesta como definitiva puesto que se sigue hablando de posibles variaciones gravitacionales mensurables durante el eclipse.<\/p>\n","protected":false},"excerpt":{"rendered":"<div class=\"mh-excerpt\"><p>A estas alturas quien m\u00e1s quien menos en Espa\u00f1a se ha enterado que este lunes habr\u00e1 un eclipse anular de Sol que crear\u00e1 una brev\u00edsima \u00abnoche\u00bb cruzando velozmente parte de <a class=\"mh-excerpt-more\" href=\"https:\/\/alpoma.net\/tecob\/?p=40\" title=\"El eclipse y el p\u00e9ndulo\">[&#8230;]<\/a><\/p>\n<\/div>","protected":false},"author":1,"featured_media":14718,"comment_status":"closed","ping_status":"closed","sticky":false,"template":"","format":"standard","meta":{"jetpack_post_was_ever_published":false,"_jetpack_newsletter_access":"","_jetpack_dont_email_post_to_subs":false,"_jetpack_newsletter_tier_id":0,"_jetpack_memberships_contains_paywalled_content":false,"_jetpack_memberships_contains_paid_content":false,"footnotes":""},"categories":[5],"tags":[],"class_list":["post-40","post","type-post","status-publish","format-standard","has-post-thumbnail","hentry","category-geo"],"jetpack_featured_media_url":"https:\/\/alpoma.net\/tecob\/wp-content\/uploads\/2005\/10\/b65w34q.jpg","jetpack_shortlink":"https:\/\/wp.me\/p93Dc1-E","jetpack-related-posts":[{"id":855,"url":"https:\/\/alpoma.net\/tecob\/?p=855","url_meta":{"origin":40,"position":0},"title":"Warren de la Rue, Cajal y el eclipse de 1860","author":"alpoma","date":"12 marzo 2008","format":false,"excerpt":"Comentaba Ricardo Becerro de Bengoa, en su obra El Libro de \u00c1lava, de 1877, la siguiente cuesti\u00f3n sobre Rivabellosa o, como \u00e9l refiere, Ribabellosa, pueblecito alav\u00e9s cercano a Miranda de Ebro: Lugar doblemente c\u00e9lebre por un hecho hist\u00f3rico y por otro cient\u00edfico. El primero fue la reuni\u00f3n de las Juntas\u2026","rel":"","context":"En \u00abObsolescencia\u00bb","block_context":{"text":"Obsolescencia","link":"https:\/\/alpoma.net\/tecob\/?cat=3"},"img":{"alt_text":"","src":"","width":0,"height":0},"classes":[]},{"id":15515,"url":"https:\/\/alpoma.net\/tecob\/?p=15515","url_meta":{"origin":40,"position":1},"title":"Tiznados por el eclipse (1900)","author":"alpoma","date":"21 febrero 2026","format":false,"excerpt":"Este 2026 es el a\u00f1o del eclipse, al menos en gran parte de Espa\u00f1a. En agosto viviremos un espectacular eclipse total de sol, si las nubes lo permiten, y todo el mundo est\u00e1 bastante revuelto con el tema. Como en los pr\u00f3ximos meses va a explotar la eclipseman\u00eda, he decidido\u2026","rel":"","context":"En \u00abObsolescencia\u00bb","block_context":{"text":"Obsolescencia","link":"https:\/\/alpoma.net\/tecob\/?cat=3"},"img":{"alt_text":"","src":"https:\/\/i0.wp.com\/alpoma.net\/tecob\/wp-content\/uploads\/2026\/02\/1-tiznados-alpoma.png?resize=350%2C200&ssl=1","width":350,"height":200,"srcset":"https:\/\/i0.wp.com\/alpoma.net\/tecob\/wp-content\/uploads\/2026\/02\/1-tiznados-alpoma.png?resize=350%2C200&ssl=1 1x, https:\/\/i0.wp.com\/alpoma.net\/tecob\/wp-content\/uploads\/2026\/02\/1-tiznados-alpoma.png?resize=525%2C300&ssl=1 1.5x, https:\/\/i0.wp.com\/alpoma.net\/tecob\/wp-content\/uploads\/2026\/02\/1-tiznados-alpoma.png?resize=700%2C400&ssl=1 2x, https:\/\/i0.wp.com\/alpoma.net\/tecob\/wp-content\/uploads\/2026\/02\/1-tiznados-alpoma.png?resize=1050%2C600&ssl=1 3x, https:\/\/i0.wp.com\/alpoma.net\/tecob\/wp-content\/uploads\/2026\/02\/1-tiznados-alpoma.png?resize=1400%2C800&ssl=1 4x"},"classes":[]},{"id":2335,"url":"https:\/\/alpoma.net\/tecob\/?p=2335","url_meta":{"origin":40,"position":2},"title":"\u00a1Ha llegado el sustanciero!","author":"alpoma","date":"8 marzo 2010","format":false,"excerpt":"Hace mucho tiempo que tengo la mosca detr\u00e1s de la oreja sobre esta cuesti\u00f3n. He escuchado todo tipo de relatos sobre los sustancieros, pero todos ellos ya de segunda o incluso tercera mano. Desconozco hasta qu\u00e9 punto pudo estar extendido este oficio tradicional y tambi\u00e9n ignoro si las voces populares\u2026","rel":"","context":"En \u00abObsolescencia\u00bb","block_context":{"text":"Obsolescencia","link":"https:\/\/alpoma.net\/tecob\/?cat=3"},"img":{"alt_text":"","src":"","width":0,"height":0},"classes":[]},{"id":349,"url":"https:\/\/alpoma.net\/tecob\/?p=349","url_meta":{"origin":40,"position":3},"title":"Tic Tac Tic Tac&#8230;","author":"alpoma","date":"10 febrero 2006","format":false,"excerpt":"En la antig\u00fcedad, egipcios, griegos y romanos idearon diversas formas para medir el tiempo, los relojes solares y las clepsidras no eran muy fiables, pero tampoco se necesitaba m\u00e1s precisi\u00f3n. Hace m\u00e1s de 5.000 a\u00f1os los babilonios y egipcios crearon los primeros calendarios para poder organizar la vida de las\u2026","rel":"","context":"En \u00abInnovaci\u00f3n\u00bb","block_context":{"text":"Innovaci\u00f3n","link":"https:\/\/alpoma.net\/tecob\/?cat=4"},"img":{"alt_text":"","src":"https:\/\/i0.wp.com\/alpoma.net\/tecob\/wp-content\/uploads\/2006\/02\/9666433_46a771bf95_m.jpg?resize=350%2C200&ssl=1","width":350,"height":200},"classes":[]},{"id":12584,"url":"https:\/\/alpoma.net\/tecob\/?p=12584","url_meta":{"origin":40,"position":4},"title":"Horacio Bentabol, el azote de Einstein","author":"alpoma","date":"30 marzo 2017","format":false,"excerpt":"Versi\u00f3n para TecOb del art\u00edculo que publiqu\u00e9 en la revista Historia de Iberia Vieja, edici\u00f3n de marzo de 2017. En 1931 apareci\u00f3 publicado en Leipzig, Alemania, un libro titulado Cien autores contra Einstein. Esta obra estaba orientada a desacreditar al sabio que hab\u00eda dado a luz la teor\u00eda de la\u2026","rel":"","context":"En \u00abMade in Spain\u00bb","block_context":{"text":"Made in Spain","link":"https:\/\/alpoma.net\/tecob\/?cat=10"},"img":{"alt_text":"","src":"https:\/\/i0.wp.com\/alpoma.net\/tecob\/wp-content\/uploads\/2017\/03\/bentabol_1925.jpg?resize=350%2C200&ssl=1","width":350,"height":200,"srcset":"https:\/\/i0.wp.com\/alpoma.net\/tecob\/wp-content\/uploads\/2017\/03\/bentabol_1925.jpg?resize=350%2C200&ssl=1 1x, https:\/\/i0.wp.com\/alpoma.net\/tecob\/wp-content\/uploads\/2017\/03\/bentabol_1925.jpg?resize=525%2C300&ssl=1 1.5x"},"classes":[]},{"id":1201,"url":"https:\/\/alpoma.net\/tecob\/?p=1201","url_meta":{"origin":40,"position":5},"title":"Analema, el camino del Sol","author":"alpoma","date":"26 agosto 2009","format":false,"excerpt":"Ahora que agosto avanza a toda velocidad hacia su final, cuando en el hemisferio norte la noche llega cada d\u00eda antes, no es mal momento para recordar el camino que \"dibuja\" nuestra estrella madre en el firmamento cada a\u00f1o. Si tomamos una c\u00e1mara fotogr\u00e1fica, un tr\u00edpode y varias toneladas de\u2026","rel":"","context":"En \u00abGeo\u00bb","block_context":{"text":"Geo","link":"https:\/\/alpoma.net\/tecob\/?cat=5"},"img":{"alt_text":"","src":"https:\/\/i0.wp.com\/alpoma.net\/tecob\/wp-content\/uploads\/2009\/08\/3858379127_4f2aa452de_o.jpg?resize=350%2C200&ssl=1","width":350,"height":200,"srcset":"https:\/\/i0.wp.com\/alpoma.net\/tecob\/wp-content\/uploads\/2009\/08\/3858379127_4f2aa452de_o.jpg?resize=350%2C200&ssl=1 1x, https:\/\/i0.wp.com\/alpoma.net\/tecob\/wp-content\/uploads\/2009\/08\/3858379127_4f2aa452de_o.jpg?resize=525%2C300&ssl=1 1.5x"},"classes":[]}],"jetpack_sharing_enabled":true,"_links":{"self":[{"href":"https:\/\/alpoma.net\/tecob\/index.php?rest_route=\/wp\/v2\/posts\/40","targetHints":{"allow":["GET"]}}],"collection":[{"href":"https:\/\/alpoma.net\/tecob\/index.php?rest_route=\/wp\/v2\/posts"}],"about":[{"href":"https:\/\/alpoma.net\/tecob\/index.php?rest_route=\/wp\/v2\/types\/post"}],"author":[{"embeddable":true,"href":"https:\/\/alpoma.net\/tecob\/index.php?rest_route=\/wp\/v2\/users\/1"}],"replies":[{"embeddable":true,"href":"https:\/\/alpoma.net\/tecob\/index.php?rest_route=%2Fwp%2Fv2%2Fcomments&post=40"}],"version-history":[{"count":0,"href":"https:\/\/alpoma.net\/tecob\/index.php?rest_route=\/wp\/v2\/posts\/40\/revisions"}],"wp:featuredmedia":[{"embeddable":true,"href":"https:\/\/alpoma.net\/tecob\/index.php?rest_route=\/wp\/v2\/media\/14718"}],"wp:attachment":[{"href":"https:\/\/alpoma.net\/tecob\/index.php?rest_route=%2Fwp%2Fv2%2Fmedia&parent=40"}],"wp:term":[{"taxonomy":"category","embeddable":true,"href":"https:\/\/alpoma.net\/tecob\/index.php?rest_route=%2Fwp%2Fv2%2Fcategories&post=40"},{"taxonomy":"post_tag","embeddable":true,"href":"https:\/\/alpoma.net\/tecob\/index.php?rest_route=%2Fwp%2Fv2%2Ftags&post=40"}],"curies":[{"name":"wp","href":"https:\/\/api.w.org\/{rel}","templated":true}]}}