{"id":383,"date":"2006-03-06T23:06:31","date_gmt":"2006-03-06T21:06:31","guid":{"rendered":"http:\/\/www.alpoma.net\/tecob\/?p=383"},"modified":"2006-03-06T23:12:30","modified_gmt":"2006-03-06T21:12:30","slug":"kircher-el-visionario","status":"publish","type":"post","link":"https:\/\/alpoma.net\/tecob\/?p=383","title":{"rendered":"Kircher, el visionario"},"content":{"rendered":"<p><img decoding=\"async\" src=\"http:\/\/static.flickr.com\/37\/108862288_e1c37af181_o.gif\" alt=\"Gr\u00e1fico de Kircher\" class=\"izda\"\/>En toda la historia de la ciencia y el conocimiento, sobresale un personaje extra\u00f1o, un hombre excepcional e inclasificable, <strong>Athanasius Kircher<\/strong>. He de reconocer que siempre he sentido debilidad por los libros de este imaginativo jesuita. Su formaci\u00f3n, mezcla de religiosidad radical, estudios cl\u00e1sicos y su pasi\u00f3n por la ciencia, o lo que en aquella \u00e9poca era considerado ciencia, crearon en el interior de su mente un <strong>rico mundo<\/strong> que supo transmitir a la imprenta. <\/p>\n<p>En su siglo, el <strong>XVII<\/strong>, en pleno desarrollo de la mentalidad racional occidental y de la ciencia propiamente dicha, abandonando las \u00e9pocas de supertici\u00f3n generalizada y de sumisi\u00f3n de lo humano a lo divino, antes de entrar en la \u00e9poca de la ilustraci\u00f3n, Kircher supo reunir lo \u00abmejor\u00bb de los dos mundos, de lo irracional y lo positivo, de la imaginaci\u00f3n y la raz\u00f3n. Aquel sacerdote siempre con ideas raras en la cabeza nos ha legado decenas de gruesos libros <strong>ilustrados maravillosamente<\/strong> que nos muestran una mente prodigiosa. En realidad, no descubri\u00f3 nada excepcional, ni invent\u00f3 nada totalmente nuevo, aunque sus libros est\u00e1n plagados de extra\u00f1os cacharros musicales, aut\u00f3matas, precursores de c\u00e1maras fotogr\u00e1ficas, relojes&#8230; Lo que verdaderamente considero prodigioso es su mezcla de ideas, de lo imaginario y lo real, era a la vez un cient\u00edfico experimental y un apasionado de las leyendas. Realmente, es toda una experiencia explorar sus libros, no hay nada parecido. Como buen conocedor de las lenguas antiguas, dedic\u00f3 muchos a\u00f1os a intentar descifrar la <strong>escritura jerogl\u00edfica<\/strong> egipcia. No lo consigui\u00f3, pero a ra\u00edz de ese esfuerzo aparecieron algunos de sus libros, centrados en Egipto, una mezcla sin igual de mitos y \u00abrecortes\u00bb hist\u00f3ricos.<\/p>\n<p>Una colecci\u00f3n muy recomendable de imaginer\u00eda \u00abkircheriana\u00bb: <strong><a href=\"http:\/\/kircher.stanford.edu\/\">AK Project<\/a><\/strong><\/p>\n","protected":false},"excerpt":{"rendered":"<div class=\"mh-excerpt\"><p>En toda la historia de la ciencia y el conocimiento, sobresale un personaje extra\u00f1o, un hombre excepcional e inclasificable, Athanasius Kircher. He de reconocer que siempre he sentido debilidad por <a class=\"mh-excerpt-more\" href=\"https:\/\/alpoma.net\/tecob\/?p=383\" title=\"Kircher, el visionario\">[&#8230;]<\/a><\/p>\n<\/div>","protected":false},"author":1,"featured_media":11030,"comment_status":"open","ping_status":"open","sticky":false,"template":"","format":"standard","meta":{"jetpack_post_was_ever_published":false,"_jetpack_newsletter_access":"","_jetpack_dont_email_post_to_subs":false,"_jetpack_newsletter_tier_id":0,"_jetpack_memberships_contains_paywalled_content":false,"_jetpack_memberships_contains_paid_content":false,"footnotes":""},"categories":[3],"tags":[],"class_list":["post-383","post","type-post","status-publish","format-standard","has-post-thumbnail","hentry","category-obsolescencia"],"jetpack_featured_media_url":"https:\/\/alpoma.net\/tecob\/wp-content\/uploads\/2006\/03\/108862288_e1c37af181_o.gif","jetpack_shortlink":"https:\/\/wp.me\/p93Dc1-6b","jetpack-related-posts":[{"id":752,"url":"https:\/\/alpoma.net\/tecob\/?p=752","url_meta":{"origin":383,"position":0},"title":"La desconocida del Sena","author":"alpoma","date":"3 agosto 2007","format":false,"excerpt":"Par\u00eds, a\u00f1o 1900, en las aguas del Sena aparece el cad\u00e1ver de una jovencita. Aparentemente, se ha suicidado, ahog\u00e1ndose en el r\u00edo que cruza la capital francesa. El cuerpo es trasladado a la morgue, donde pasa el tiempo sin que nadie lo reclame. Un empleado del dep\u00f3sito de cad\u00e1veres, fascinado\u2026","rel":"","context":"En \u00abObsolescencia\u00bb","block_context":{"text":"Obsolescencia","link":"https:\/\/alpoma.net\/tecob\/?cat=3"},"img":{"alt_text":"","src":"","width":0,"height":0},"classes":[]},{"id":843,"url":"https:\/\/alpoma.net\/tecob\/?p=843","url_meta":{"origin":383,"position":1},"title":"Momentos musicales","author":"alpoma","date":"29 febrero 2008","format":false,"excerpt":"Revisando la diaria acumulaci\u00f3n de feeds, una referencia musical ha logrado encadenar en mi cabeza varios recuerdos aparentemente inconexos que comparten el mismo esp\u00edritu, la b\u00fasqueda de la musicalidad en \u00e1mbitos impensables o, por lo menos, extra\u00f1os. Todo comenz\u00f3 con el n\u00famero pi, en concreto con un experimento que convierte\u2026","rel":"","context":"En \u00abM\u00fasica\u00bb","block_context":{"text":"M\u00fasica","link":"https:\/\/alpoma.net\/tecob\/?cat=42"},"img":{"alt_text":"","src":"https:\/\/i0.wp.com\/alpoma.net\/tecob\/wp-content\/uploads\/2008\/02\/2299598901_b8d527967e.jpg?resize=350%2C200&ssl=1","width":350,"height":200},"classes":[]},{"id":280,"url":"https:\/\/alpoma.net\/tecob\/?p=280","url_meta":{"origin":383,"position":2},"title":"Las m\u00e1quinas parlantes","author":"alpoma","date":"24 diciembre 2005","format":false,"excerpt":"Durante siglos la humanidad se ha sentido admirada de una de sus m\u00e1s importantes capacidades, el habla. Se crearon mitos y leyendas acerca de la aparici\u00f3n de tan maravillosa cualidad, se idearon teor\u00edas, m\u00e1s o menos acertadas, acerca de c\u00f3mo surgen las palabras y los cantos desde lo profundo de\u2026","rel":"","context":"En \u00abObsolescencia\u00bb","block_context":{"text":"Obsolescencia","link":"https:\/\/alpoma.net\/tecob\/?cat=3"},"img":{"alt_text":"","src":"","width":0,"height":0},"classes":[]},{"id":972,"url":"https:\/\/alpoma.net\/tecob\/?p=972","url_meta":{"origin":383,"position":3},"title":"Verne","author":"alpoma","date":"25 agosto 2008","format":false,"excerpt":"Julio Verne, un nombre que resuena de generaci\u00f3n en generaci\u00f3n como sin\u00f3nimo de... \u00bfqu\u00e9? Sin llegar al extremo de dar la raz\u00f3n por completo a algunos de sus bi\u00f3grafos, que son rotundos afirmando que entre malos editores y p\u00e9simas pel\u00edculas han cambiado por completo el esp\u00edritu de la obra de\u2026","rel":"","context":"En \u00abObsolescencia\u00bb","block_context":{"text":"Obsolescencia","link":"https:\/\/alpoma.net\/tecob\/?cat=3"},"img":{"alt_text":"","src":"https:\/\/i0.wp.com\/alpoma.net\/tecob\/wp-content\/uploads\/2008\/08\/2796644799_fa49d47e76_m.jpg?resize=350%2C200&ssl=1","width":350,"height":200},"classes":[]},{"id":7482,"url":"https:\/\/alpoma.net\/tecob\/?p=7482","url_meta":{"origin":383,"position":4},"title":"Electrical Experimenter","author":"alpoma","date":"9 noviembre 2012","format":false,"excerpt":"Hugo Gernsback, uno de los mayores impulsores de la ciencia ficcion all\u00e1 a principios del siglo XX, siempre estaba ideando nuevas formas de hacer avanzar la tecnolog\u00eda. La radio le apasionaba, consigui\u00f3 decenas de patentes e invent\u00f3 varios instrumentos musicales animados por electricidad y foment\u00f3 la divulgaci\u00f3n de la ciencia\u2026","rel":"","context":"En \u00abObsolescencia\u00bb","block_context":{"text":"Obsolescencia","link":"https:\/\/alpoma.net\/tecob\/?cat=3"},"img":{"alt_text":"electrical_experimenter","src":"https:\/\/i0.wp.com\/farm9.staticflickr.com\/8489\/8170188351_924414aa46_n.jpg?resize=350%2C200","width":350,"height":200},"classes":[]},{"id":13730,"url":"https:\/\/alpoma.net\/tecob\/?p=13730","url_meta":{"origin":383,"position":5},"title":"Las aventuras del Coronel Ignotus","author":"alpoma","date":"2 octubre 2018","format":false,"excerpt":"Versi\u00f3n para TecOb del art\u00edculo que publiqu\u00e9 en la revista Historia de Iberia Vieja, edici\u00f3n de septiembre de 2018. La lectura del Coronel Ignotus nos deleita con la amenidad de Echegaray, con la trama y humorismo de Conan Doyle (\u2026) y nos hace admirar descripciones grandiosas, como la primera subida\u2026","rel":"","context":"En \u00abMade in Spain\u00bb","block_context":{"text":"Made in Spain","link":"https:\/\/alpoma.net\/tecob\/?cat=10"},"img":{"alt_text":"","src":"https:\/\/i0.wp.com\/alpoma.net\/tecob\/wp-content\/uploads\/2018\/10\/7.jpg?resize=350%2C200&ssl=1","width":350,"height":200,"srcset":"https:\/\/i0.wp.com\/alpoma.net\/tecob\/wp-content\/uploads\/2018\/10\/7.jpg?resize=350%2C200&ssl=1 1x, https:\/\/i0.wp.com\/alpoma.net\/tecob\/wp-content\/uploads\/2018\/10\/7.jpg?resize=525%2C300&ssl=1 1.5x, https:\/\/i0.wp.com\/alpoma.net\/tecob\/wp-content\/uploads\/2018\/10\/7.jpg?resize=700%2C400&ssl=1 2x, https:\/\/i0.wp.com\/alpoma.net\/tecob\/wp-content\/uploads\/2018\/10\/7.jpg?resize=1050%2C600&ssl=1 3x, https:\/\/i0.wp.com\/alpoma.net\/tecob\/wp-content\/uploads\/2018\/10\/7.jpg?resize=1400%2C800&ssl=1 4x"},"classes":[]}],"jetpack_sharing_enabled":true,"_links":{"self":[{"href":"https:\/\/alpoma.net\/tecob\/index.php?rest_route=\/wp\/v2\/posts\/383","targetHints":{"allow":["GET"]}}],"collection":[{"href":"https:\/\/alpoma.net\/tecob\/index.php?rest_route=\/wp\/v2\/posts"}],"about":[{"href":"https:\/\/alpoma.net\/tecob\/index.php?rest_route=\/wp\/v2\/types\/post"}],"author":[{"embeddable":true,"href":"https:\/\/alpoma.net\/tecob\/index.php?rest_route=\/wp\/v2\/users\/1"}],"replies":[{"embeddable":true,"href":"https:\/\/alpoma.net\/tecob\/index.php?rest_route=%2Fwp%2Fv2%2Fcomments&post=383"}],"version-history":[{"count":0,"href":"https:\/\/alpoma.net\/tecob\/index.php?rest_route=\/wp\/v2\/posts\/383\/revisions"}],"wp:featuredmedia":[{"embeddable":true,"href":"https:\/\/alpoma.net\/tecob\/index.php?rest_route=\/wp\/v2\/media\/11030"}],"wp:attachment":[{"href":"https:\/\/alpoma.net\/tecob\/index.php?rest_route=%2Fwp%2Fv2%2Fmedia&parent=383"}],"wp:term":[{"taxonomy":"category","embeddable":true,"href":"https:\/\/alpoma.net\/tecob\/index.php?rest_route=%2Fwp%2Fv2%2Fcategories&post=383"},{"taxonomy":"post_tag","embeddable":true,"href":"https:\/\/alpoma.net\/tecob\/index.php?rest_route=%2Fwp%2Fv2%2Ftags&post=383"}],"curies":[{"name":"wp","href":"https:\/\/api.w.org\/{rel}","templated":true}]}}