{"id":3654,"date":"2010-10-23T20:29:25","date_gmt":"2010-10-23T18:29:25","guid":{"rendered":"http:\/\/www.alpoma.net\/tecob\/?p=3654"},"modified":"2010-10-23T20:29:25","modified_gmt":"2010-10-23T18:29:25","slug":"la-gravedad-del-agua","status":"publish","type":"post","link":"https:\/\/alpoma.net\/tecob\/?p=3654","title":{"rendered":"La gravedad del agua"},"content":{"rendered":"<p>Para ser m\u00e1s exacto, debiera haber titulado este post como \u201cdiferencias en la medici\u00f3n por sat\u00e9lite del campo gravitatorio terrestre causadas por la presencia de grandes masas de agua\u201d. Un rollo, la verdad, as\u00ed que siguiendo la pauta de la <strong><a href=\"http:\/\/earthobservatory.nasa.gov\/IOTD\/view.php?id=46472&#038;src=eorss-iotd\">fuente principal<\/a><\/strong> a la que me voy a referir, el <em>Earth Observatory<\/em> de la NASA, lo dejar\u00e9 as\u00ed: <strong>la gravedad del agua<\/strong>. <\/p>\n<p>Una de las primeras cosas que se sol\u00edan ense\u00f1ar en clases de<strong> ciencias naturales <\/strong>era el <strong>ciclo del agua<\/strong>. De forma muy sencilla nos contaban los maestros c\u00f3mo el agua segu\u00eda un camino infinito entre las nubes, la lluvia, los r\u00edos y la tierra, los oc\u00e9anos y la atm\u00f3sfera. Supongo que hoy d\u00eda se seguir\u00e1 ense\u00f1ando, porque se trata de <strong>uno de los conceptos m\u00e1s importantes en ciencias de la Tierra<\/strong>. Ahora bien, aunque no lo parezca, el ciclo del agua todav\u00eda no se ha estudiado con todo el detenimiento que precisa y persisten muchas preguntas y detalles ignotos que deber\u00e1n ser respondidos por nuevas investigaciones.<\/p>\n<p><a href=\"http:\/\/www.flickr.com\/photos\/alpoma\/5107606499\/\" title=\"GRACE_year by alpoma, on Flickr\"><img loading=\"lazy\" decoding=\"async\" src=\"http:\/\/farm5.static.flickr.com\/4104\/5107606499_665f0e0324_o.png\" width=\"620\" height=\"508\" alt=\"GRACE_year\" \/><\/a><\/p>\n<p>Una de las l\u00edneas m\u00e1s prometedoras en cuanto a ese tipo de investigaci\u00f3n consiste en la observaci\u00f3n de la Tierra por parte de sat\u00e9lites en \u00f3rbita. Hay muchas formas de \u201ccontrolar\u201d el agua de nuestro mundo pero, sin duda, la que hoy centra este texto es de las m\u00e1s espectaculares porque se basa en <strong>mediciones de gravedad<\/strong>. El agua se mueve continuamente entre los oc\u00e9nos, las tierras emergidas y la atm\u00f3sfera, en <strong>flujos m\u00e1s o menos mensurables que var\u00edan mucho desde el punto de vista geogr\u00e1fico y, tambi\u00e9n, cronol\u00f3gico<\/strong>. Si estudiamos las precipitaciones y c\u00f3mo var\u00edan a lo largo de las estaciones del a\u00f1o, podremos tener los primeros datos para conocer d\u00f3nde se acumula m\u00e1s agua y en qu\u00e9 \u00e9pocas lo hace. <\/p>\n<p>Lo curioso es que <strong>esta acumulaci\u00f3n puede alterar las mediciones del campo gravitatorio terrestre<\/strong> porque, a fin de cuentas, una inmensa cantidad de agua es tambi\u00e9n una gigantesca masa en movimiento, con lo que eso implica en dicha medici\u00f3n. El mapa que protagoniza este <em>post <\/em>muestra los cambios en el almacenamiento de agua en diversas \u00e1reas del continente americano, cuantificados por medio de dos sat\u00e9lites gemelos de la NASA y la agencia espacial alemana, que constituyen el <strong><a href=\"http:\/\/grace.jpl.nasa.gov\/index.cfm\">experimento GRACE<\/a><\/strong> (Gravity Recovery and Climate Experiment). B\u00e1sicamente lo que hacen los sat\u00e9lites GRACE, apodados como<em> Tom<\/em> y <em>Jerry<\/em>, es volar en \u00f3rbita polar a 500 kil\u00f3metros sobre la superficie terrestre midiendo variaciones en el campo gravitatorio del planeta debidas a la distribuci\u00f3n de masas superficiales. Para esta labor <strong>es necesario contar con estos dos sat\u00e9lites<\/strong>, pues son los sutiles cambios en la distancia entre ambos, mensurados gracias al  enlace con se\u00f1al de microondas entre ellos, auxiliado con se\u00f1ales GPS, lo que permite ir trazando los<em> microcambios<\/em> en el campo gravitatorio. Si las naves vuelan sobre grandes masas de hielo, cordilleras u oc\u00e9anos, \u201cpercibir\u00e1n\u201d peque\u00f1os cambios en su distancia mutua, lo que al final se traduce en un mapa de anomal\u00edas gravitatorias.<\/p>\n<p>De acuerdo, volvamos al agua. GRACE muestra en el mapa, con datos tomados entre julio de 2009 y junio de 2010, <strong>d\u00f3nde se almacena m\u00e1s agua y en la \u00e9poca en que lo hace<\/strong>, todo ello gracias a esos cambios min\u00fasculos en la medida de la gravedad terrestre. Cuanta m\u00e1s agua, m\u00e1s masa estar\u00e1 presente en un \u00e1rea, por lo que mayor ser\u00e1 la anomal\u00eda gravitatoria medida. As\u00ed,<strong> en azul se muestra un incremento de masa de agua y en tonos marrones una disminuci\u00f3n<\/strong>, todo ello estacional y expresado en cent\u00edmetros, como si de un equivalente en variaci\u00f3n de grosor de una l\u00e1mina de agua ideal extendida por la superficie de ese territorio se tratara. No extra\u00f1ar\u00e1 que sea en la cuenca del Amazonas donde aparezca la mayor anomal\u00eda, recibiendo gran cantidad de agua en \u00e9poca de lluvias, tanta que, en ese espacio la variaci\u00f3n mensurable en el campo gravitatorio producido por el agua es realmente asombrosa.<\/p>\n","protected":false},"excerpt":{"rendered":"<div class=\"mh-excerpt\"><p>Para ser m\u00e1s exacto, debiera haber titulado este post como \u201cdiferencias en la medici\u00f3n por sat\u00e9lite del campo gravitatorio terrestre causadas por la presencia de grandes masas de agua\u201d. Un <a class=\"mh-excerpt-more\" href=\"https:\/\/alpoma.net\/tecob\/?p=3654\" title=\"La gravedad del agua\">[&#8230;]<\/a><\/p>\n<\/div>","protected":false},"author":1,"featured_media":10789,"comment_status":"open","ping_status":"open","sticky":false,"template":"","format":"standard","meta":{"jetpack_post_was_ever_published":false,"_jetpack_newsletter_access":"","_jetpack_dont_email_post_to_subs":false,"_jetpack_newsletter_tier_id":0,"_jetpack_memberships_contains_paywalled_content":false,"_jetpack_memberships_contains_paid_content":false,"footnotes":""},"categories":[8,5],"tags":[],"class_list":["post-3654","post","type-post","status-publish","format-standard","has-post-thumbnail","hentry","category-clima","category-geo"],"jetpack_featured_media_url":"https:\/\/alpoma.net\/tecob\/wp-content\/uploads\/2010\/10\/5107606499_665f0e0324_o.png","jetpack_shortlink":"https:\/\/wp.me\/p93Dc1-WW","jetpack-related-posts":[{"id":12801,"url":"https:\/\/alpoma.net\/tecob\/?p=12801","url_meta":{"origin":3654,"position":0},"title":"Los habitantes de la Luna (lectura de verano)","author":"alpoma","date":"11 agosto 2017","format":false,"excerpt":"George Clyde Fisher, quien fuera responsable del American Museum of Natural History y m\u00e1s tarde director del Planetario Hayden, public\u00f3 en 1943 un libro titulado The True Story of the Moon, en el que recog\u00eda en tono divulgativo el conocimiento de la \u00e9poca sobre nuestro sat\u00e9lite natural, adem\u00e1s de sus\u2026","rel":"","context":"En \u00abObsolescencia\u00bb","block_context":{"text":"Obsolescencia","link":"https:\/\/alpoma.net\/tecob\/?cat=3"},"img":{"alt_text":"","src":"https:\/\/i0.wp.com\/alpoma.net\/tecob\/wp-content\/uploads\/2017\/08\/luna.jpg?resize=350%2C200&ssl=1","width":350,"height":200,"srcset":"https:\/\/i0.wp.com\/alpoma.net\/tecob\/wp-content\/uploads\/2017\/08\/luna.jpg?resize=350%2C200&ssl=1 1x, https:\/\/i0.wp.com\/alpoma.net\/tecob\/wp-content\/uploads\/2017\/08\/luna.jpg?resize=525%2C300&ssl=1 1.5x"},"classes":[]},{"id":1175,"url":"https:\/\/alpoma.net\/tecob\/?p=1175","url_meta":{"origin":3654,"position":1},"title":"\u00bfQu\u00e9 suceder\u00eda si el mundo dejara de girar?","author":"alpoma","date":"18 julio 2009","format":false,"excerpt":"Realmente, si el planeta Tierra dejara de tener movimiento de rotaci\u00f3n, suceder\u00edan muchas cosas, por lo general bastante peliagudas. Imaginando tal caso, se puede pensar en una detenci\u00f3n brusca del giro terrestre, cosa terrible, o en un frenado paulatino, pero como todo es demasiado irreal, mejor centr\u00e9monos en una sola\u2026","rel":"","context":"En \u00abGeo\u00bb","block_context":{"text":"Geo","link":"https:\/\/alpoma.net\/tecob\/?cat=5"},"img":{"alt_text":"","src":"https:\/\/i0.wp.com\/alpoma.net\/tecob\/wp-content\/uploads\/2009\/07\/3732431602_18191b1ed3_o.jpg?resize=350%2C200&ssl=1","width":350,"height":200,"srcset":"https:\/\/i0.wp.com\/alpoma.net\/tecob\/wp-content\/uploads\/2009\/07\/3732431602_18191b1ed3_o.jpg?resize=350%2C200&ssl=1 1x, https:\/\/i0.wp.com\/alpoma.net\/tecob\/wp-content\/uploads\/2009\/07\/3732431602_18191b1ed3_o.jpg?resize=525%2C300&ssl=1 1.5x"},"classes":[]},{"id":2674,"url":"https:\/\/alpoma.net\/tecob\/?p=2674","url_meta":{"origin":3654,"position":2},"title":"Las mayores cataratas jam\u00e1s conocidas","author":"alpoma","date":"9 mayo 2010","format":false,"excerpt":"Sin duda, una de las formaciones geol\u00f3gicas m\u00e1s espectaculares que pueden contemplarse, sobre todo en momentos de actividad, es una cascada o catarata. Las hay de muchos tipos seg\u00fan su morfolog\u00eda, algunas son simples hilillos de agua que caen escasos metros salvando un ligero desnivel en el terreno, otras son\u2026","rel":"","context":"En \u00abGeo\u00bb","block_context":{"text":"Geo","link":"https:\/\/alpoma.net\/tecob\/?cat=5"},"img":{"alt_text":"","src":"https:\/\/i0.wp.com\/alpoma.net\/tecob\/wp-content\/uploads\/2010\/05\/4591798899_b8ef2a336e_o.jpg?resize=350%2C200&ssl=1","width":350,"height":200,"srcset":"https:\/\/i0.wp.com\/alpoma.net\/tecob\/wp-content\/uploads\/2010\/05\/4591798899_b8ef2a336e_o.jpg?resize=350%2C200&ssl=1 1x, https:\/\/i0.wp.com\/alpoma.net\/tecob\/wp-content\/uploads\/2010\/05\/4591798899_b8ef2a336e_o.jpg?resize=525%2C300&ssl=1 1.5x"},"classes":[]},{"id":1180,"url":"https:\/\/alpoma.net\/tecob\/?p=1180","url_meta":{"origin":3654,"position":3},"title":"De la Tierra a la Luna en quince d\u00edas (1930)","author":"alpoma","date":"22 julio 2009","format":false,"excerpt":"El texto que a continuaci\u00f3n transcribo fue publicado en la revista Estampa el 21 de octubre de 1930 por Ignacio Carral. En estos d\u00edas \"lunares\", celebrando los 40 a\u00f1os del viaje del Apolo 11 a nuestro sat\u00e9lite, no viene mal revisar un poco lo que pensaba la prensa popular de\u2026","rel":"","context":"En \u00abObsolescencia\u00bb","block_context":{"text":"Obsolescencia","link":"https:\/\/alpoma.net\/tecob\/?cat=3"},"img":{"alt_text":"","src":"https:\/\/i0.wp.com\/alpoma.net\/tecob\/wp-content\/uploads\/2009\/07\/3745728989_5a26f7ac70_o.jpg?resize=350%2C200&ssl=1","width":350,"height":200,"srcset":"https:\/\/i0.wp.com\/alpoma.net\/tecob\/wp-content\/uploads\/2009\/07\/3745728989_5a26f7ac70_o.jpg?resize=350%2C200&ssl=1 1x, https:\/\/i0.wp.com\/alpoma.net\/tecob\/wp-content\/uploads\/2009\/07\/3745728989_5a26f7ac70_o.jpg?resize=525%2C300&ssl=1 1.5x"},"classes":[]},{"id":1135,"url":"https:\/\/alpoma.net\/tecob\/?p=1135","url_meta":{"origin":3654,"position":4},"title":"La m\u00e1quina de Marly","author":"alpoma","date":"24 mayo 2009","format":false,"excerpt":"Ll\u00e1mese capricho, o prodigio de la t\u00e9cnica, lo mismo da porque hay casos en los que ambos adjetivos se pueden aplicar al mismo tiempo. Con la m\u00e1quina de Marly sucede precisamente esto, por una parte no dejaba de ser una obra gigantesca un tanto caprichosa, como todo Versalles pero, c\u00f3mo\u2026","rel":"","context":"En \u00abObsolescencia\u00bb","block_context":{"text":"Obsolescencia","link":"https:\/\/alpoma.net\/tecob\/?cat=3"},"img":{"alt_text":"","src":"https:\/\/i0.wp.com\/alpoma.net\/tecob\/wp-content\/uploads\/2009\/05\/3560993366_8ef1c0c478_o.jpg?resize=350%2C200&ssl=1","width":350,"height":200,"srcset":"https:\/\/i0.wp.com\/alpoma.net\/tecob\/wp-content\/uploads\/2009\/05\/3560993366_8ef1c0c478_o.jpg?resize=350%2C200&ssl=1 1x, https:\/\/i0.wp.com\/alpoma.net\/tecob\/wp-content\/uploads\/2009\/05\/3560993366_8ef1c0c478_o.jpg?resize=525%2C300&ssl=1 1.5x"},"classes":[]},{"id":7576,"url":"https:\/\/alpoma.net\/tecob\/?p=7576","url_meta":{"origin":3654,"position":5},"title":"El ingenio de Zubiaurre","author":"alpoma","date":"1 diciembre 2012","format":false,"excerpt":"Versi\u00f3n reducida para web del art\u00edculo que publiqu\u00e9 en la revista Historia de Iberia Vieja, edici\u00f3n del mes de diciembre de 2012. No hace mucho que visit\u00f3 este mismo espacio uno de los ingenieros m\u00e1s excelsos de toda nuestra historia. Se trataba de Agust\u00edn de Betancourt quien, sin m\u00e1s ayuda\u2026","rel":"","context":"En \u00abMade in Spain\u00bb","block_context":{"text":"Made in Spain","link":"https:\/\/alpoma.net\/tecob\/?cat=10"},"img":{"alt_text":"","src":"https:\/\/i0.wp.com\/alpoma.net\/tecob\/wp-content\/uploads\/2012\/12\/7eae6b1a389f11e28e5d22000a1f979a_7.jpg?resize=350%2C200&ssl=1","width":350,"height":200,"srcset":"https:\/\/i0.wp.com\/alpoma.net\/tecob\/wp-content\/uploads\/2012\/12\/7eae6b1a389f11e28e5d22000a1f979a_7.jpg?resize=350%2C200&ssl=1 1x, https:\/\/i0.wp.com\/alpoma.net\/tecob\/wp-content\/uploads\/2012\/12\/7eae6b1a389f11e28e5d22000a1f979a_7.jpg?resize=525%2C300&ssl=1 1.5x"},"classes":[]}],"jetpack_sharing_enabled":true,"_links":{"self":[{"href":"https:\/\/alpoma.net\/tecob\/index.php?rest_route=\/wp\/v2\/posts\/3654","targetHints":{"allow":["GET"]}}],"collection":[{"href":"https:\/\/alpoma.net\/tecob\/index.php?rest_route=\/wp\/v2\/posts"}],"about":[{"href":"https:\/\/alpoma.net\/tecob\/index.php?rest_route=\/wp\/v2\/types\/post"}],"author":[{"embeddable":true,"href":"https:\/\/alpoma.net\/tecob\/index.php?rest_route=\/wp\/v2\/users\/1"}],"replies":[{"embeddable":true,"href":"https:\/\/alpoma.net\/tecob\/index.php?rest_route=%2Fwp%2Fv2%2Fcomments&post=3654"}],"version-history":[{"count":0,"href":"https:\/\/alpoma.net\/tecob\/index.php?rest_route=\/wp\/v2\/posts\/3654\/revisions"}],"wp:featuredmedia":[{"embeddable":true,"href":"https:\/\/alpoma.net\/tecob\/index.php?rest_route=\/wp\/v2\/media\/10789"}],"wp:attachment":[{"href":"https:\/\/alpoma.net\/tecob\/index.php?rest_route=%2Fwp%2Fv2%2Fmedia&parent=3654"}],"wp:term":[{"taxonomy":"category","embeddable":true,"href":"https:\/\/alpoma.net\/tecob\/index.php?rest_route=%2Fwp%2Fv2%2Fcategories&post=3654"},{"taxonomy":"post_tag","embeddable":true,"href":"https:\/\/alpoma.net\/tecob\/index.php?rest_route=%2Fwp%2Fv2%2Ftags&post=3654"}],"curies":[{"name":"wp","href":"https:\/\/api.w.org\/{rel}","templated":true}]}}