{"id":363,"date":"2006-02-20T22:17:58","date_gmt":"2006-02-20T20:17:58","guid":{"rendered":"http:\/\/www.alpoma.net\/tecob\/?p=363"},"modified":"2009-04-23T19:56:07","modified_gmt":"2009-04-23T17:56:07","slug":"las-primeras-fotografias-aereas","status":"publish","type":"post","link":"https:\/\/alpoma.net\/tecob\/?p=363","title":{"rendered":"Las primeras fotograf\u00edas a\u00e9reas"},"content":{"rendered":"<p><img decoding=\"async\" src=\"http:\/\/static.flickr.com\/41\/102257840_88e0283dc7_m.jpg\" alt=\"Nadar\" class=\"dch\"\/>En realidad no se tiene la seguridad de conocer al primero, porque posiblemente otro lo intent\u00f3 antes, pero al menos el recuerdo hist\u00f3rico se\u00f1ala a <strong><a href=\"http:\/\/es.wikipedia.org\/wiki\/Gaspard-F%C3%A9lix_Tournachon\">Nadar<\/a><\/strong>, seud\u00f3nimo de <a href=\"http:\/\/www.eff.org\/Misc\/Publications\/Bruce_Sterling\/Catscan_columns\/catscan.12\">Gaspard-F\u00e9lix Tournachon<\/a>, un periodista y fot\u00f3grafo franc\u00e9s como la primera persona que realiz\u00f3 una fotograf\u00eda a\u00e9rea.<\/p>\n<p>Resulta que el tal Nadar era un buen caricaturista, muy cotizado por sus dibujos de pol\u00edticos y gentes de la alta sociedad. Un amigo le aconsej\u00f3 que comprara una c\u00e1mara fotogr\u00e1fica, con la que tomar im\u00e1genes que sirvieran de base a los dibujos. Dicho y hecho, compr\u00f3 la c\u00e1mara y jam\u00e1s se desprendi\u00f3 de su amor a la nueva t\u00e9cnica capaz de \u00abatrapar\u00bb la luz. Bien, a lo que me quiero referir en este post, no son las ideas art\u00edsticas del pintor-fot\u00f3grafo, sino a su genial idea de subirse a un globo con la c\u00e1mara e inaugurar un nuevo mundo. Esto sucedi\u00f3 en 1856 y, al parecer, hasta entonces a nadie se le hab\u00eda ocurrido la sencilla idea de tomar im\u00e1genes desde el aire. Con ese simple gesto se inaugur\u00f3 una nueva era en la comprensi\u00f3n del espacio que habitamos, una tecnolog\u00eda que, m\u00e1s de un siglo m\u00e1s tarde, ha dado frutos como GoogleMaps y otras aplicaciones similares. Naturalmente, los primeros en darse cuenta de la importancia de la fotograf\u00eda desde las alturas fueron los militares, que aprovecharon bien pronto la capacidad estrat\u00e9gica que la fotograf\u00eda a\u00e9rea les proporcionaba.<\/p>\n<p>Y como una imagen vale m\u00e1s que mil palabras, he aqu\u00ed, a modo de homenaje a Nadar, una de sus fotograf\u00edas tomadas desde un globo, de las primeras jam\u00e1s captadas desde lo alto. En concreto, la toma fue captada en Par\u00eds, en el Campo de Marte, el 18 de Octubre de 1863:<\/p>\n<p><img decoding=\"async\" src=\"http:\/\/static.flickr.com\/19\/102257828_cfc4cf3e4f.jpg\" alt=\"aerea\" class=\"otros\"\/><\/p>\n<p><strong>Fuente<\/strong>: <a href=\"http:\/\/photostereo.org\">Collection Francis Dupin<\/a>.<\/p>\n","protected":false},"excerpt":{"rendered":"<div class=\"mh-excerpt\"><p>En realidad no se tiene la seguridad de conocer al primero, porque posiblemente otro lo intent\u00f3 antes, pero al menos el recuerdo hist\u00f3rico se\u00f1ala a Nadar, seud\u00f3nimo de Gaspard-F\u00e9lix Tournachon, <a class=\"mh-excerpt-more\" href=\"https:\/\/alpoma.net\/tecob\/?p=363\" title=\"Las primeras fotograf\u00edas a\u00e9reas\">[&#8230;]<\/a><\/p>\n<\/div>","protected":false},"author":1,"featured_media":10733,"comment_status":"closed","ping_status":"open","sticky":false,"template":"","format":"standard","meta":{"jetpack_post_was_ever_published":false,"_jetpack_newsletter_access":"","_jetpack_dont_email_post_to_subs":false,"_jetpack_newsletter_tier_id":0,"_jetpack_memberships_contains_paywalled_content":false,"_jetpack_memberships_contains_paid_content":false,"footnotes":""},"categories":[5,3],"tags":[],"class_list":["post-363","post","type-post","status-publish","format-standard","has-post-thumbnail","hentry","category-geo","category-obsolescencia"],"jetpack_featured_media_url":"https:\/\/alpoma.net\/tecob\/wp-content\/uploads\/2006\/02\/102257840_88e0283dc7_m.jpg","jetpack_shortlink":"https:\/\/wp.me\/p93Dc1-5R","jetpack-related-posts":[{"id":6249,"url":"https:\/\/alpoma.net\/tecob\/?p=6249","url_meta":{"origin":363,"position":0},"title":"De c\u00e1maras gigantes","author":"alpoma","date":"19 febrero 2012","format":false,"excerpt":"Puede que dentro de no mucho tiempo, quien circule por alguna carretera perdida del interior de los Estados Unidos, se cruce con un cami\u00f3n cargado con algo muy especial. Esa es la idea que plantea el fot\u00f3grafo Dennis Manarchy, un proyecto para el que pide apoyos a trav\u00e9s de la\u2026","rel":"","context":"En \u00abObsolescencia\u00bb","block_context":{"text":"Obsolescencia","link":"https:\/\/alpoma.net\/tecob\/?cat=3"},"img":{"alt_text":"","src":"https:\/\/i0.wp.com\/alpoma.net\/tecob\/wp-content\/uploads\/2012\/02\/6902729963_2db9239235_z.jpg?resize=350%2C200&ssl=1","width":350,"height":200,"srcset":"https:\/\/i0.wp.com\/alpoma.net\/tecob\/wp-content\/uploads\/2012\/02\/6902729963_2db9239235_z.jpg?resize=350%2C200&ssl=1 1x, https:\/\/i0.wp.com\/alpoma.net\/tecob\/wp-content\/uploads\/2012\/02\/6902729963_2db9239235_z.jpg?resize=525%2C300&ssl=1 1.5x"},"classes":[]},{"id":11753,"url":"https:\/\/alpoma.net\/tecob\/?p=11753","url_meta":{"origin":363,"position":1},"title":"La c\u00e1mara de 1914 que grababa metadatos&#8230;","author":"alpoma","date":"13 noviembre 2015","format":false,"excerpt":"...o, mejor dicho, que permit\u00eda escribir \"metadatos\". Me encanta este artilugio, estaba en mi lista de pendientes para TecOb y no s\u00e9 c\u00f3mo no lo he tra\u00eddo antes porque me parece algo genial. Conocida como c\u00e1mara autogr\u00e1fica, o suplemento autogr\u00e1fico en su versi\u00f3n como accesorio, permaneci\u00f3 en el mercado entre\u2026","rel":"","context":"En \u00abObsolescencia\u00bb","block_context":{"text":"Obsolescencia","link":"https:\/\/alpoma.net\/tecob\/?cat=3"},"img":{"alt_text":"","src":"https:\/\/i0.wp.com\/alpoma.net\/tecob\/wp-content\/uploads\/2015\/11\/gaisman_camara.jpg?resize=350%2C200&ssl=1","width":350,"height":200},"classes":[]},{"id":1108,"url":"https:\/\/alpoma.net\/tecob\/?p=1108","url_meta":{"origin":363,"position":2},"title":"El ocaso del fondo de pantalla de Windows","author":"alpoma","date":"3 abril 2009","format":false,"excerpt":"Poca gente habr\u00e1 que no haya contemplado, al menos de forma casual, esta imagen en alguna ocaci\u00f3n. Se trata del fondo de pantalla o tapiz que, por defecto, mostraba Windows XP. La fotograf\u00eda tiene su peque\u00f1a historia detr\u00e1s. Si algo ha hecho que una obra de Charles O\u00b4Rear sea conocida\u2026","rel":"","context":"En \u00abGeo\u00bb","block_context":{"text":"Geo","link":"https:\/\/alpoma.net\/tecob\/?cat=5"},"img":{"alt_text":"","src":"https:\/\/i0.wp.com\/alpoma.net\/tecob\/wp-content\/uploads\/2009\/04\/3409326918_e873c9ba1f_o.jpg?resize=350%2C200&ssl=1","width":350,"height":200,"srcset":"https:\/\/i0.wp.com\/alpoma.net\/tecob\/wp-content\/uploads\/2009\/04\/3409326918_e873c9ba1f_o.jpg?resize=350%2C200&ssl=1 1x, https:\/\/i0.wp.com\/alpoma.net\/tecob\/wp-content\/uploads\/2009\/04\/3409326918_e873c9ba1f_o.jpg?resize=525%2C300&ssl=1 1.5x"},"classes":[]},{"id":3138,"url":"https:\/\/alpoma.net\/tecob\/?p=3138","url_meta":{"origin":363,"position":3},"title":"\u00c9mile Cohl y la primera pel\u00edcula de dibujos animados","author":"alpoma","date":"17 julio 2010","format":false,"excerpt":"Hoy es un personaje casi olvidado. Si acaso, encuentra acomodo en la esquina de alguna enciclopedia o disfrute en las p\u00e1ginas de un libro escrito por alguno de sus admiradores y, sin embargo, durante una corta pero intensa \u00e9poca, fue considerado todo un genio. \u00c9mile Cohl falleci\u00f3 a principios de\u2026","rel":"","context":"En \u00abObsolescencia\u00bb","block_context":{"text":"Obsolescencia","link":"https:\/\/alpoma.net\/tecob\/?cat=3"},"img":{"alt_text":"","src":"","width":0,"height":0},"classes":[]},{"id":1308,"url":"https:\/\/alpoma.net\/tecob\/?p=1308","url_meta":{"origin":363,"position":4},"title":"El mundo fant\u00e1stico de Karl Hans Janke","author":"alpoma","date":"10 octubre 2009","format":false,"excerpt":"Su nombre no me dec\u00eda nada, pero en apenas unos minutos la figura Karl Hans (Joachim) Janke me ha fascinado. Todo gracias a sus dibujos y maquetas, adem\u00e1s de su locura, que me ha descubierto BibliOdyssey, donde se puede localizar m\u00e1s informaci\u00f3n y enlaces, aunque por desgracia para m\u00ed, y\u2026","rel":"","context":"En \u00abObsolescencia\u00bb","block_context":{"text":"Obsolescencia","link":"https:\/\/alpoma.net\/tecob\/?cat=3"},"img":{"alt_text":"","src":"https:\/\/i0.wp.com\/alpoma.net\/tecob\/wp-content\/uploads\/2009\/10\/3998318118_83d786dc1b_o.jpg?resize=350%2C200&ssl=1","width":350,"height":200,"srcset":"https:\/\/i0.wp.com\/alpoma.net\/tecob\/wp-content\/uploads\/2009\/10\/3998318118_83d786dc1b_o.jpg?resize=350%2C200&ssl=1 1x, https:\/\/i0.wp.com\/alpoma.net\/tecob\/wp-content\/uploads\/2009\/10\/3998318118_83d786dc1b_o.jpg?resize=525%2C300&ssl=1 1.5x"},"classes":[]},{"id":454,"url":"https:\/\/alpoma.net\/tecob\/?p=454","url_meta":{"origin":363,"position":5},"title":"Ulysses 31, recordando la ni\u00f1ez","author":"alpoma","date":"29 abril 2006","format":false,"excerpt":"Estos d\u00edas del puente de Mayo las tiendas no abren, as\u00ed que si uno no quiere ver el frigor\u00edfico peligrosamente vac\u00edo, lo mejor es reponer existencias. Dicho y hecho, a pasar un rato por la tarde a un centro comercial. En esto est\u00e1bamos cuando, al pasar por la secci\u00f3n de\u2026","rel":"","context":"En \u00abPersonal\u00bb","block_context":{"text":"Personal","link":"https:\/\/alpoma.net\/tecob\/?cat=2"},"img":{"alt_text":"","src":"https:\/\/i0.wp.com\/alpoma.net\/tecob\/wp-content\/uploads\/2006\/04\/137026110_88179e8c5d_m.jpg?resize=350%2C200&ssl=1","width":350,"height":200},"classes":[]}],"jetpack_sharing_enabled":true,"_links":{"self":[{"href":"https:\/\/alpoma.net\/tecob\/index.php?rest_route=\/wp\/v2\/posts\/363","targetHints":{"allow":["GET"]}}],"collection":[{"href":"https:\/\/alpoma.net\/tecob\/index.php?rest_route=\/wp\/v2\/posts"}],"about":[{"href":"https:\/\/alpoma.net\/tecob\/index.php?rest_route=\/wp\/v2\/types\/post"}],"author":[{"embeddable":true,"href":"https:\/\/alpoma.net\/tecob\/index.php?rest_route=\/wp\/v2\/users\/1"}],"replies":[{"embeddable":true,"href":"https:\/\/alpoma.net\/tecob\/index.php?rest_route=%2Fwp%2Fv2%2Fcomments&post=363"}],"version-history":[{"count":0,"href":"https:\/\/alpoma.net\/tecob\/index.php?rest_route=\/wp\/v2\/posts\/363\/revisions"}],"wp:featuredmedia":[{"embeddable":true,"href":"https:\/\/alpoma.net\/tecob\/index.php?rest_route=\/wp\/v2\/media\/10733"}],"wp:attachment":[{"href":"https:\/\/alpoma.net\/tecob\/index.php?rest_route=%2Fwp%2Fv2%2Fmedia&parent=363"}],"wp:term":[{"taxonomy":"category","embeddable":true,"href":"https:\/\/alpoma.net\/tecob\/index.php?rest_route=%2Fwp%2Fv2%2Fcategories&post=363"},{"taxonomy":"post_tag","embeddable":true,"href":"https:\/\/alpoma.net\/tecob\/index.php?rest_route=%2Fwp%2Fv2%2Ftags&post=363"}],"curies":[{"name":"wp","href":"https:\/\/api.w.org\/{rel}","templated":true}]}}