{"id":349,"date":"2006-02-10T16:23:30","date_gmt":"2006-02-10T14:23:30","guid":{"rendered":"http:\/\/www.alpoma.net\/tecob\/?p=349"},"modified":"2006-02-10T16:30:32","modified_gmt":"2006-02-10T14:30:32","slug":"tic-tac-tic-tac","status":"publish","type":"post","link":"https:\/\/alpoma.net\/tecob\/?p=349","title":{"rendered":"Tic Tac Tic Tac&#8230;"},"content":{"rendered":"<p><img decoding=\"async\" src=\"http:\/\/static.flickr.com\/8\/9666433_46a771bf95_m.jpg\" alt=\"Reloj APM\" class=\"izda\"\/>En la antig\u00fcedad, egipcios, griegos y romanos idearon <a href=\"http:\/\/physics.nist.gov\/GenInt\/Time\/early.html\">diversas formas para medir el tiempo<\/a>, los <strong>relojes solares<\/strong> y las <strong>clepsidras<\/strong>  no eran muy fiables, pero tampoco se necesitaba m\u00e1s precisi\u00f3n. Hace m\u00e1s de 5.000 a\u00f1os los babilonios y egipcios crearon los primeros calendarios para poder organizar la vida de las comunidades, sobre todo en cuestiones relacionadas con la agricultura y el comercio. Aquellos primigenios calendarios se basaban en tres ciclos diferentes: el d\u00eda solar, el mes lunar y el a\u00f1o solar que marca el paso de las estaciones. El calendario gregoriano actual hinca sus ra\u00edces en aquellos sistemas ideados por los babilonios y egipcios, heredados posteriormente por los griegos y el Imperio Romano. El antiqu\u00edsimo calendario civil egipcio divid\u00eda el a\u00f1o en doce meses de treinta d\u00edas cada uno, a\u00f1adiendo cinco d\u00edas para ajustarlo al ciclo solar de la Tierra alrededor del Sol. En aquella medici\u00f3n del tiempo era muy importante el conocimiento astron\u00f3mico, sobre todo el referente a los movimientos en la b\u00f3veda celeste de ciertos astros, como la estrella m\u00e1s brillante de nuestros cielos, Sirio. A\u00f1os, d\u00edas, horas, todo un sistema creado por los egipcios que se difundi\u00f3 por toda Europa y que sobrevivi\u00f3 casi 3.000 a\u00f1os. <\/p>\n<p>Los <strong><a href=\"http:\/\/physics.nist.gov\/GenInt\/Time\/revol.html\">relojes mec\u00e1nicos<\/a><\/strong> tardaron en llegar, aunque no debemos enga\u00f1arnos, en la antig\u00fcedad se desarrollaron maravillas t\u00e9cnicas, todav\u00eda muy desconocidas, que pudieron haber sido utilizadas en la medici\u00f3n del tiempo. El primer reloj mec\u00e1nico conocido fue construido en el siglo XII en la abad\u00eda inglesa de Dunstable, en Bedfordshire, aunque ya antes existieron algunos \u00abmodelos\u00bb arcaicos de pesas. La Iglesia fue la primera interesada en la construcci\u00f3n y uso de estos artilugios, sobre todo en los monasterios, para regular con precisi\u00f3n las horas de oraci\u00f3n y trabajo. Este es el origen de la tradici\u00f3n por la que se indican las horas con el ta\u00f1er de las campanas en las iglesias. Los primeros relojes mec\u00e1nicos eran muy imprecisos, no se puede decir que cada hora durara lo mismo. Los problemas t\u00e9cnicos no eran los \u00fanicos a los que se enfrentaron los constructores de aquellos primitivos relojes, cada cual med\u00eda la duraci\u00f3n del d\u00eda como le ven\u00eda en gana. En <strong>Italia<\/strong> se entend\u00eda que el d\u00eda comenzaba en el momento del ocaso del astro rey, en <strong>oriente<\/strong> pensaban lo contrario, la aurora era el fen\u00f3meno que daba comienzo a una nueva jornada. Finalmente se impuso el sistema de <strong>horas francesas<\/strong>, que part\u00eda el d\u00eda en dos porciones de doce horas, comenzando a medianoche, como seguimos haciendo hoy. Hasta mediados del siglo XVII, cuando se invent\u00f3 el reloj de p\u00e9ndulo, medir siquiera de forma aproximada los minutos y segundos era tarea imposible. A partir de aqu\u00ed el desarrollo de los relojes fue prodigioso, convirti\u00e9ndolos en maravillas de la t\u00e9cnica, refinados, complicados y, sobre todo, precisos. En la revoluci\u00f3n cronol\u00f3gica marcada por los relojes intervinieron algunas de las mentes m\u00e1s importantes de la historia de la ciencia, como <strong>Galileo<\/strong> o <strong>Huygens<\/strong>. <\/p>\n<p>Los tiempos en que mec\u00e1nicos habil\u00edsimos constru\u00edan con sus propias manos preciosos relojes mec\u00e1nicos han pasado a la historia. Ahora, en las grandes factor\u00edas, se producen millones de relojes al a\u00f1o, de todos los tipos y para todos los gustos. S\u00f3lo para los modelos m\u00e1s exclusivos se utiliza la mano experta del artesano curtido en la tarea de dominar la medida del tiempo. No es suficiente, a pesar de sus esfuerzos, los artesanos no pueden ir m\u00e1s all\u00e1, la ciencia necesita precisi\u00f3n inimaginable, medir el tiempo en fracciones tan peque\u00f1as que nuestro cerebro es incapaz de asimilarlas. Por eso cuando se debate sobre la precisi\u00f3n se recurre a los nuevos relojeros del siglo XXI: los especialistas <strong>cronolog\u00eda at\u00f3mica<\/strong>. Un reloj de cesio con calidad alcanza una precisi\u00f3n del microsegundo al mes. Las se\u00f1ales ac\u00fasticas, los \u201cpitidos\u201d, que o\u00edmos cada hora en las emisiones de noticias radiof\u00f3nicas son emitidos por observatorios del tiempo, coordinados y haciendo uso de relojes at\u00f3micos, son las m\u00e1quinas que marcan nuestro tiempo. Los nuevos prototipos superar\u00e1n esta precisi\u00f3n. El reloj que se espera instalar en la Estaci\u00f3n Espacial Internacional, ser\u00e1 cientos de veces m\u00e1s preciso que el mejor reloj de cesio fabricado hasta la fecha. Hay quien va m\u00e1s all\u00e1, mejorando la precisi\u00f3n un millar de veces en los pr\u00f3ximos a\u00f1os por medio del uso del \u201cpalpitar\u201d en el interior de \u00e1tomos de mercurio o de calcio . <a href=\"http:\/\/en.wikipedia.org\/wiki\/Primary_Atomic_Reference_Clock_in_Space\">\u00bfPorqu\u00e9 instalar un reloj at\u00f3mico en una estaci\u00f3n espacial?<\/a> No se trata de un capricho. Por medio de este experimento se intentar\u00e1 someter a la teor\u00eda de la relatividad de Einstein a su m\u00e1s compleja prueba, porque si el tiempo es afectado por los campos gravitatorios, nada mejor que comprobarlo por medio de un preciso reloj alejado de la influencia gravitatoria terrestre. Por otra parte, son muchas las aplicaciones cient\u00edficas que necesitan de tal precisi\u00f3n. Entre otros, los sistemas de posicionamiento global, los GPS, utilizados tanto por militares como por excursionistas para no perderse, dependen de flotas de sat\u00e9lites espaciales interconectados que necesitan medir el tiempo con precisi\u00f3n pasmosa. <\/p>\n<p><img decoding=\"async\" src=\"http:\/\/static.flickr.com\/32\/97905703_96667d76aa_m.jpg\" alt=\"Long Now Foundation Reloj\" class=\"dch\"\/>Los <strong><a href=\"http:\/\/www.sciencemuseum.org.uk\/on%2Dline\/atomclocks\/\">relojes at\u00f3micos<\/a><\/strong> se consideran como los m\u00e1s precisos, tan perfectos que ni una brizna de tiempo se les escapa. Pero, para qu\u00e9 enga\u00f1arse, sus complicados mecanismos no son capaces de funcionar por mucho tiempo. Al cabo de unas d\u00e9cadas deben ser recargados, recalibrados o, por lo general, substituidos. Modestos relojes mec\u00e1nicos de hace siglos, pese a sus imperfecciones, contin\u00faan dando la hora a su gusto, cuidados por entusiastas de estas m\u00e1quinas del tiempo. Lo \u00faltimo en relojes mec\u00e1nicos est\u00e1 a punto de nacer, su tecnolog\u00eda no tiene parang\u00f3n y adem\u00e1s presenta una gran ventaja: ser\u00e1 \u201ceterno\u201d, por lo menos esa es la intenci\u00f3n de sus creadores. Los mec\u00e1nicos e ingenieros que lo construyen en las cercan\u00edas de San Francisco estiman que funcionar\u00e1 ininterrumpidamente durante 10.000 a\u00f1os. <strong>Danny Hillis<\/strong>, su principal impulsor, lo llama <strong><a href=\"http:\/\/www.longnow.org\/\">\u201creloj del presente duradero\u201d<\/a><\/strong>. \u00bfPara qu\u00e9 sirve un reloj como este? Se trata m\u00e1s de una experiencia sociol\u00f3gica que de un experimento t\u00e9cnico, aunque los retos mec\u00e1nicos a los que se enfrentan no son pocos. La idea consiste en crear una m\u00e1quina que sirva de referente del tiempo, de nuestra \u00e9poca y de nuestro futuro, una especie de escultura simb\u00f3lica destinada a la humanidad del futuro lejano. En la aventura se han involucrado cient\u00edficos, artistas, escritores, m\u00fasicos como Brian Eno, todos ellos esperan encontrar algo inspirador en tan curiosa idea. <\/p>\n<p>La fundaci\u00f3n que se ha hecho cargo del proyecto ha comprado el pico de una monta\u00f1a en el estado norteamericano de Nevada . Ser\u00e1 all\u00ed, una vez terminen las obras de construcci\u00f3n, donde se colocar\u00e1 el reloj eterno, de un tama\u00f1o monumental. En la c\u00fapula de la caverna excavada en la cima monta\u00f1osa se abrir\u00e1 una rendija que dejar\u00e1 pasar la luz solar para resincronizar el reloj en caso de p\u00e9rdida de la hora. No se tratar\u00e1 de un reloj como solemos entenderlo, mostrar\u00e1 s\u00f3lo el a\u00f1o en curso, el siglo y el milenio y deber\u00e1 d\u00e1rsele \u201ccuerda\u201d una vez al a\u00f1o, para recargar de energ\u00eda al sistema de p\u00e9ndulos de torsi\u00f3n que lo animar\u00e1. \u00bfHabr\u00e1 alguien all\u00ed dentro de 3.000 o 10.000 a\u00f1os para seguir dando vida a esta m\u00e1quina?  <\/p>\n<p><strong>Imagen superior<\/strong>: <a href=\"http:\/\/www.alpoma.net\">alpoma.net<\/a><br \/>\n<strong>Imagen inferior<\/strong>: <a href=\"http:\/\/www.longnow.org\/\">Long Now Foundation<\/a><\/p>\n<p>&#8211;> <strong><a href=\"http:\/\/www.roa.es\/cgi-bin\/SeccionHora\">Secci\u00f3n de Hora del Real Instituto y Observatorio de la Armada en San Fernando<\/a><\/strong><\/p>\n","protected":false},"excerpt":{"rendered":"<div class=\"mh-excerpt\"><p>En la antig\u00fcedad, egipcios, griegos y romanos idearon diversas formas para medir el tiempo, los relojes solares y las clepsidras no eran muy fiables, pero tampoco se necesitaba m\u00e1s precisi\u00f3n. <a class=\"mh-excerpt-more\" href=\"https:\/\/alpoma.net\/tecob\/?p=349\" title=\"Tic Tac Tic Tac&#8230;\">[&#8230;]<\/a><\/p>\n<\/div>","protected":false},"author":1,"featured_media":10933,"comment_status":"open","ping_status":"open","sticky":false,"template":"","format":"standard","meta":{"jetpack_post_was_ever_published":false,"_jetpack_newsletter_access":"","_jetpack_dont_email_post_to_subs":false,"_jetpack_newsletter_tier_id":0,"_jetpack_memberships_contains_paywalled_content":false,"_jetpack_memberships_contains_paid_content":false,"footnotes":""},"categories":[4,3],"tags":[],"class_list":["post-349","post","type-post","status-publish","format-standard","has-post-thumbnail","hentry","category-innovacion","category-obsolescencia"],"jetpack_featured_media_url":"https:\/\/alpoma.net\/tecob\/wp-content\/uploads\/2006\/02\/9666433_46a771bf95_m.jpg","jetpack_shortlink":"https:\/\/wp.me\/p93Dc1-5D","jetpack-related-posts":[{"id":1568,"url":"https:\/\/alpoma.net\/tecob\/?p=1568","url_meta":{"origin":349,"position":0},"title":"\u00bfPor qu\u00e9 no suceder\u00e1 nada en 2012?","author":"alpoma","date":"12 noviembre 2009","format":false,"excerpt":"Por supuesto, como cualquier a\u00f1o en la historia, el 2012 estar\u00e1 repleto de sucesos y hechos de todo tipo. Cuando me refiero a que no pasar\u00e1 NADA, como bien se puede ya suponer, quiero decir que ni habr\u00e1 fin del mundo, ni Apocalipsis alguno ni zarandajas similares. Ayer public\u00f3 Information\u2026","rel":"","context":"En \u00abObsolescencia\u00bb","block_context":{"text":"Obsolescencia","link":"https:\/\/alpoma.net\/tecob\/?cat=3"},"img":{"alt_text":"","src":"https:\/\/i0.wp.com\/alpoma.net\/tecob\/wp-content\/uploads\/2009\/11\/4097988623_09b0fab1e5_o.jpg?resize=350%2C200&ssl=1","width":350,"height":200},"classes":[]},{"id":4487,"url":"https:\/\/alpoma.net\/tecob\/?p=4487","url_meta":{"origin":349,"position":1},"title":"Transportando un obelisco","author":"alpoma","date":"4 abril 2011","format":false,"excerpt":"La semana pasada dej\u00e9 anotada una referencia de No Tech Magazine que mencionaba la curiosa forma de transporte ideada para cargar antiguos obeliscos egipcios hacia Europa o los Estados Unidos durante la \"fiebre\" egipcia del siglo XIX. S\u00ed, porque a lo largo de ese siglo, sobre todo despu\u00e9s de que\u2026","rel":"","context":"En \u00abObsolescencia\u00bb","block_context":{"text":"Obsolescencia","link":"https:\/\/alpoma.net\/tecob\/?cat=3"},"img":{"alt_text":"obelisco_1","src":"https:\/\/i0.wp.com\/farm6.static.flickr.com\/5024\/5588925542_f3433a4b57.jpg?resize=350%2C200","width":350,"height":200},"classes":[]},{"id":202,"url":"https:\/\/alpoma.net\/tecob\/?p=202","url_meta":{"origin":349,"position":2},"title":"La Vida Oculta de Sir Isaac Newton","author":"alpoma","date":"18 agosto 2005","format":false,"excerpt":"Newton... \u00faltimo de los magos... la \u00faltima de las grandes mentes que contempl\u00f3 el mundo visible e intelectual con los mismos ojos de aquellos que empezaron a construir nuestro conocimiento hace casi diez mil a\u00f1os... porque contemplaba el universo... como un enigma, como un secreto que pod\u00eda leerse aplicando el\u2026","rel":"","context":"En \u00abGeneral\u00bb","block_context":{"text":"General","link":"https:\/\/alpoma.net\/tecob\/?cat=1"},"img":{"alt_text":"","src":"https:\/\/i0.wp.com\/alpoma.net\/tecob\/wp-content\/uploads\/2005\/08\/Isaac-Newton-1.jpg?resize=350%2C200&ssl=1","width":350,"height":200,"srcset":"https:\/\/i0.wp.com\/alpoma.net\/tecob\/wp-content\/uploads\/2005\/08\/Isaac-Newton-1.jpg?resize=350%2C200&ssl=1 1x, https:\/\/i0.wp.com\/alpoma.net\/tecob\/wp-content\/uploads\/2005\/08\/Isaac-Newton-1.jpg?resize=525%2C300&ssl=1 1.5x"},"classes":[]},{"id":320,"url":"https:\/\/alpoma.net\/tecob\/?p=320","url_meta":{"origin":349,"position":3},"title":"Diego Mar\u00edn, el \u00abhombre p\u00e1jaro\u00bb burgal\u00e9s","author":"alpoma","date":"18 enero 2006","format":false,"excerpt":"\u00bfQui\u00e9n fue el primer ser humano en volar a bordo de una m\u00e1quina m\u00e1s pesada que el aire? Tic tac tic tac... \u00bfOrville Wright? Pues parece que no, pues un ignoto burgal\u00e9s se empe\u00f1\u00f3 en imitar a los p\u00e1jaros en pleno siglo XVIII. Tal gesta sucedi\u00f3, al parecer, el 15\u2026","rel":"","context":"En \u00abInnovaci\u00f3n\u00bb","block_context":{"text":"Innovaci\u00f3n","link":"https:\/\/alpoma.net\/tecob\/?cat=4"},"img":{"alt_text":"","src":"","width":0,"height":0},"classes":[]},{"id":8591,"url":"https:\/\/alpoma.net\/tecob\/?p=8591","url_meta":{"origin":349,"position":4},"title":"El caza supers\u00f3nico espa\u00f1ol, digo&#8230; egipcio","author":"alpoma","date":"21 octubre 2013","format":false,"excerpt":"La Europa inmediatamente posterior a la Segunda Guerra Mundial era lugar peligroso y contradictorio. Mientras se juzgaban los cr\u00edmenes del nazismo en Alemania y en las \u00e1reas anteriormente ocupadas por los alemanes, las grandes potencias se repart\u00edan un bot\u00edn muy valioso. Se trataba de los proyectos militares alemanes, tecnolog\u00eda de\u2026","rel":"","context":"En \u00abMade in Spain\u00bb","block_context":{"text":"Made in Spain","link":"https:\/\/alpoma.net\/tecob\/?cat=10"},"img":{"alt_text":"","src":"https:\/\/i0.wp.com\/alpoma.net\/tecob\/wp-content\/uploads\/2013\/10\/img_43654.jpg?resize=350%2C200&ssl=1","width":350,"height":200,"srcset":"https:\/\/i0.wp.com\/alpoma.net\/tecob\/wp-content\/uploads\/2013\/10\/img_43654.jpg?resize=350%2C200&ssl=1 1x, https:\/\/i0.wp.com\/alpoma.net\/tecob\/wp-content\/uploads\/2013\/10\/img_43654.jpg?resize=525%2C300&ssl=1 1.5x"},"classes":[]},{"id":901,"url":"https:\/\/alpoma.net\/tecob\/?p=901","url_meta":{"origin":349,"position":5},"title":"El calendario Holoceno","author":"alpoma","date":"29 mayo 2008","format":false,"excerpt":"Tan acostumbrados estamos a emplear el calendario gregoriano, el m\u00e1s utilizado actualmente en gran parte del planeta, que ya ni nos planteamos lo curioso de \"contar al rev\u00e9s\" antes del a\u00f1o uno, fecha te\u00f3rica del nacimiento de Cristo. Esta especie de eje num\u00e9rico con doble sentido que hace referirnos a\u2026","rel":"","context":"En \u00abGeo\u00bb","block_context":{"text":"Geo","link":"https:\/\/alpoma.net\/tecob\/?cat=5"},"img":{"alt_text":"","src":"https:\/\/i0.wp.com\/alpoma.net\/tecob\/wp-content\/uploads\/2008\/05\/2532554850_1b6b7d2fd3_o.jpg?resize=350%2C200&ssl=1","width":350,"height":200,"srcset":"https:\/\/i0.wp.com\/alpoma.net\/tecob\/wp-content\/uploads\/2008\/05\/2532554850_1b6b7d2fd3_o.jpg?resize=350%2C200&ssl=1 1x, https:\/\/i0.wp.com\/alpoma.net\/tecob\/wp-content\/uploads\/2008\/05\/2532554850_1b6b7d2fd3_o.jpg?resize=525%2C300&ssl=1 1.5x"},"classes":[]}],"jetpack_sharing_enabled":true,"_links":{"self":[{"href":"https:\/\/alpoma.net\/tecob\/index.php?rest_route=\/wp\/v2\/posts\/349","targetHints":{"allow":["GET"]}}],"collection":[{"href":"https:\/\/alpoma.net\/tecob\/index.php?rest_route=\/wp\/v2\/posts"}],"about":[{"href":"https:\/\/alpoma.net\/tecob\/index.php?rest_route=\/wp\/v2\/types\/post"}],"author":[{"embeddable":true,"href":"https:\/\/alpoma.net\/tecob\/index.php?rest_route=\/wp\/v2\/users\/1"}],"replies":[{"embeddable":true,"href":"https:\/\/alpoma.net\/tecob\/index.php?rest_route=%2Fwp%2Fv2%2Fcomments&post=349"}],"version-history":[{"count":0,"href":"https:\/\/alpoma.net\/tecob\/index.php?rest_route=\/wp\/v2\/posts\/349\/revisions"}],"wp:featuredmedia":[{"embeddable":true,"href":"https:\/\/alpoma.net\/tecob\/index.php?rest_route=\/wp\/v2\/media\/10933"}],"wp:attachment":[{"href":"https:\/\/alpoma.net\/tecob\/index.php?rest_route=%2Fwp%2Fv2%2Fmedia&parent=349"}],"wp:term":[{"taxonomy":"category","embeddable":true,"href":"https:\/\/alpoma.net\/tecob\/index.php?rest_route=%2Fwp%2Fv2%2Fcategories&post=349"},{"taxonomy":"post_tag","embeddable":true,"href":"https:\/\/alpoma.net\/tecob\/index.php?rest_route=%2Fwp%2Fv2%2Ftags&post=349"}],"curies":[{"name":"wp","href":"https:\/\/api.w.org\/{rel}","templated":true}]}}