{"id":3451,"date":"2010-08-31T17:18:52","date_gmt":"2010-08-31T15:18:52","guid":{"rendered":"http:\/\/www.alpoma.net\/tecob\/?p=3451"},"modified":"2010-08-31T17:18:52","modified_gmt":"2010-08-31T15:18:52","slug":"quevedo-y-el-ataque-de-la-sombra","status":"publish","type":"post","link":"https:\/\/alpoma.net\/tecob\/?p=3451","title":{"rendered":"Quevedo y el ataque de la sombra"},"content":{"rendered":"<p><img decoding=\"async\" src=\"http:\/\/farm5.static.flickr.com\/4103\/4944890331_dde981ed16_m.jpg\" alt=\"Quevedo\" class=\"dch\"\/>Recientemente, durante una conversaci\u00f3n con un excelso pintor gallego, record\u00e9 una an\u00e9cdota que hac\u00eda muchos a\u00f1os dorm\u00eda entre mis recuerdos de curiosidades. Todo surgi\u00f3 porque alguno de los presentes mencion\u00f3 cierta pel\u00edcula de estreno sobre Lope de Vega y sus aventuras, a lo que no pude contenerme y solt\u00e9 esta historia sobre otro de los grandes de la literatura espa\u00f1ola, para diversi\u00f3n de los presentes. <strong><a href=\"http:\/\/es.wikipedia.org\/wiki\/Francisco_de_Quevedo\">Francisco de Quevedo<\/a><\/strong>. Desconozco hasta qu\u00e9 punto pudo suceder este episodio tragic\u00f3mico de la forma en que se ha contado a lo largo de los siglos, cosa a la que, sin duda, contribuy\u00f3 de buen grado el propio Quevedo, muy gustoso de este tipo de alabanzas. <\/p>\n<p>Camina don Francisco por las<strong> oscuras calles de Madrid <\/strong>cierta noche, a la altura de la Plaza del \u00c1ngel cuando algo alerta su sentido de la amezana. Con fuerza <strong>toma la empu\u00f1adura de su espada<\/strong>, en previsi\u00f3n de la presencia de alg\u00fan enemigo, cosa nada rara pues Quevedo era famoso por sus muchos l\u00edos y su querencia por los duelos. Los perros ladran nerviosos, algunos viandantes gritan y corren, pero en la negrura nocturna no se adivinaba la presencia de nada realmente peligroso. En guardia, percibiendo a su espalda unos pasos extra\u00f1os, grita y amenaza a su atacante, pero \u00e9ste no cede el paso y salta sobre el genio de las letras que, lleno de furia,<strong> comienza a blandir al aire y completamente a ciegas su espada<\/strong>. Quiso la fortuna que, en uno de esos lances, el afilado metal topara con algo. \u00a1Ah\u00ed se encontraba su perseguidor! Sin prevenci\u00f3n alguna, solt\u00f3 estocada tras estocada sobre el oscuro bulto que no dejaba de gemir lastimeramente. <\/p>\n<p>Triunfante el escritor, convencido de haber dado muerte a alguno de sus rivales en alg\u00fan turbio asunto pol\u00edtico o amoroso, grita su j\u00fabilo a los cuatro vientos. Ante esta escena se presentaron muchos vecinos, llevando antorchas para iluminar la calle que, para sorpresa del espadach\u00edn, es muy diferente a lo que hab\u00eda imaginado. La luz desvel\u00f3 que, en realidad, <strong>el enemigo era una peligrosa pantera salvaje<\/strong> que hab\u00eda escapado poco tiempo antes de las estancias de un embajador, que manten\u00eda al animal como diversi\u00f3n personal y que, tras su fuga, hab\u00eda atemorizado a todo Madrid. Al ver a la infortunada bestia, sangrante y sin vida tendida en el suelo, coment\u00f3 el h\u00e9roe que, de haber sabido que el atacante era un animal, seguramente hubiera corrido a esconderse en lugar de afrontar lo que, tal y como pens\u00f3 desde el primer momento, era el ataque de uno de sus adversarios. <\/p>\n","protected":false},"excerpt":{"rendered":"<div class=\"mh-excerpt\"><p>Recientemente, durante una conversaci\u00f3n con un excelso pintor gallego, record\u00e9 una an\u00e9cdota que hac\u00eda muchos a\u00f1os dorm\u00eda entre mis recuerdos de curiosidades. Todo surgi\u00f3 porque alguno de los presentes mencion\u00f3 <a class=\"mh-excerpt-more\" href=\"https:\/\/alpoma.net\/tecob\/?p=3451\" title=\"Quevedo y el ataque de la sombra\">[&#8230;]<\/a><\/p>\n<\/div>","protected":false},"author":1,"featured_media":10611,"comment_status":"open","ping_status":"open","sticky":false,"template":"","format":"standard","meta":{"jetpack_post_was_ever_published":false,"_jetpack_newsletter_access":"","_jetpack_dont_email_post_to_subs":false,"_jetpack_newsletter_tier_id":0,"_jetpack_memberships_contains_paywalled_content":false,"_jetpack_memberships_contains_paid_content":false,"footnotes":""},"categories":[2],"tags":[],"class_list":["post-3451","post","type-post","status-publish","format-standard","has-post-thumbnail","hentry","category-personal"],"jetpack_featured_media_url":"https:\/\/alpoma.net\/tecob\/wp-content\/uploads\/2010\/08\/4944890331_dde981ed16_m.jpg","jetpack_shortlink":"https:\/\/wp.me\/p93Dc1-TF","jetpack-related-posts":[{"id":941,"url":"https:\/\/alpoma.net\/tecob\/?p=941","url_meta":{"origin":3451,"position":0},"title":"El Transbordador del Ni\u00e1gara","author":"alpoma","date":"29 julio 2008","format":false,"excerpt":"Recientemente, gracias a Amio Cajander, he tenido conocimiento de una serie de libros sobre ingenier\u00eda, estructuras y arquitectura que con gran acierto mantiene en libre descarga la Fundaci\u00f3n Esteyco. Entre todos ellos, hay uno que me ha gustado especialmente, sobre todo porque trata de uno de esos personajes de la\u2026","rel":"","context":"En \u00abGeo\u00bb","block_context":{"text":"Geo","link":"https:\/\/alpoma.net\/tecob\/?cat=5"},"img":{"alt_text":"","src":"https:\/\/i0.wp.com\/alpoma.net\/tecob\/wp-content\/uploads\/2008\/07\/2713175607_46e3660599_o.jpg?resize=350%2C200&ssl=1","width":350,"height":200,"srcset":"https:\/\/i0.wp.com\/alpoma.net\/tecob\/wp-content\/uploads\/2008\/07\/2713175607_46e3660599_o.jpg?resize=350%2C200&ssl=1 1x, https:\/\/i0.wp.com\/alpoma.net\/tecob\/wp-content\/uploads\/2008\/07\/2713175607_46e3660599_o.jpg?resize=525%2C300&ssl=1 1.5x"},"classes":[]},{"id":8952,"url":"https:\/\/alpoma.net\/tecob\/?p=8952","url_meta":{"origin":3451,"position":1},"title":"Cuando Espa\u00f1a volaba en dirigible","author":"alpoma","date":"4 abril 2014","format":false,"excerpt":"Fragmentos del art\u00edculo sobre Torres Quevedo que publiqu\u00e9 en la revista Historia de Iberia Vieja en su edici\u00f3n del mes de abril de 2014. La edad de oro de los dirigibles A principios del siglo XX no eran los aviones, apenas reci\u00e9n nacidos, los aparatos voladores que parec\u00edan tener un\u2026","rel":"","context":"En \u00abMade in Spain\u00bb","block_context":{"text":"Made in Spain","link":"https:\/\/alpoma.net\/tecob\/?cat=10"},"img":{"alt_text":"","src":"https:\/\/i0.wp.com\/alpoma.net\/tecob\/wp-content\/uploads\/2014\/04\/dtr_1.jpg?resize=350%2C200&ssl=1","width":350,"height":200,"srcset":"https:\/\/i0.wp.com\/alpoma.net\/tecob\/wp-content\/uploads\/2014\/04\/dtr_1.jpg?resize=350%2C200&ssl=1 1x, https:\/\/i0.wp.com\/alpoma.net\/tecob\/wp-content\/uploads\/2014\/04\/dtr_1.jpg?resize=525%2C300&ssl=1 1.5x, https:\/\/i0.wp.com\/alpoma.net\/tecob\/wp-content\/uploads\/2014\/04\/dtr_1.jpg?resize=700%2C400&ssl=1 2x"},"classes":[]},{"id":1029,"url":"https:\/\/alpoma.net\/tecob\/?p=1029","url_meta":{"origin":3451,"position":2},"title":"Las patentes de Torres Quevedo","author":"alpoma","date":"13 noviembre 2008","format":false,"excerpt":"Leonardo Torres Quevedo, uno de los m\u00e1s insignes inventores de la historia espa\u00f1ola, ha visitado TecOb en numerosas ocasiones. Razones para repasar su biograf\u00eda una y otra vez pueden darse muchas, puesto que se trat\u00f3 de una fecunda y apasionante vida, pero sin duda lo m\u00e1s atractivo aqu\u00ed son sus\u2026","rel":"","context":"En \u00abMade in Spain\u00bb","block_context":{"text":"Made in Spain","link":"https:\/\/alpoma.net\/tecob\/?cat=10"},"img":{"alt_text":"","src":"https:\/\/i0.wp.com\/alpoma.net\/tecob\/wp-content\/uploads\/2008\/11\/3027003855_d7a46f4850_o.jpg?resize=350%2C200&ssl=1","width":350,"height":200},"classes":[]},{"id":13766,"url":"https:\/\/alpoma.net\/tecob\/?p=13766","url_meta":{"origin":3451,"position":3},"title":"El \u201ctelekino\u201d, la invenci\u00f3n que revolucion\u00f3 el control a distancia","author":"alpoma","date":"1 noviembre 2018","format":false,"excerpt":"Versi\u00f3n para TecOb del art\u00edculo que publiqu\u00e9 en la revista Historia de Iberia Vieja en su edici\u00f3n de octubre de 2018. La prensa espa\u00f1ola y la francesa se han ocupado recientemente de un nuevo aparato que su autor, el notable Ingeniero espa\u00f1ol, Sr. Torres Quevedo, llama telekino. (\u2026) El objeto\u2026","rel":"","context":"En \u00abMade in Spain\u00bb","block_context":{"text":"Made in Spain","link":"https:\/\/alpoma.net\/tecob\/?cat=10"},"img":{"alt_text":"","src":"https:\/\/i0.wp.com\/alpoma.net\/tecob\/wp-content\/uploads\/2018\/11\/torres_quevedo.jpg?resize=350%2C200&ssl=1","width":350,"height":200,"srcset":"https:\/\/i0.wp.com\/alpoma.net\/tecob\/wp-content\/uploads\/2018\/11\/torres_quevedo.jpg?resize=350%2C200&ssl=1 1x, https:\/\/i0.wp.com\/alpoma.net\/tecob\/wp-content\/uploads\/2018\/11\/torres_quevedo.jpg?resize=525%2C300&ssl=1 1.5x, https:\/\/i0.wp.com\/alpoma.net\/tecob\/wp-content\/uploads\/2018\/11\/torres_quevedo.jpg?resize=700%2C400&ssl=1 2x"},"classes":[]},{"id":12271,"url":"https:\/\/alpoma.net\/tecob\/?p=12271","url_meta":{"origin":3451,"position":4},"title":"Un siglo del Spanish Aerocar de Torres Quevedo","author":"alpoma","date":"4 agosto 2016","format":false,"excerpt":"Versi\u00f3n para TecOb del art\u00edculo que publiqu\u00e9 en la revista Historia de Iberia Vieja, edici\u00f3n de julio de 2016. Leonardo Torres Quevedo es el inventor de un sorprendente tranv\u00eda a\u00e9reo que acaba de instalarse sobre el Ni\u00e1gara, cruzando la fant\u00e1stica vor\u00e1gine del Whirlpool, que es algo as\u00ed como un suntuoso\u2026","rel":"","context":"En \u00abMade in Spain\u00bb","block_context":{"text":"Made in Spain","link":"https:\/\/alpoma.net\/tecob\/?cat=10"},"img":{"alt_text":"","src":"https:\/\/i0.wp.com\/alpoma.net\/tecob\/wp-content\/uploads\/2016\/08\/spanish_aerocar.jpg?resize=350%2C200&ssl=1","width":350,"height":200,"srcset":"https:\/\/i0.wp.com\/alpoma.net\/tecob\/wp-content\/uploads\/2016\/08\/spanish_aerocar.jpg?resize=350%2C200&ssl=1 1x, https:\/\/i0.wp.com\/alpoma.net\/tecob\/wp-content\/uploads\/2016\/08\/spanish_aerocar.jpg?resize=525%2C300&ssl=1 1.5x"},"classes":[]},{"id":143,"url":"https:\/\/alpoma.net\/tecob\/?p=143","url_meta":{"origin":3451,"position":5},"title":"El otro Leonardo","author":"alpoma","date":"22 mayo 2005","format":false,"excerpt":"Cuando jugamos al ajedrez contra los desalmados contrincantes computerizados de nuestros ordenadores o juegos de mesa, estamos utilizando una versi\u00f3n muy mejorada de uno de los inventos m\u00e1s curiosos de un hombre genial. Al igual que da Vinci, tambi\u00e9n se llamaba Leonardo, e igualmente fue un inventor sobresaliente. Una de\u2026","rel":"","context":"En \u00abInnovaci\u00f3n\u00bb","block_context":{"text":"Innovaci\u00f3n","link":"https:\/\/alpoma.net\/tecob\/?cat=4"},"img":{"alt_text":"","src":"https:\/\/i0.wp.com\/alpoma.net\/tecob\/wp-content\/uploads\/2005\/05\/Leonardo-Torres-Quevedo-300x261.jpg?resize=350%2C200&ssl=1","width":350,"height":200},"classes":[]}],"jetpack_sharing_enabled":true,"_links":{"self":[{"href":"https:\/\/alpoma.net\/tecob\/index.php?rest_route=\/wp\/v2\/posts\/3451","targetHints":{"allow":["GET"]}}],"collection":[{"href":"https:\/\/alpoma.net\/tecob\/index.php?rest_route=\/wp\/v2\/posts"}],"about":[{"href":"https:\/\/alpoma.net\/tecob\/index.php?rest_route=\/wp\/v2\/types\/post"}],"author":[{"embeddable":true,"href":"https:\/\/alpoma.net\/tecob\/index.php?rest_route=\/wp\/v2\/users\/1"}],"replies":[{"embeddable":true,"href":"https:\/\/alpoma.net\/tecob\/index.php?rest_route=%2Fwp%2Fv2%2Fcomments&post=3451"}],"version-history":[{"count":0,"href":"https:\/\/alpoma.net\/tecob\/index.php?rest_route=\/wp\/v2\/posts\/3451\/revisions"}],"wp:featuredmedia":[{"embeddable":true,"href":"https:\/\/alpoma.net\/tecob\/index.php?rest_route=\/wp\/v2\/media\/10611"}],"wp:attachment":[{"href":"https:\/\/alpoma.net\/tecob\/index.php?rest_route=%2Fwp%2Fv2%2Fmedia&parent=3451"}],"wp:term":[{"taxonomy":"category","embeddable":true,"href":"https:\/\/alpoma.net\/tecob\/index.php?rest_route=%2Fwp%2Fv2%2Fcategories&post=3451"},{"taxonomy":"post_tag","embeddable":true,"href":"https:\/\/alpoma.net\/tecob\/index.php?rest_route=%2Fwp%2Fv2%2Ftags&post=3451"}],"curies":[{"name":"wp","href":"https:\/\/api.w.org\/{rel}","templated":true}]}}