{"id":340,"date":"2006-02-03T21:01:44","date_gmt":"2006-02-03T19:01:44","guid":{"rendered":"http:\/\/www.alpoma.net\/tecob\/?p=340"},"modified":"2009-08-03T20:13:57","modified_gmt":"2009-08-03T18:13:57","slug":"el-telegrafo-optico","status":"publish","type":"post","link":"https:\/\/alpoma.net\/tecob\/?p=340","title":{"rendered":"El tel\u00e9grafo \u00f3ptico"},"content":{"rendered":"<p><img decoding=\"async\" src=\"http:\/\/static.flickr.com\/33\/95009620_7b40c81747_o.gif\" alt=\"Tel\u00e9grafo \u00d3ptico\" class=\"dch\"\/>Antes de la aparici\u00f3n del tel\u00e9grafo el\u00e9ctrico, no s\u00f3lo se pod\u00edan enviar mensajes por medio de correos a caballo o diligencias. Los \u00absem\u00e1foros\u00bb, tal y como se llamaban en su \u00e9poca de esplendor, constitu\u00edan una magn\u00edfica forma de comunicarse, bastante eficiente y, sobre todo, mucho m\u00e1s r\u00e1pida que andar esperando a que un mensajero llegara con su cansado caballo al destino deseado portando una carta que, en el mejor de los casos, ser\u00eda recibida d\u00edas o semanas m\u00e1s tarde. Aquellos \u00absem\u00e1foros\u00bb formaron extensas redes de <a href=\"http:\/\/people.deas.harvard.edu\/~jones\/cscie129\/images\/history\/chappe.html\">tel\u00e9grafo \u00f3ptico<\/a> pero, hoy d\u00eda, han ca\u00eddo casi en un olvido total. <\/p>\n<p>La idea, en s\u00ed, es muy vieja. \u00bfAlguien recuerda las magn\u00edficas escenas del <em>Se\u00f1or de los Anillos<\/em> en las que se mostraban torres de se\u00f1ales luminosas en lo alto de monta\u00f1as? Bien, pues por ah\u00ed van los tiros. Recuerdo que, en el noroeste de la provincia de Palencia, cerca de <a href=\"http:\/\/www.guardoweb.com\/\">Guardo<\/a> y al oeste de Velilla del R\u00edo Carri\u00f3n, hay una monta\u00f1a a la que llaman <em>Pe\u00f1a Lampa<\/em> porque, dicen, en su cima los romanos instalaron hace dos milenios una de esas torres de comunicaci\u00f3n. Posiblemente s\u00f3lo sea una leyenda, pero bien pudo ser&#8230; \ud83d\ude09 Los tel\u00e9grafos \u00f3pticos han sido muy variados en cuanto a morfolog\u00eda, pero b\u00e1sicamente eran todos primos hermanos. Consist\u00edan en redes que transmit\u00edan un mensaje desde el origen al destino, por medio de la repetici\u00f3n de ese mensaje a trav\u00e9s de varias torres visualmente conectadas. Veamos, la torre 1 recibe un mensaje de texto, que es transcrito a un c\u00f3digo de se\u00f1ales luminosas, ya sean por hogueras o por medio de listones m\u00f3viles. La torre 2, situada lejos de la primera pero manteniendo contacto visual con aquella, apunta el c\u00f3digo observado y lo vuelve a retransmitir, esta vez a la torre 3 y as\u00ed hasta que el mensaje llega a su destino. Antes de emitir un mensaje, la torre donde se iniciaba la comunicaci\u00f3n, emit\u00eda un mensaje de alerta, esperando que el siguiente nodo pusiera sus \u00abbalizas\u00bben posici\u00f3n de espera, a partir de entonces el emisor enviaba una serie de s\u00edmbolos codificados, uno cada varios segundos, por medio del movimiento de las balizas colocadas en la cima de la torre. Cada configuraci\u00f3n de baliza ten\u00eda un significado concreto, algo as\u00ed como un c\u00f3digo morse visual. El receptor copiaba el mensaje y, tras recibirlo completo, se encargaba de repet\u00edrselo a la siguiente torre. <\/p>\n<p>Toda esta infraestructura necesitaba una red amplia de torres y, por supuesto, de alguien encargado de mantenerlas y de retransmitir los mensajes. Los equipos destinados a aquella pesada tarea deb\u00edan estar atentos, durante las horas diurnas, a las balizas de la torre anterior o posterior, a la espera de la recepci\u00f3n de mensajes. Los operadores se limitaban a retransmitir lo recibido, no conoc\u00edan el significado de los mensajes pues, comunmente, se encontraban cifrados. La cosa ten\u00eda su complejidad, de noche casi no se utilizaba, aunque algunos ten\u00edan capacidad para emitir se\u00f1ales luminosas, las tormentas, la niebla, el viento, cualquier cambio meteorol\u00f3gico pod\u00eda entorpecer la comunicaci\u00f3n, los mensajes pod\u00edan ser mal comprendidos o, incluso, no llegar a recibirse nunca. <\/p>\n<p>El tel\u00e9grafo \u00f3ptico, como red planificada cient\u00edficamente, naci\u00f3 en Europa en el siglo XVII, concretamente en 1684, de la mano del brit\u00e1nico Robert Hooke, pero no se extendi\u00f3 hasta bien entrado el siglo XVIII, pues hasta ese momento la t\u00e9cnica era demasiado pobre. Francia fue el pa\u00eds donde se construyeron las redes m\u00e1s extensas y exitosas, a fin de cuentas, el primer telegrama que se recuerda lleg\u00f3 a Par\u00eds, desde Lille, tras recorrer m\u00e1s de doscientos kil\u00f3metros de distancia a trav\u00e9s de una l\u00ednea de veintidos torres de comunicaci\u00f3n \u00f3ptica.<\/p>\n<p class=\"cuadizda\">\nUna fuente de inter\u00e9s:<br \/>\n<strong>La telegrafia \u00f2ptica a Catalunya<\/strong> (2004)<br \/>\n<strong>Prat i Pons, Jaume<\/strong><br \/>\nISBN: 84-393-6595-0-4\n<\/p>\n<p>En poco tiempo media Europa cont\u00f3 con redes de tel\u00e9grafo \u00f3ptico, desde Escandinavia a Espa\u00f1a.  Las primeras pruebas en <a href=\"http:\/\/es.wikipedia.org\/wiki\/Tel%C3%A9grafo_%C3%B3ptico\">Espa\u00f1a<\/a> fueron llevadas a cabo por un equipo del Real Observatorio de Madrid en 1794, utilizando un sistema de lentes acrom\u00e1ticas con excelente resultado. Se planificaron extensas redes por todo el territorio peninsular, pero no llegaron a materializarse m\u00e1s que algunos proyectos, por culpa de las sucesivas crisis econ\u00f3micas, como el sistema de comunicaci\u00f3n \u00f3ptico militar que funcion\u00f3 en la provincia de C\u00e1diz hasta 1820. M\u00e1s tarde se construy\u00f3 una red que comunicaba los Reales Sitios y era de uso exclusivo para asuntos de la Familia Real, en Madrid. Durante las Guerras Carlistas, la telegraf\u00eda \u00f3ptica tuvo un papel muy interesante, pues se utiliz\u00f3 por parte de las tropas isabelinas con frecuencia. Pero, a pesar de sus ventajas, en Espa\u00f1a no se construy\u00f3 ninguna red amplia hasta que, en 1844, se decidi\u00f3 comunicar Madrid con todas la provincias a trav\u00e9s de una red de proporciones nunca vistas. No creo que haya que esforzarse en imaginar qu\u00e9 sucedi\u00f3. Los planos quedaron muy bien, la t\u00e9cnica dise\u00f1ada era de lo mejor, incluso superior a la francesa, pero s\u00f3lo se llevaron a la pr\u00e1ctica algunas redes parciales, como la de Madrid-Ir\u00fan, pasando por Valladolid, la de Andaluc\u00eda, la Madrid-Valencia o la de Catalu\u00f1a, que fue la m\u00e1s desarrollada, llegando a contar con m\u00e1s de 150 torres y que tuvo un uso militar hasta finales del siglo XIX.<\/p>\n<p>Pero todos estos esfuerzos, c\u00f3mo no, sirvieron de poco porque, otra vez, aqu\u00ed se lleg\u00f3 tarde a la revoluci\u00f3n tecnol\u00f3gica. Cuando en Francia los \u00absem\u00e1foros\u00bb llevaban d\u00e9cadas en uso, apareci\u00f3 la telegraf\u00eda el\u00e9ctrica, all\u00e1 por 1840, con lo que se inici\u00f3 una transici\u00f3n lenta a la nueva t\u00e9cnia. En esos momentos, en Espa\u00f1a, se estaban levantando las primeras redes de tel\u00e9grafo \u00f3ptico de gran distancia, pr\u00e1cticamente cuando ya eran obsoletas.<\/p>\n","protected":false},"excerpt":{"rendered":"<div class=\"mh-excerpt\"><p>Antes de la aparici\u00f3n del tel\u00e9grafo el\u00e9ctrico, no s\u00f3lo se pod\u00edan enviar mensajes por medio de correos a caballo o diligencias. Los \u00absem\u00e1foros\u00bb, tal y como se llamaban en su <a class=\"mh-excerpt-more\" href=\"https:\/\/alpoma.net\/tecob\/?p=340\" title=\"El tel\u00e9grafo \u00f3ptico\">[&#8230;]<\/a><\/p>\n<\/div>","protected":false},"author":1,"featured_media":10775,"comment_status":"open","ping_status":"open","sticky":false,"template":"","format":"standard","meta":{"jetpack_post_was_ever_published":false,"_jetpack_newsletter_access":"","_jetpack_dont_email_post_to_subs":false,"_jetpack_newsletter_tier_id":0,"_jetpack_memberships_contains_paywalled_content":false,"_jetpack_memberships_contains_paid_content":false,"footnotes":""},"categories":[10,3],"tags":[],"class_list":["post-340","post","type-post","status-publish","format-standard","has-post-thumbnail","hentry","category-made_in_spain","category-obsolescencia"],"jetpack_featured_media_url":"https:\/\/alpoma.net\/tecob\/wp-content\/uploads\/2006\/02\/95009620_7b40c81747_o.gif","jetpack_shortlink":"https:\/\/wp.me\/p93Dc1-5u","jetpack-related-posts":[{"id":9992,"url":"https:\/\/alpoma.net\/tecob\/?p=9992","url_meta":{"origin":340,"position":0},"title":"Francisco Salv\u00e1 y Campillo, inventor del tel\u00e9grafo el\u00e9ctrico","author":"alpoma","date":"3 agosto 2014","format":false,"excerpt":"Versi\u00f3n reducida del art\u00edculo que publiqu\u00e9 en la revista Historia de Iberia Vieja, edici\u00f3n de agosto de 2014. Salv\u00e1 leg\u00f3 hasta su propio cuerpo a la instrucci\u00f3n p\u00fablica. Son tan notables las palabras con que expresa este legado en su testamento que ellas solas bastar\u00edan para hacer su elogio y\u2026","rel":"","context":"En \u00abMade in Spain\u00bb","block_context":{"text":"Made in Spain","link":"https:\/\/alpoma.net\/tecob\/?cat=10"},"img":{"alt_text":"salva_y_campillo","src":"https:\/\/i0.wp.com\/www.alpoma.net\/tecob\/wp-content\/uploads\/2014\/08\/salva_y_campillo-229x300.jpg?resize=350%2C200","width":350,"height":200},"classes":[]},{"id":636,"url":"https:\/\/alpoma.net\/tecob\/?p=636","url_meta":{"origin":340,"position":1},"title":"Mont Saint-Michel","author":"alpoma","date":"27 noviembre 2006","format":false,"excerpt":"Este es uno de esos lugares que tengo en la lista de visitas futuras. Desde que hace muchos a\u00f1os me enter\u00e9 de su existencia, llam\u00f3 mi atenci\u00f3n, parece un espacio propio de una narraci\u00f3n de fantas\u00eda, lo \u00fanico que falta en el ambiente son unos cuantos dragones revoloteando alrededor de\u2026","rel":"","context":"En \u00abGeo\u00bb","block_context":{"text":"Geo","link":"https:\/\/alpoma.net\/tecob\/?cat=5"},"img":{"alt_text":"","src":"https:\/\/i0.wp.com\/alpoma.net\/tecob\/wp-content\/uploads\/2006\/11\/307772957_b29077f1cc.jpg?resize=350%2C200&ssl=1","width":350,"height":200},"classes":[]},{"id":11769,"url":"https:\/\/alpoma.net\/tecob\/?p=11769","url_meta":{"origin":340,"position":2},"title":"Rayas y puntos en el cielo","author":"alpoma","date":"15 noviembre 2015","format":false,"excerpt":"Esta imagen fue tomada hace poco m\u00e1s de un siglo1... No es muy buena, pero es la mejor que he podido encontrar para ilustrar el tema de las se\u00f1ales morse realizadas desde aviones al comienzo de la Gran Guerra. En los Estados Unidos, all\u00e1 por 19122, ya le hab\u00edan estado\u2026","rel":"","context":"En \u00abObsolescencia\u00bb","block_context":{"text":"Obsolescencia","link":"https:\/\/alpoma.net\/tecob\/?cat=3"},"img":{"alt_text":"","src":"https:\/\/i0.wp.com\/alpoma.net\/tecob\/wp-content\/uploads\/2015\/11\/aerotubo_tecob_1914.jpg?resize=350%2C200&ssl=1","width":350,"height":200,"srcset":"https:\/\/i0.wp.com\/alpoma.net\/tecob\/wp-content\/uploads\/2015\/11\/aerotubo_tecob_1914.jpg?resize=350%2C200&ssl=1 1x, https:\/\/i0.wp.com\/alpoma.net\/tecob\/wp-content\/uploads\/2015\/11\/aerotubo_tecob_1914.jpg?resize=525%2C300&ssl=1 1.5x"},"classes":[]},{"id":360,"url":"https:\/\/alpoma.net\/tecob\/?p=360","url_meta":{"origin":340,"position":3},"title":"Por un tubo&#8230;","author":"alpoma","date":"17 febrero 2006","format":false,"excerpt":"Hace tiempo visit\u00f3 TecOb el viejo sistema de transmisi\u00f3n de documentos a trav\u00e9s de tubos pneum\u00e1ticos. Hoy voy a ir un poco m\u00e1s all\u00e1, pues el tema es muy interesante, a\u00f1adiendo algunos detalles y, sobre todo, varias fotograf\u00edas. La idea era muy simple: a trav\u00e9s de una red de conducciones,\u2026","rel":"","context":"En \u00abObsolescencia\u00bb","block_context":{"text":"Obsolescencia","link":"https:\/\/alpoma.net\/tecob\/?cat=3"},"img":{"alt_text":"","src":"https:\/\/i0.wp.com\/alpoma.net\/tecob\/wp-content\/uploads\/2006\/02\/100857770_d89804d971_o.jpg?resize=350%2C200&ssl=1","width":350,"height":200},"classes":[]},{"id":274,"url":"https:\/\/alpoma.net\/tecob\/?p=274","url_meta":{"origin":340,"position":4},"title":"Jagadis Chandra Bose, pionero de las microondas","author":"alpoma","date":"19 diciembre 2005","format":false,"excerpt":"Hace m\u00e1s de cien a\u00f1os, cuando la radio estaba naciendo, la electr\u00f3nica era poco menos que un asunto de la imaginaci\u00f3n y las comunicaciones a distancia se limitaban a la utilizaci\u00f3n del tel\u00e9grafo, un pionero de la India, Jagadis (o tambi\u00e9n Jagdish) Chandra Bose, tuvo la osad\u00eda de presentarse ante\u2026","rel":"","context":"En \u00abInnovaci\u00f3n\u00bb","block_context":{"text":"Innovaci\u00f3n","link":"https:\/\/alpoma.net\/tecob\/?cat=4"},"img":{"alt_text":"","src":"https:\/\/i0.wp.com\/alpoma.net\/tecob\/wp-content\/uploads\/2005\/12\/bose.jpg?resize=350%2C200&ssl=1","width":350,"height":200},"classes":[]},{"id":7147,"url":"https:\/\/alpoma.net\/tecob\/?p=7147","url_meta":{"origin":340,"position":5},"title":"Agust\u00edn de Betancourt y la m\u00e1quina secreta","author":"alpoma","date":"1 septiembre 2012","format":false,"excerpt":"Versi\u00f3n reducida del art\u00edculo que publiqu\u00e9 en la revista Historia de Iberia Vieja en su edici\u00f3n correspondiente al mes de septiembre de 2012. Don Agust\u00edn de Betancourt, deseando hacer un modelo de la m\u00e1quina de vapor, se determin\u00f3 a pasar a Inglaterra, a fin de indagar todos los descubrimientos \u00fatiles\u2026","rel":"","context":"En \u00abMade in Spain\u00bb","block_context":{"text":"Made in Spain","link":"https:\/\/alpoma.net\/tecob\/?cat=10"},"img":{"alt_text":"watt_boulton","src":"https:\/\/i0.wp.com\/farm9.staticflickr.com\/8302\/7904645158_2720b5fb51_n.jpg?resize=350%2C200","width":350,"height":200},"classes":[]}],"jetpack_sharing_enabled":true,"_links":{"self":[{"href":"https:\/\/alpoma.net\/tecob\/index.php?rest_route=\/wp\/v2\/posts\/340","targetHints":{"allow":["GET"]}}],"collection":[{"href":"https:\/\/alpoma.net\/tecob\/index.php?rest_route=\/wp\/v2\/posts"}],"about":[{"href":"https:\/\/alpoma.net\/tecob\/index.php?rest_route=\/wp\/v2\/types\/post"}],"author":[{"embeddable":true,"href":"https:\/\/alpoma.net\/tecob\/index.php?rest_route=\/wp\/v2\/users\/1"}],"replies":[{"embeddable":true,"href":"https:\/\/alpoma.net\/tecob\/index.php?rest_route=%2Fwp%2Fv2%2Fcomments&post=340"}],"version-history":[{"count":0,"href":"https:\/\/alpoma.net\/tecob\/index.php?rest_route=\/wp\/v2\/posts\/340\/revisions"}],"wp:featuredmedia":[{"embeddable":true,"href":"https:\/\/alpoma.net\/tecob\/index.php?rest_route=\/wp\/v2\/media\/10775"}],"wp:attachment":[{"href":"https:\/\/alpoma.net\/tecob\/index.php?rest_route=%2Fwp%2Fv2%2Fmedia&parent=340"}],"wp:term":[{"taxonomy":"category","embeddable":true,"href":"https:\/\/alpoma.net\/tecob\/index.php?rest_route=%2Fwp%2Fv2%2Fcategories&post=340"},{"taxonomy":"post_tag","embeddable":true,"href":"https:\/\/alpoma.net\/tecob\/index.php?rest_route=%2Fwp%2Fv2%2Ftags&post=340"}],"curies":[{"name":"wp","href":"https:\/\/api.w.org\/{rel}","templated":true}]}}