{"id":3352,"date":"2010-08-17T16:01:51","date_gmt":"2010-08-17T14:01:51","guid":{"rendered":"http:\/\/www.alpoma.net\/tecob\/?p=3352"},"modified":"2010-08-25T12:00:29","modified_gmt":"2010-08-25T10:00:29","slug":"cuatro-decadas-del-simbolo-del-reciclaje","status":"publish","type":"post","link":"https:\/\/alpoma.net\/tecob\/?p=3352","title":{"rendered":"Cuatro d\u00e9cadas del s\u00edmbolo del reciclaje"},"content":{"rendered":"<p>Omnipresente, encontraremos por doquier objetos con <strong><a href=\"http:\/\/en.wikipedia.org\/wiki\/Recycling_symbol\">este s\u00edmbolo<\/a><\/strong>. Todo el mundo lo reconoce, o al menos lo asocia con ciertas palabras, como <em>reciclable<\/em> o <em>reutilizable<\/em>. El <strong>s\u00edmbolo universal del reciclaje<\/strong>, hoy en <em>dominio p\u00fablico<\/em>, surgi\u00f3 como una idea de una empresa de Chicago, la <em>Container Corporation of America<\/em>, para contribuir a la <strong>celebraci\u00f3n del primer D\u00eda de la Tierra en 1970<\/strong> y, tambi\u00e9n, como maniobra publicitaria. Poco pod\u00edan pensar que el s\u00edmbolo, ganador de un <strong>concurso de ideas patrocinado por esa empresa<\/strong>, terminar\u00eda por convertirse en uno de los m\u00e1s difundidos y conocidos de la historia. El ganador del concurso, al que se presentaron m\u00e1s de 500 propuestas, fue un joven de 23 a\u00f1os, estudiante de la <em>University of Southern California<\/em>, <strong>Gary Anderson<\/strong>, a quien vemos aqu\u00ed, sentado, presentando su idea.<\/p>\n<p style=\"text-align: center\"><img loading=\"lazy\" decoding=\"async\" src=\"http:\/\/farm5.static.flickr.com\/4081\/4926234114_0b3987d1d7_o.jpg\" alt=\"\" title=\"anderson\" width=\"478\" height=\"645\" class=\"otros\" \/><br \/>\n<small>Gary Anderson | Fuente: (CC) <a href=\"http:\/\/en.wikipedia.org\/wiki\/File:Gary_anderson_and_recycling_logo.JPG\">Wikimedia Commons<\/a>.<\/small><\/p>\n<p>Anderson emple\u00f3 muy bien los 2.500 d\u00f3lares del premio, pues los utiliz\u00f3 para ampliar estudios en Europa. Su dise\u00f1o es considerado como uno de los m\u00e1s influyentes del siglo XX, \u00a1y eso que s\u00f3lo es un s\u00edmbolo \u00abde nada\u00bb! Aunque resulte sorprendente, el joven estudiante de <strong>arquitectura<\/strong> y ciencias sociales no se dedic\u00f3 al dise\u00f1o gr\u00e1fico, aunque s\u00ed que realiz\u00f3 algunos trabajos en ese campo. Con el tiempo <strong>se doctor\u00f3 en geograf\u00eda e ingenier\u00eda medioambiental<\/strong>, llegando a convertirse en lo que ahora es, todo un experto mundial en ordenaci\u00f3n y planificaci\u00f3n territorial y problemas ambientales. Pero, a pesar de sus muchas actividades en m\u00faltiples campos, ser\u00e1 recordado en la Historia por la genial y sencilla idea que ilumin\u00f3 su cerebro hace ya cuarenta a\u00f1os. Y,<strong> \u00bfc\u00f3mo lleg\u00f3 a concebir el c\u00e9lebre s\u00edmbolo?<\/strong> La culpa, como tantas otras veces, la tiene <strong><a href=\"http:\/\/es.wikipedia.org\/wiki\/Maurits_Cornelis_Escher\">M.C. Escher<\/a><\/strong>. <\/p>\n<p><img loading=\"lazy\" decoding=\"async\" src=\"http:\/\/farm5.static.flickr.com\/4142\/4926234052_5894cbe573_o.jpg\" alt=\"\" title=\"escher\" width=\"620\" height=\"293\" class=\"alignnone size-full wp-image-3374\" \/><\/p>\n<p>La obra <em><strong>Banda de M\u00f6bius II<\/strong><\/em>, en la que unas abnegadas hormigas recorren el infinito trazado de la cinta de una sola cara y un solo borde descrita por los matem\u00e1ticos August Ferdinand M\u00f6bius y Johann Benedict Listing a mediados del siglo XIX, fue lo que le sirvi\u00f3 a Gary Anderson para dise\u00f1ar su logo. Uni\u00f3 las ideas de infinito y reciclaje, tras contemplar el cuadro de Escher y, \u00a1ya est\u00e1! Toda una genialidad. \u00bfA cu\u00e1ntos m\u00e1s habr\u00e1 alimentado intelectualmente la inquieta mente de Maurits Cornelis Escher? Seguro que la respuesta se acerca a \u00abinfinito\u00bb. \ud83d\ude09<\/p>\n<p><strong>M\u00e1s informaci\u00f3n<\/strong>: <a href=\"http:\/\/www.tappi.org\/paperu\/hot_topics\/Recycling_symbol.pdf\">The story behind the recycling symbol<\/a> (PDF).<\/p>\n<p>| Gracias a una pista de Dave Lovely &#8211; <a href=\"http:\/\/twitter.com\/ramage\/statuses\/21352090904\">@ramage<\/a> |<\/p>\n","protected":false},"excerpt":{"rendered":"<div class=\"mh-excerpt\"><p>Omnipresente, encontraremos por doquier objetos con este s\u00edmbolo. Todo el mundo lo reconoce, o al menos lo asocia con ciertas palabras, como reciclable o reutilizable. El s\u00edmbolo universal del reciclaje, <a class=\"mh-excerpt-more\" href=\"https:\/\/alpoma.net\/tecob\/?p=3352\" title=\"Cuatro d\u00e9cadas del s\u00edmbolo del reciclaje\">[&#8230;]<\/a><\/p>\n<\/div>","protected":false},"author":1,"featured_media":10462,"comment_status":"open","ping_status":"open","sticky":false,"template":"","format":"standard","meta":{"jetpack_post_was_ever_published":false,"_jetpack_newsletter_access":"","_jetpack_dont_email_post_to_subs":false,"_jetpack_newsletter_tier_id":0,"_jetpack_memberships_contains_paywalled_content":false,"_jetpack_memberships_contains_paid_content":false,"footnotes":""},"categories":[4],"tags":[],"class_list":["post-3352","post","type-post","status-publish","format-standard","has-post-thumbnail","hentry","category-innovacion"],"jetpack_featured_media_url":"https:\/\/alpoma.net\/tecob\/wp-content\/uploads\/2010\/08\/4926234114_0b3987d1d7_o.jpg","jetpack_shortlink":"https:\/\/wp.me\/p93Dc1-S4","jetpack-related-posts":[{"id":6844,"url":"https:\/\/alpoma.net\/tecob\/?p=6844","url_meta":{"origin":3352,"position":0},"title":"La torre Eiffel de Londres","author":"alpoma","date":"4 julio 2012","format":false,"excerpt":"A mucha gente no le hac\u00eda ni pizca de gracia tener aquello que consideraban como un feo monstruo de metal que superaba los 300 metros de altura haciendo sombra a orillas del Sena y, sin embargo, la torre Eiffel, pensada para la Exposici\u00f3n Universal de Par\u00eds del a\u00f1o 1889, se\u2026","rel":"","context":"En \u00abObsolescencia\u00bb","block_context":{"text":"Obsolescencia","link":"https:\/\/alpoma.net\/tecob\/?cat=3"},"img":{"alt_text":"","src":"https:\/\/i0.wp.com\/alpoma.net\/tecob\/wp-content\/uploads\/2012\/07\/7501580592_dc7cb06878_o.jpg?resize=350%2C200&ssl=1","width":350,"height":200,"srcset":"https:\/\/i0.wp.com\/alpoma.net\/tecob\/wp-content\/uploads\/2012\/07\/7501580592_dc7cb06878_o.jpg?resize=350%2C200&ssl=1 1x, https:\/\/i0.wp.com\/alpoma.net\/tecob\/wp-content\/uploads\/2012\/07\/7501580592_dc7cb06878_o.jpg?resize=525%2C300&ssl=1 1.5x"},"classes":[]},{"id":1356,"url":"https:\/\/alpoma.net\/tecob\/?p=1356","url_meta":{"origin":3352,"position":1},"title":"Hollywood(land)","author":"alpoma","date":"22 octubre 2009","format":false,"excerpt":"Pocas im\u00e1genes habr\u00e1 que se hayan repetido tanto, en cine, televisi\u00f3n o mil y un soportes publicitarios, que las protagonizadas por cierta colina de la ciudad de Los \u00c1ngeles sobre la que aparecen grandes letras met\u00e1licas formando una palabra m\u00e1gica. S\u00ed, porque Hollywood, donde nacen los sue\u00f1os del cine americano\u2026","rel":"","context":"En \u00abGeo\u00bb","block_context":{"text":"Geo","link":"https:\/\/alpoma.net\/tecob\/?cat=5"},"img":{"alt_text":"","src":"https:\/\/i0.wp.com\/alpoma.net\/tecob\/wp-content\/uploads\/2009\/10\/4033841495_533bb0b20f_o.jpg?resize=350%2C200&ssl=1","width":350,"height":200,"srcset":"https:\/\/i0.wp.com\/alpoma.net\/tecob\/wp-content\/uploads\/2009\/10\/4033841495_533bb0b20f_o.jpg?resize=350%2C200&ssl=1 1x, https:\/\/i0.wp.com\/alpoma.net\/tecob\/wp-content\/uploads\/2009\/10\/4033841495_533bb0b20f_o.jpg?resize=525%2C300&ssl=1 1.5x"},"classes":[]},{"id":1568,"url":"https:\/\/alpoma.net\/tecob\/?p=1568","url_meta":{"origin":3352,"position":2},"title":"\u00bfPor qu\u00e9 no suceder\u00e1 nada en 2012?","author":"alpoma","date":"12 noviembre 2009","format":false,"excerpt":"Por supuesto, como cualquier a\u00f1o en la historia, el 2012 estar\u00e1 repleto de sucesos y hechos de todo tipo. Cuando me refiero a que no pasar\u00e1 NADA, como bien se puede ya suponer, quiero decir que ni habr\u00e1 fin del mundo, ni Apocalipsis alguno ni zarandajas similares. Ayer public\u00f3 Information\u2026","rel":"","context":"En \u00abObsolescencia\u00bb","block_context":{"text":"Obsolescencia","link":"https:\/\/alpoma.net\/tecob\/?cat=3"},"img":{"alt_text":"","src":"https:\/\/i0.wp.com\/alpoma.net\/tecob\/wp-content\/uploads\/2009\/11\/4097988623_09b0fab1e5_o.jpg?resize=350%2C200&ssl=1","width":350,"height":200},"classes":[]},{"id":1129,"url":"https:\/\/alpoma.net\/tecob\/?p=1129","url_meta":{"origin":3352,"position":3},"title":"Eduardo Barreiros, motor de Espa\u00f1a","author":"alpoma","date":"8 mayo 2009","format":false,"excerpt":"AVISO: El presente texto corresponde a la versi\u00f3n reducida del art\u00edculo que publiqu\u00e9 en el n\u00famero de mayo de 2009 de Historia de Iberia Vieja. En esa edici\u00f3n impresa, por un error de maquetaci\u00f3n, varias frases del texto aparec\u00edan cortadas. Con el papel no se puede ya arreglar nada, pero\u2026","rel":"","context":"En \u00abMade in Spain\u00bb","block_context":{"text":"Made in Spain","link":"https:\/\/alpoma.net\/tecob\/?cat=10"},"img":{"alt_text":"","src":"","width":0,"height":0},"classes":[]},{"id":516,"url":"https:\/\/alpoma.net\/tecob\/?p=516","url_meta":{"origin":3352,"position":4},"title":"Aviones nucleares","author":"alpoma","date":"27 junio 2006","format":false,"excerpt":"\u00bfQu\u00e9 puede pensarse si uno se sube a un avi\u00f3n que porta un gran s\u00edmbolo de peligro por radiaci\u00f3n pintado en plano de cola? Como poco, un escalofr\u00edo recorrer\u00eda nuestra espalda. Retornemos a la \u00e9poca de la Guerra Fr\u00eda. La idea central de aquel \"juego\" consist\u00eda en dos formas de\u2026","rel":"","context":"En \u00abObsolescencia\u00bb","block_context":{"text":"Obsolescencia","link":"https:\/\/alpoma.net\/tecob\/?cat=3"},"img":{"alt_text":"","src":"https:\/\/i0.wp.com\/alpoma.net\/tecob\/wp-content\/uploads\/2006\/06\/176501543_bc054c341b_m.jpg?resize=350%2C200&ssl=1","width":350,"height":200},"classes":[]},{"id":697,"url":"https:\/\/alpoma.net\/tecob\/?p=697","url_meta":{"origin":3352,"position":5},"title":"Pu","author":"alpoma","date":"30 marzo 2007","format":false,"excerpt":"Lo t\u00edpico, cuando la gente oye la palabra plutonio, es pensar en radiactividad, \"cosas\" nucleares y, sobre todo, peligro. No van muy desencaminados, aunque no s\u00f3lo es peligroso este elemento por ser radiactivo. Recuerdo el memorable episodio de Los Simpson en el que Homer encarga que le env\u00eden a una\u2026","rel":"","context":"En \u00abGeneral\u00bb","block_context":{"text":"General","link":"https:\/\/alpoma.net\/tecob\/?cat=1"},"img":{"alt_text":"","src":"https:\/\/i0.wp.com\/alpoma.net\/tecob\/wp-content\/uploads\/2007\/03\/439128229_029f99f407_m.jpg?resize=350%2C200&ssl=1","width":350,"height":200},"classes":[]}],"jetpack_sharing_enabled":true,"_links":{"self":[{"href":"https:\/\/alpoma.net\/tecob\/index.php?rest_route=\/wp\/v2\/posts\/3352","targetHints":{"allow":["GET"]}}],"collection":[{"href":"https:\/\/alpoma.net\/tecob\/index.php?rest_route=\/wp\/v2\/posts"}],"about":[{"href":"https:\/\/alpoma.net\/tecob\/index.php?rest_route=\/wp\/v2\/types\/post"}],"author":[{"embeddable":true,"href":"https:\/\/alpoma.net\/tecob\/index.php?rest_route=\/wp\/v2\/users\/1"}],"replies":[{"embeddable":true,"href":"https:\/\/alpoma.net\/tecob\/index.php?rest_route=%2Fwp%2Fv2%2Fcomments&post=3352"}],"version-history":[{"count":0,"href":"https:\/\/alpoma.net\/tecob\/index.php?rest_route=\/wp\/v2\/posts\/3352\/revisions"}],"wp:featuredmedia":[{"embeddable":true,"href":"https:\/\/alpoma.net\/tecob\/index.php?rest_route=\/wp\/v2\/media\/10462"}],"wp:attachment":[{"href":"https:\/\/alpoma.net\/tecob\/index.php?rest_route=%2Fwp%2Fv2%2Fmedia&parent=3352"}],"wp:term":[{"taxonomy":"category","embeddable":true,"href":"https:\/\/alpoma.net\/tecob\/index.php?rest_route=%2Fwp%2Fv2%2Fcategories&post=3352"},{"taxonomy":"post_tag","embeddable":true,"href":"https:\/\/alpoma.net\/tecob\/index.php?rest_route=%2Fwp%2Fv2%2Ftags&post=3352"}],"curies":[{"name":"wp","href":"https:\/\/api.w.org\/{rel}","templated":true}]}}