{"id":320,"date":"2006-01-18T21:34:38","date_gmt":"2006-01-18T19:34:38","guid":{"rendered":"http:\/\/www.alpoma.net\/tecob\/?p=320"},"modified":"2019-10-10T16:45:42","modified_gmt":"2019-10-10T14:45:42","slug":"diego-marin-el-hombre-pajaro-burgales","status":"publish","type":"post","link":"https:\/\/alpoma.net\/tecob\/?p=320","title":{"rendered":"Diego Mar\u00edn, el \u00abhombre p\u00e1jaro\u00bb burgal\u00e9s"},"content":{"rendered":"<p><img decoding=\"async\" src=\"wp-content\/Images_Castill.jpg\" alt=\"Coru\u00f1a del Conde\" class=\"izda\"\/>\u00bfQui\u00e9n fue el primer ser humano en volar a bordo de una m\u00e1quina m\u00e1s pesada que el aire? Tic tac tic tac&#8230; \u00bf<a href=\"http:\/\/www.wam.umd.edu\/~stwright\/WrBr\/Wrights.html\">Orville Wright<\/a>? <a href=\"http:\/\/www.castilla.tc\/Anotaciones.asp?idAnotacion=297\">Pues parece que no<\/a>, pues un ignoto burgal\u00e9s se empe\u00f1\u00f3 en imitar a los p\u00e1jaros en pleno siglo XVIII. Tal gesta sucedi\u00f3, al parecer, el <strong>15 de Mayo de 1793<\/strong>, cuando <strong><a href=\"http:\/\/www.terra.es\/personal\/soportal\/laribera\/personaj\/diegomar.html\">Don Diego Mar\u00edn Aguilera<\/a><\/strong>, vecino de <a href=\"http:\/\/www.portalvb.com\/clunia\/\">Coru\u00f1a del Conde<\/a>, un pueblo cercano a la burgalesa localidad de Aranda de Duero, en Espa\u00f1a, vol\u00f3 con un aparato de su invenci\u00f3n. No es ning\u00fan chiste, aunque la memoria com\u00fan, esto es, la Historia con may\u00fasculas, haya olvidado del todo aquel d\u00eda, todav\u00eda queda alg\u00fan recuerdo de este pionero de la aviaci\u00f3n.<\/p>\n<p>Don Diego tuvo el sue\u00f1o de volar, pero no se resign\u00f3 a mirar con envidia a los p\u00e1jaros, pues decidi\u00f3 desafiar a la gravedad y volar de verdad, m\u00e1s all\u00e1 de lo que da Vinci hab\u00eda simplemente imaginado mucho antes. \u00bfEra un loco o un inconsciente? Nada de eso, prepar\u00f3 su aventura con mucho cuidado y con gran entusiasmo, pero sin dejar nada al azar. Diego Mar\u00edn naci\u00f3 en Coru\u00f1a del Conde en el lejano a\u00f1o de 1757, siendo el mayor de siete hermanos. Hijo de Narciso y Catalina, se convirti\u00f3 en todo un experto en el vuelo de las aves, tras pasarse gran parte de su juventud observ\u00e1ndolas planear sobre las tierras de Burgos, pues mantuvo a la familia con su trabajo de pastor. Cuando contaba solamente con once a\u00f1os, ide\u00f3 un mecanismo capaz de mejorar el rendimiento del molino instalado en el r\u00edo Arandilla. Viendo que eso de las m\u00e1quinas se le daba muy bien, se esforz\u00f3 en inventar algunos mecanismos novedosos, como una m\u00e1quina capaz de fabricar pa\u00f1os de tela o una sierra mec\u00e1nica para seccionar marmol, que se aplic\u00f3 en la cantera del Espej\u00f3n.<\/p>\n<p>Pero eso eran asuntos menores, pues su obsesi\u00f3n era el vuelo. Investig\u00f3 met\u00f3dicamente las t\u00e9cnicas de vuelo de las aves, as\u00ed como su anatom\u00eda. Tras haber pasado a\u00f1os recopilando todo tipo de datos, crey\u00f3 llegado el momento de construir su \u00abp\u00e1jaro\u00bb artificial, en secreto, ayudado en solitario por el herrero del pueblo.<\/p>\n<p>El plan de vuelo era sencillo, pero incre\u00edble. Deseaba lograr una m\u00e1quica con la que poder volar desde Coru\u00f1a del Conde hasta el Burgo de Osma y luego hasta Soria, para visitar a sus parientes. Una \u00abbobada\u00bb con decenas de kil\u00f3metros de viaje. En 1793 el \u00abp\u00e1jaro\u00bb de madera y metal ya estaba terminado, era un planeador con envergadura de unos ocho metros y cuerpo con m\u00e1s de cuatro metros. Su superficie estaba recubierta de plumas y, sus alas, contaban con una especie de alerones controlados por medio de manivelas. La cola, pod\u00eda orientarse por medio de dos estribos. Un \u00abavi\u00f3n\u00bb tan grande no puede ser manejado por una sola persona, as\u00ed que Diego pidi\u00f3 ayuda a algunos amigos, como Juan Barbero y su hermana. <\/p>\n<p>Finalmente lleg\u00f3 el 15 de Mayo de aquel a\u00f1o. Laboriosamente, el grupo de amigos elev\u00f3 al \u00abp\u00e1jaro\u00bb hasta lo alto de la cresta caliza sobre la que se asienta el castillo de Coru\u00f1a del Conde. Desde all\u00ed, pilotado por el entusiasmado Diego, se desliz\u00f3 al vac\u00edo. Al contrario de lo que pueda parecer, no se estrell\u00f3 de lleno, plane\u00f3, llegando a recorrer m\u00e1s de trescientos metros de distancia, hasta que toc\u00f3 suelo a causa de una rotura en un perno. \u00a1Diego segu\u00eda vivo!<\/p>\n<p>Tras este primer intento, los amigos decidieron perfeccionar el mecanismo, que funcionaba a la perfecci\u00f3n, reforzando algunos puntos del \u00abavi\u00f3n\u00bb. Todo fue en vano, pues los vecinos del pueblo se enteraron de tan osada y \u00abbrujeril\u00bb aventura y decidieron quemar la \u00abdemoniaca\u00bb invenci\u00f3n. Diego sufri\u00f3 una gran depresi\u00f3n por aquello, un abatimiento que le llev\u00f3 a la tumba prematuramente pocos a\u00f1os m\u00e1s tarde.  <\/p>\n<p>M\u00e1s de dos siglos despu\u00e9s, su gesta no se ha olvidado del todo y, en su honor, hoy hay centros de ense\u00f1anza en Burgos que llevan su nombre y el Ej\u00e9rcito del Aire espa\u00f1ol ha dedicado un monumento a este pionero de la aviaci\u00f3n frente al castillo de Coru\u00f1a del Conde, lugar desde donde realiz\u00f3 su sue\u00f1o de volar como un p\u00e1jaro. <\/p>\n<p><strong>Imagen<\/strong>: <em><a href=\"http:\/\/www.portalvb.com\/clunia\/Castillo.asp\">Coru\u00f1a del Conde y su castillo<\/a><\/em>.<\/p>\n","protected":false},"excerpt":{"rendered":"<div class=\"mh-excerpt\"><p>\u00bfQui\u00e9n fue el primer ser humano en volar a bordo de una m\u00e1quina m\u00e1s pesada que el aire? Tic tac tic tac&#8230; \u00bfOrville Wright? Pues parece que no, pues un <a class=\"mh-excerpt-more\" href=\"https:\/\/alpoma.net\/tecob\/?p=320\" title=\"Diego Mar\u00edn, el \u00abhombre p\u00e1jaro\u00bb burgal\u00e9s\">[&#8230;]<\/a><\/p>\n<\/div>","protected":false},"author":1,"featured_media":14769,"comment_status":"closed","ping_status":"closed","sticky":false,"template":"","format":"standard","meta":{"jetpack_post_was_ever_published":false,"_jetpack_newsletter_access":"","_jetpack_dont_email_post_to_subs":false,"_jetpack_newsletter_tier_id":0,"_jetpack_memberships_contains_paywalled_content":false,"_jetpack_memberships_contains_paid_content":false,"footnotes":""},"categories":[4,3],"tags":[],"class_list":["post-320","post","type-post","status-publish","format-standard","has-post-thumbnail","hentry","category-innovacion","category-obsolescencia"],"jetpack_featured_media_url":"https:\/\/alpoma.net\/tecob\/wp-content\/uploads\/2006\/01\/Images_Castill.jpg","jetpack_shortlink":"https:\/\/wp.me\/p93Dc1-5a","jetpack-related-posts":[{"id":1109,"url":"https:\/\/alpoma.net\/tecob\/?p=1109","url_meta":{"origin":320,"position":0},"title":"El primer aviador espa\u00f1ol (1793)","author":"alpoma","date":"4 abril 2009","format":false,"excerpt":"AVISO: El presente post corresponde a la versi\u00f3n web reducida del art\u00edculo que publiqu\u00e9 en Historia de Iberia Vieja en su edici\u00f3n del mes de abril de 2009. Esto de averiguar qui\u00e9n es el primer hombre que vol\u00f3 parece cosa complicada, ejercicio para eruditos. Por lo visto, vamos a tardar\u2026","rel":"","context":"En \u00abMade in Spain\u00bb","block_context":{"text":"Made in Spain","link":"https:\/\/alpoma.net\/tecob\/?cat=10"},"img":{"alt_text":"Asuntos nubosos","src":"https:\/\/i0.wp.com\/farm4.static.flickr.com\/3083\/2722203538_0e6300434d_m.jpg?resize=350%2C200","width":350,"height":200},"classes":[]},{"id":1006,"url":"https:\/\/alpoma.net\/tecob\/?p=1006","url_meta":{"origin":320,"position":1},"title":"\u00bfEn qu\u00e9 gastar 2.000 horas de ocioso tiempo?","author":"alpoma","date":"2 octubre 2008","format":false,"excerpt":"Esto me trae recuerdos de cuando montaba y pintaba maquetas. Claro, eran otros tiempos, nunca mejor dicho, el reloj no estaba siempre amenazando con su tic tac perpetuo, marcando el ritmo diario, me parece que fue hace siglos. En fin, esto es una maravilla en la que su autor, un\u2026","rel":"","context":"En \u00abPersonal\u00bb","block_context":{"text":"Personal","link":"https:\/\/alpoma.net\/tecob\/?cat=2"},"img":{"alt_text":"","src":"https:\/\/i0.wp.com\/alpoma.net\/tecob\/wp-content\/uploads\/2008\/10\/2907231387_44b866f532_o.jpg?resize=350%2C200&ssl=1","width":350,"height":200,"srcset":"https:\/\/i0.wp.com\/alpoma.net\/tecob\/wp-content\/uploads\/2008\/10\/2907231387_44b866f532_o.jpg?resize=350%2C200&ssl=1 1x, https:\/\/i0.wp.com\/alpoma.net\/tecob\/wp-content\/uploads\/2008\/10\/2907231387_44b866f532_o.jpg?resize=525%2C300&ssl=1 1.5x"},"classes":[]},{"id":326,"url":"https:\/\/alpoma.net\/tecob\/?p=326","url_meta":{"origin":320,"position":2},"title":"El monje volador y otros \u00abprevuelos\u00bb","author":"alpoma","date":"23 enero 2006","format":false,"excerpt":"Bien, hay quien me va a llamar pesado, pero no se preocupen, la lista de \"prevoladores\" termina, m\u00e1s o menos en este post. Ya aparecer\u00e1 alguno m\u00e1s, pero tardar\u00e1... Tras la historia de Abbas Ibn Firnas o la de Diego Mar\u00edn, habr\u00e1 quedado claro que no fueron los Hermanos Wright\u2026","rel":"","context":"En \u00abObsolescencia\u00bb","block_context":{"text":"Obsolescencia","link":"https:\/\/alpoma.net\/tecob\/?cat=3"},"img":{"alt_text":"","src":"","width":0,"height":0},"classes":[]},{"id":1053,"url":"https:\/\/alpoma.net\/tecob\/?p=1053","url_meta":{"origin":320,"position":3},"title":"Hijos de \u00cdcaro","author":"alpoma","date":"1 enero 2009","format":false,"excerpt":"Primer art\u00edculo del a\u00f1o 2009, dedicado a unos so\u00f1adores que idearon m\u00e1quinas voladoras de dudosa eficacia, pero que mostraban tal pasi\u00f3n por sus inventos que merecen ser recordados. Al igual que \u00cdcaro, el m\u00edtico hijo de D\u00e9dalo, que se acerc\u00f3 demasiado al Sol, derriti\u00e9ndose la cera que un\u00eda las plumas\u2026","rel":"","context":"En \u00abObsolescencia\u00bb","block_context":{"text":"Obsolescencia","link":"https:\/\/alpoma.net\/tecob\/?cat=3"},"img":{"alt_text":"","src":"https:\/\/i0.wp.com\/alpoma.net\/tecob\/wp-content\/uploads\/2009\/01\/3153897739_79f6dea357_o.jpg?resize=350%2C200&ssl=1","width":350,"height":200,"srcset":"https:\/\/i0.wp.com\/alpoma.net\/tecob\/wp-content\/uploads\/2009\/01\/3153897739_79f6dea357_o.jpg?resize=350%2C200&ssl=1 1x, https:\/\/i0.wp.com\/alpoma.net\/tecob\/wp-content\/uploads\/2009\/01\/3153897739_79f6dea357_o.jpg?resize=525%2C300&ssl=1 1.5x"},"classes":[]},{"id":321,"url":"https:\/\/alpoma.net\/tecob\/?p=321","url_meta":{"origin":320,"position":4},"title":"El vuelo de Abbas Ibn Firnas","author":"alpoma","date":"20 enero 2006","format":false,"excerpt":"Siguiendo la l\u00ednea del tiempo, pero como el cangrejo, buscando pioneros del vuelo casi desconocidos, mucho tiempo antes del planeo que Diego Mar\u00edn logr\u00f3 en 1793, alguien ya lo hab\u00eda \"practicado\", esta vez no se trat\u00f3 de Burgos, ahora nos trasladamos a C\u00f3rdoba, hace mucho tiempo, concretamente en el siglo\u2026","rel":"","context":"En \u00abInnovaci\u00f3n\u00bb","block_context":{"text":"Innovaci\u00f3n","link":"https:\/\/alpoma.net\/tecob\/?cat=4"},"img":{"alt_text":"","src":"","width":0,"height":0},"classes":[]},{"id":9161,"url":"https:\/\/alpoma.net\/tecob\/?p=9161","url_meta":{"origin":320,"position":5},"title":"El autogiro de Juan de la Cierva","author":"alpoma","date":"2 julio 2014","format":false,"excerpt":"Versi\u00f3n reducida del art\u00edculo que publiqu\u00e9 en la revista Historia de Iberia Vieja, edici\u00f3n de julio de 2014.Don Emilio Herrera Linares, Comandante de Ingenieros, Jefe del Laboratorio Aerodin\u00e1mico de Aeron\u00e1utica Militar, certifica que en el Aer\u00f3dromo de Cuatro Vientos, en la tarde del 31 de enero \u00faltimo, un aparato con\u2026","rel":"","context":"En \u00abMade in Spain\u00bb","block_context":{"text":"Made in Spain","link":"https:\/\/alpoma.net\/tecob\/?cat=10"},"img":{"alt_text":"","src":"https:\/\/i0.wp.com\/alpoma.net\/tecob\/wp-content\/uploads\/2014\/07\/la_cierva.jpg?resize=350%2C200&ssl=1","width":350,"height":200,"srcset":"https:\/\/i0.wp.com\/alpoma.net\/tecob\/wp-content\/uploads\/2014\/07\/la_cierva.jpg?resize=350%2C200&ssl=1 1x, https:\/\/i0.wp.com\/alpoma.net\/tecob\/wp-content\/uploads\/2014\/07\/la_cierva.jpg?resize=525%2C300&ssl=1 1.5x"},"classes":[]}],"jetpack_sharing_enabled":true,"_links":{"self":[{"href":"https:\/\/alpoma.net\/tecob\/index.php?rest_route=\/wp\/v2\/posts\/320","targetHints":{"allow":["GET"]}}],"collection":[{"href":"https:\/\/alpoma.net\/tecob\/index.php?rest_route=\/wp\/v2\/posts"}],"about":[{"href":"https:\/\/alpoma.net\/tecob\/index.php?rest_route=\/wp\/v2\/types\/post"}],"author":[{"embeddable":true,"href":"https:\/\/alpoma.net\/tecob\/index.php?rest_route=\/wp\/v2\/users\/1"}],"replies":[{"embeddable":true,"href":"https:\/\/alpoma.net\/tecob\/index.php?rest_route=%2Fwp%2Fv2%2Fcomments&post=320"}],"version-history":[{"count":0,"href":"https:\/\/alpoma.net\/tecob\/index.php?rest_route=\/wp\/v2\/posts\/320\/revisions"}],"wp:featuredmedia":[{"embeddable":true,"href":"https:\/\/alpoma.net\/tecob\/index.php?rest_route=\/wp\/v2\/media\/14769"}],"wp:attachment":[{"href":"https:\/\/alpoma.net\/tecob\/index.php?rest_route=%2Fwp%2Fv2%2Fmedia&parent=320"}],"wp:term":[{"taxonomy":"category","embeddable":true,"href":"https:\/\/alpoma.net\/tecob\/index.php?rest_route=%2Fwp%2Fv2%2Fcategories&post=320"},{"taxonomy":"post_tag","embeddable":true,"href":"https:\/\/alpoma.net\/tecob\/index.php?rest_route=%2Fwp%2Fv2%2Ftags&post=320"}],"curies":[{"name":"wp","href":"https:\/\/api.w.org\/{rel}","templated":true}]}}