{"id":3178,"date":"2010-07-22T20:30:28","date_gmt":"2010-07-22T18:30:28","guid":{"rendered":"http:\/\/www.alpoma.net\/tecob\/?p=3178"},"modified":"2010-07-22T20:30:28","modified_gmt":"2010-07-22T18:30:28","slug":"la-caida-del-chivato-gordinflon","status":"publish","type":"post","link":"https:\/\/alpoma.net\/tecob\/?p=3178","title":{"rendered":"La ca\u00edda del \u00abchivato gordinfl\u00f3n\u00bb"},"content":{"rendered":"<p>Ayer complet\u00e9 la maqueta de un libro fascinante que no dudo en recomendar a los lectores de <em>TecOb<\/em>&#8230; cuando aparezca en las librer\u00edas, claro est\u00e1. Se trata de <em><strong>Breve historia de la guerra con los Estados Unidos<\/strong><\/em><sup>1<\/sup>, obra de <strong>Miguel del Rey Vicente<\/strong> y <strong><a href=\"http:\/\/web.me.com\/ccanalestorres\/EXPERIMENTA\/Portada.html\">Carlos Canales Torres<\/a><\/strong>. Bien, \u00bfy qu\u00e9 tiene que ver esto con <em>TecOb<\/em>? Realmente el libro tiene material como para comentar durante mucho tiempo, habida cuenta que el tema central, esto es, la p\u00e9rdida de Cuba, Puerto Rico, Filipinas y otras islas del Pac\u00edfico por parte de Espa\u00f1a a manos de los Estados Unidos, ofrece mucho juego. Sin embargo, lo que invito a conocer hoy es una de esas peque\u00f1as bagatelas que tanto me encantan, <strong>la historia del primer derribo de una aeronave por parte del ej\u00e9rcito espa\u00f1ol<\/strong>. Lo que sigue es un extracto del libro, publicado aqu\u00ed con el permiso de Carlos Canales. Viajemos pues a <strong>Cuba<\/strong>, en <strong>1898<\/strong>, mientras se desarrollaba la <strong>Batalla de la colina de San Juan<\/strong>&#8230;<\/p>\n<blockquote><p><img decoding=\"async\" src=\"http:\/\/farm5.static.flickr.com\/4075\/4818299621_95676ea225_z.jpg\" alt=\"El \"chivato gordinfl\u00f3n\"\" class=\"dch\"\/>El avance norteamericano era lamentable. Amontonados en un terreno dif\u00edcil, lleno de espesa vegetaci\u00f3n y sin espacio para maniobrar, las unidades atacantes no pod\u00edan apenas moverse. Todo el camino estaba lleno de casas y mansiones para el recreo de los burgueses adinerados de Santiago que el ej\u00e9rcito espa\u00f1ol hab\u00eda fortificado, cubriendo los espacios intermedios con alambradas, trincheras y parapetos de troncos. Nada m\u00e1s ponerse en marcha, decenas de norteamericanos fueron abatidos por los certeros disparos de la infanter\u00eda espa\u00f1ola. Pero eso no era todo, hasta la torpeza de sus mandos facilitaba a los defensores conocer la posici\u00f3n exacta de sus posiciones. A las 9:30 hab\u00edan lanzado un globo cautivo de color amarillento, conocido como el \u00abchivato gordinfl\u00f3n\u00bb, para poder reconocer las posiciones de las tropas de Linares. El globo no sirvi\u00f3 m\u00e1s que para dos cosas: para que el ej\u00e9rcito espa\u00f1ol, la artiller\u00eda en concreto, se anotase el primer derribo de nuestra historia sobre una aeronave enemiga y descubrir la ruta de avance de las tropas americanas, lo que motiv\u00f3 que la artiller\u00eda espa\u00f1ola y las avanzadas de infanter\u00eda comenzasen a concentrar sus disparos sobre el lugar en el que se encontraba el globo. Los soldados norteamericanos encajonados en el estrecho sendero comenzaron a caer heridos o muertos sin poder responder de forma eficaz al fuego. El globo se fue desinflando lentamente y cay\u00f3 a tierra en medio de la algarab\u00eda y v\u00edtores de los soldados espa\u00f1oles. Respecto a los soldados norteamericanos los intensos disparos con casi total impunidad de los<em> mauser<\/em> espa\u00f1oles les causaron cerca de 400 bajas y decenas de uniformes azules ensangrentados comenzaron a cubrir el campo de batalla&#8230;<\/p><\/blockquote>\n<p>Sirva como curiosidad adicional apuntar que el segundo derribo de otra aeronave extranjera por parte del ej\u00e9rcito espa\u00f1ol tambi\u00e9n fue sobre un aparato de los Estados Unidos, a principios de <strong>1943<\/strong>, cuando el teniente Miguel Entrena Klett, a los mandos de un <em>Heinkel 112B<strong><\/strong><\/em> abati\u00f3 a todo un<em> P-38 Lightning<\/em> del <em>US Army Air Force<\/em>.<\/p>\n<p><strong>V\u00e9ase sobre este \u00faltimo caso<\/strong>: <a href=\"http:\/\/www.carloscanales.com\/articulos\/carlos_c\/03_muluya.pdf\">El combate a\u00e9reo del R\u00edo Muluya, por Carlos Canales<\/a>. (Documento PDF).<\/p>\n<p>______________<br \/>\n<sup>1<\/sup> El libro aparecer\u00e1 en la colecci\u00f3n <em><a href=\"http:\/\/www.brevehistoria.com\/\">Breve Historia<\/a><\/em> de <em><strong>Ediciones Nowtilus<\/strong><\/em>.<\/p>\n","protected":false},"excerpt":{"rendered":"<div class=\"mh-excerpt\"><p>Ayer complet\u00e9 la maqueta de un libro fascinante que no dudo en recomendar a los lectores de TecOb&#8230; cuando aparezca en las librer\u00edas, claro est\u00e1. Se trata de Breve historia <a class=\"mh-excerpt-more\" href=\"https:\/\/alpoma.net\/tecob\/?p=3178\" title=\"La ca\u00edda del \u00abchivato gordinfl\u00f3n\u00bb\">[&#8230;]<\/a><\/p>\n<\/div>","protected":false},"author":1,"featured_media":10784,"comment_status":"open","ping_status":"open","sticky":false,"template":"","format":"standard","meta":{"jetpack_post_was_ever_published":false,"_jetpack_newsletter_access":"","_jetpack_dont_email_post_to_subs":false,"_jetpack_newsletter_tier_id":0,"_jetpack_memberships_contains_paywalled_content":false,"_jetpack_memberships_contains_paid_content":false,"footnotes":""},"categories":[10],"tags":[],"class_list":["post-3178","post","type-post","status-publish","format-standard","has-post-thumbnail","hentry","category-made_in_spain"],"jetpack_featured_media_url":"https:\/\/alpoma.net\/tecob\/wp-content\/uploads\/2010\/07\/4818299621_95676ea225_z.jpg","jetpack_shortlink":"https:\/\/wp.me\/p93Dc1-Pg","jetpack-related-posts":[{"id":8464,"url":"https:\/\/alpoma.net\/tecob\/?p=8464","url_meta":{"origin":3178,"position":0},"title":"La Historia Historia L\u00f3gico-Natural de J. J. Merelo, el mundo que bien pudo ser","author":"alpoma","date":"1 septiembre 2013","format":false,"excerpt":"Acabo de terminar de leer un libro que, a falta de m\u00e1s tiempo disponible, he tenido que ir disfrutando en ratos perdidos a lo largo de la \u00faltima semana. Ha sido una pena, porque merece ser le\u00eddo de una vez, porque el efecto que genera es algo as\u00ed como sentirse\u2026","rel":"","context":"En \u00abMade in Spain\u00bb","block_context":{"text":"Made in Spain","link":"https:\/\/alpoma.net\/tecob\/?cat=10"},"img":{"alt_text":"portada_jjmerelo","src":"https:\/\/i0.wp.com\/www.alpoma.net\/tecob\/wp-content\/uploads\/2013\/09\/portada_jjmerelo-204x300.jpg?resize=350%2C200","width":350,"height":200},"classes":[]},{"id":7944,"url":"https:\/\/alpoma.net\/tecob\/?p=7944","url_meta":{"origin":3178,"position":1},"title":"[Libro] La aventura tecnol\u00f3gica","author":"alpoma","date":"10 marzo 2013","format":false,"excerpt":"He tenido la fortuna de que Cognitio Books me enviara el acceso a la versi\u00f3n eBook de este libro (tambi\u00e9n est\u00e1 disponible en papel) y he de decir que ha sido todo un acierto por su parte. Lo ha sido porque, despu\u00e9s de leerlo, me ha dejado una agradable sensaci\u00f3n.\u2026","rel":"","context":"En \u00abGeneral\u00bb","block_context":{"text":"General","link":"https:\/\/alpoma.net\/tecob\/?cat=1"},"img":{"alt_text":"portada_aventura_tecnologica","src":"https:\/\/i0.wp.com\/www.alpoma.net\/tecob\/wp-content\/uploads\/2013\/03\/portada_aventura_tecnologica.jpg?resize=350%2C200","width":350,"height":200},"classes":[]},{"id":764,"url":"https:\/\/alpoma.net\/tecob\/?p=764","url_meta":{"origin":3178,"position":2},"title":"\u00bfDoncellas de hierro?","author":"alpoma","date":"24 agosto 2007","format":false,"excerpt":"Llevo unos d\u00edas maquetando un grueso libro que, al parecer, trata de asuntos esot\u00e9rico-medievales. Normalmente, cuando se maqueta, no te lees el libro, faltar\u00eda m\u00e1s. Eso tiene sus ventajas porque, por lo general, lo que sale al mercado editorial hoy d\u00eda es como para caerse de espaldas, sobre todo por\u2026","rel":"","context":"En \u00abGeneral\u00bb","block_context":{"text":"General","link":"https:\/\/alpoma.net\/tecob\/?cat=1"},"img":{"alt_text":"","src":"https:\/\/i0.wp.com\/alpoma.net\/tecob\/wp-content\/uploads\/2007\/08\/1225697506_3218586f18_o.jpg?resize=350%2C200&ssl=1","width":350,"height":200},"classes":[]},{"id":7490,"url":"https:\/\/alpoma.net\/tecob\/?p=7490","url_meta":{"origin":3178,"position":3},"title":"De Joseph Priestley a John B. Spark, dos visiones del tiempo y el espacio","author":"alpoma","date":"11 noviembre 2012","format":false,"excerpt":"La forma de entender el mundo en diversas culturas tiene mucho que ver con c\u00f3mo se representa el tiempo y el espacio de forma visual. Naturalmente, esas formas de crear representaciones de la realidad son muy diversas y han cambiado a lo largo del tiempo, por lo que a alguien\u2026","rel":"","context":"En \u00abObsolescencia\u00bb","block_context":{"text":"Obsolescencia","link":"https:\/\/alpoma.net\/tecob\/?cat=3"},"img":{"alt_text":"","src":"https:\/\/i0.wp.com\/alpoma.net\/tecob\/wp-content\/uploads\/2012\/11\/priestley_pq.jpg?resize=350%2C200&ssl=1","width":350,"height":200,"srcset":"https:\/\/i0.wp.com\/alpoma.net\/tecob\/wp-content\/uploads\/2012\/11\/priestley_pq.jpg?resize=350%2C200&ssl=1 1x, https:\/\/i0.wp.com\/alpoma.net\/tecob\/wp-content\/uploads\/2012\/11\/priestley_pq.jpg?resize=525%2C300&ssl=1 1.5x"},"classes":[]},{"id":560,"url":"https:\/\/alpoma.net\/tecob\/?p=560","url_meta":{"origin":3178,"position":4},"title":"Breves reflexiones sobre Fundaci\u00f3n","author":"alpoma","date":"7 agosto 2006","format":false,"excerpt":"Anoche rele\u00ed el primero de los libros de la trilog\u00eda original de la Fundaci\u00f3n de Asimov. En la primera p\u00e1gina, esquina inferior derecha, con lapicera pero ya casi borrado, hab\u00eda escrito la fecha de compra del libro y, por tanto, la que fue mi primera lectura del mismo. No he\u2026","rel":"","context":"En \u00abPersonal\u00bb","block_context":{"text":"Personal","link":"https:\/\/alpoma.net\/tecob\/?cat=2"},"img":{"alt_text":"Seldon","src":"https:\/\/i0.wp.com\/static.flickr.com\/97\/209262385_2868914b50_o.jpg?resize=350%2C200","width":350,"height":200},"classes":[]},{"id":953,"url":"https:\/\/alpoma.net\/tecob\/?p=953","url_meta":{"origin":3178,"position":5},"title":"Peter Connolly","author":"alpoma","date":"6 agosto 2008","format":false,"excerpt":"Esta tarde he vuelto a tener en mis manos uno de mis libros favoritos de siempre. Se trata de Las legiones romanas, editado por Espasa-Calpe en 1986, obra de Peter Connolly. El pobre tiene algunas hojas descosidas y la dura cubierta mellada en todas sus esquinas. Esto es lo que\u2026","rel":"","context":"En \u00abPersonal\u00bb","block_context":{"text":"Personal","link":"https:\/\/alpoma.net\/tecob\/?cat=2"},"img":{"alt_text":"","src":"https:\/\/i0.wp.com\/alpoma.net\/tecob\/wp-content\/uploads\/2008\/08\/2738361835_ed9ee6c5e0_o.jpg?resize=350%2C200&ssl=1","width":350,"height":200,"srcset":"https:\/\/i0.wp.com\/alpoma.net\/tecob\/wp-content\/uploads\/2008\/08\/2738361835_ed9ee6c5e0_o.jpg?resize=350%2C200&ssl=1 1x, https:\/\/i0.wp.com\/alpoma.net\/tecob\/wp-content\/uploads\/2008\/08\/2738361835_ed9ee6c5e0_o.jpg?resize=525%2C300&ssl=1 1.5x"},"classes":[]}],"jetpack_sharing_enabled":true,"_links":{"self":[{"href":"https:\/\/alpoma.net\/tecob\/index.php?rest_route=\/wp\/v2\/posts\/3178","targetHints":{"allow":["GET"]}}],"collection":[{"href":"https:\/\/alpoma.net\/tecob\/index.php?rest_route=\/wp\/v2\/posts"}],"about":[{"href":"https:\/\/alpoma.net\/tecob\/index.php?rest_route=\/wp\/v2\/types\/post"}],"author":[{"embeddable":true,"href":"https:\/\/alpoma.net\/tecob\/index.php?rest_route=\/wp\/v2\/users\/1"}],"replies":[{"embeddable":true,"href":"https:\/\/alpoma.net\/tecob\/index.php?rest_route=%2Fwp%2Fv2%2Fcomments&post=3178"}],"version-history":[{"count":0,"href":"https:\/\/alpoma.net\/tecob\/index.php?rest_route=\/wp\/v2\/posts\/3178\/revisions"}],"wp:featuredmedia":[{"embeddable":true,"href":"https:\/\/alpoma.net\/tecob\/index.php?rest_route=\/wp\/v2\/media\/10784"}],"wp:attachment":[{"href":"https:\/\/alpoma.net\/tecob\/index.php?rest_route=%2Fwp%2Fv2%2Fmedia&parent=3178"}],"wp:term":[{"taxonomy":"category","embeddable":true,"href":"https:\/\/alpoma.net\/tecob\/index.php?rest_route=%2Fwp%2Fv2%2Fcategories&post=3178"},{"taxonomy":"post_tag","embeddable":true,"href":"https:\/\/alpoma.net\/tecob\/index.php?rest_route=%2Fwp%2Fv2%2Ftags&post=3178"}],"curies":[{"name":"wp","href":"https:\/\/api.w.org\/{rel}","templated":true}]}}