{"id":3138,"date":"2010-07-17T19:59:40","date_gmt":"2010-07-17T17:59:40","guid":{"rendered":"http:\/\/www.alpoma.net\/tecob\/?p=3138"},"modified":"2010-07-17T19:59:40","modified_gmt":"2010-07-17T17:59:40","slug":"emile-cohl-y-la-primera-pelicula-de-dibujos-animados","status":"publish","type":"post","link":"https:\/\/alpoma.net\/tecob\/?p=3138","title":{"rendered":"\u00c9mile Cohl y la primera pel\u00edcula de dibujos animados"},"content":{"rendered":"<p><img decoding=\"async\" src=\"http:\/\/farm5.static.flickr.com\/4137\/4801702331_d62aa51394_o.jpg\" alt=\"img\" class=\"dch\"\/>Hoy es un personaje casi olvidado. Si acaso, encuentra acomodo en la esquina de alguna enciclopedia o disfrute en las p\u00e1ginas de un libro escrito por alguno de sus admiradores y, sin embargo, durante una corta pero intensa \u00e9poca, fue considerado todo un genio. <strong>\u00c9mile Cohl <\/strong>falleci\u00f3 a principios de 1938 en un hospital de Par\u00eds pr\u00e1cticamente arruinado y olvidado, un triste final para quien es considerado como el <strong>padre de los dibujos animados<\/strong><sup>1<\/sup>. Cohl, seud\u00f3nimo art\u00edstico que tom\u00f3 Eug\u00e8ne Jean Louis Courtet, nacido en 1857, cuando decidi\u00f3 dedicarse al dibujo y la caricatura tras pasar a ser aprendiz del gran dibujante <strong>Andr\u00e9 Gill<\/strong>, abandonando de paso el taller de joyer\u00eda en el que trabajaba, siempre estaba experimentando con nuevas t\u00e9cnicas. No tard\u00f3 mucho en sentir fascinanci\u00f3n por el incipiente mundo del cine y, c\u00f3mo no, se pregunt\u00f3 qu\u00e9 suceder\u00eda si se un\u00eda<em> fotograf\u00eda en movimiento<\/em> con caricaturas. A lo largo de su carrera estren\u00f3 muchas pel\u00edculas de dibujos animados, con gran \u00e9xito, pero sin duda una de ellas es recordada especialmente. <em><strong>Fantasmagorie<\/strong><\/em>, la primera pel\u00edcula de dibujos animados de la historia, estrenada el 17 de agosto de <strong>1908<\/strong> en Par\u00eds, fue todo un acontecimiento. No llega a los dos minutos de duraci\u00f3n y, sin embargo, quienes asistieron por primera vez a su proyecci\u00f3n, quedaron impresionados al ver los dibujos de Cohl moverse libremente en el espacio. Son 36 metros de pel\u00edcula que cambiaron la historia y alumbraron el camino para muchos otros dibujantes que, a partir de entonces, so\u00f1aron con realizar grandes pel\u00edculas de dibujos animados. He aqu\u00ed esta peque\u00f1a joya, <em>Fantasmagorie<\/em>.<\/p>\n<p><object width=\"620\" height=\"485\"><param name=\"movie\" value=\"http:\/\/www.youtube.com\/v\/aEAObel8yIE&amp;hl=es_ES&amp;fs=1\"><\/param><param name=\"allowFullScreen\" value=\"true\"><\/param><param name=\"allowscriptaccess\" value=\"always\"><\/param><\/object><\/p>\n<p><strong>M\u00e1s informaci\u00f3n<\/strong>:<\/p>\n<ul>\n<li><a href=\"http:\/\/www.emilecohl.com\/\">Sitio oficial <\/a>(Flash).<\/li>\n<li><a href=\"http:\/\/en.wikipedia.org\/wiki\/%C3%89mile_Cohl\">Art\u00edculo en la Wikipedia<\/a> (en ingl\u00e9s).<\/li>\n<li><a href=\"http:\/\/www.quintadimension.com\/televicio\/index.php?id=104\">El legado de Emile Cohl<\/a>.<\/li>\n<\/ul>\n<p>____________<br \/>\n<sup>1<\/sup> N\u00f3tese aqu\u00ed una apreciaci\u00f3n de importancia. Me estoy refiriendo a <strong>dibujos animados cinematogr\u00e1ficos<\/strong>, esto es, pensados y realizados para el cine y grabados con t\u00e9cnicas fotogr\u00e1ficas. Anteriormente ya exist\u00edan muchos modelos de m\u00e1quinas y t\u00e9cnicas para animar im\u00e1genes de forma mec\u00e1nica, a modo <em>flipbook<\/em> sobre todo, pero Cohl fue el primero en concebir una verdadera pel\u00edcula de dibujos animados. Eso s\u00ed, poco antes otros dos pioneros realizaron experimentos en el buen camino. El espa\u00f1ol <strong>Segundo de Chom\u00f3n<\/strong>, rod\u00f3 en 1902 todo un<em> choque de trenes<\/em>, eso s\u00ed, empleando peque\u00f1as maquetas. Poco despu\u00e9s, en 1906, el estadounidense James Stuart Blackton llev\u00f3 a cabo la grabaci\u00f3n de un peque\u00f1o experimento con dibujos de tiza. <\/p>\n","protected":false},"excerpt":{"rendered":"<div class=\"mh-excerpt\"><p>Hoy es un personaje casi olvidado. Si acaso, encuentra acomodo en la esquina de alguna enciclopedia o disfrute en las p\u00e1ginas de un libro escrito por alguno de sus admiradores <a class=\"mh-excerpt-more\" href=\"https:\/\/alpoma.net\/tecob\/?p=3138\" title=\"\u00c9mile Cohl y la primera pel\u00edcula de dibujos animados\">[&#8230;]<\/a><\/p>\n<\/div>","protected":false},"author":1,"featured_media":10428,"comment_status":"open","ping_status":"open","sticky":false,"template":"","format":"standard","meta":{"jetpack_post_was_ever_published":false,"_jetpack_newsletter_access":"","_jetpack_dont_email_post_to_subs":false,"_jetpack_newsletter_tier_id":0,"_jetpack_memberships_contains_paywalled_content":false,"_jetpack_memberships_contains_paid_content":false,"footnotes":""},"categories":[3],"tags":[],"class_list":["post-3138","post","type-post","status-publish","format-standard","has-post-thumbnail","hentry","category-obsolescencia"],"jetpack_featured_media_url":"https:\/\/alpoma.net\/tecob\/wp-content\/uploads\/2010\/07\/4801702331_d62aa51394_o.jpg","jetpack_shortlink":"https:\/\/wp.me\/p93Dc1-OC","jetpack-related-posts":[{"id":5407,"url":"https:\/\/alpoma.net\/tecob\/?p=5407","url_meta":{"origin":3138,"position":0},"title":"Gertie y el nacimiento de los dibujos animados","author":"alpoma","date":"1 octubre 2011","format":false,"excerpt":"El a\u00f1o pasado visit\u00f3 TecOb el padre de los dibujos animados, \u00c9mile Cohl, con su obra de 1908 titulada Fantasmagorie. Hoy toca avanzar un poco en aquella historia para conocer a un dinosaurio singular que marc\u00f3 a varias generaciones de autores de dibujos animados. Se trata de Gertie The Dinosaur,\u2026","rel":"","context":"En \u00abObsolescencia\u00bb","block_context":{"text":"Obsolescencia","link":"https:\/\/alpoma.net\/tecob\/?cat=3"},"img":{"alt_text":"","src":"","width":0,"height":0},"classes":[]},{"id":14943,"url":"https:\/\/alpoma.net\/tecob\/?p=14943","url_meta":{"origin":3138,"position":1},"title":"Physics Atlas 1889, mi nuevo proyecto en Kickstarter","author":"alpoma","date":"1 febrero 2020","format":false,"excerpt":"Lo publiqu\u00e9 ayer, y en principio marcha bastante bien. S\u00ed, es mi nuevo proyecto en Kickstarter, pero en esta ocasi\u00f3n es muy diferente a mis proyectos \"cl\u00e1sicos\" sobre mapas. En mi biblioteca guardo multitud de libros sobre ciencia, algunos muy antiguos. Varios de esos libros son realmente preciosos, verdaderas joyas\u2026","rel":"","context":"En \u00abPersonal\u00bb","block_context":{"text":"Personal","link":"https:\/\/alpoma.net\/tecob\/?cat=2"},"img":{"alt_text":"","src":"https:\/\/i0.wp.com\/alpoma.net\/tecob\/wp-content\/uploads\/2020\/02\/COVER-scaled.jpg?resize=350%2C200&ssl=1","width":350,"height":200,"srcset":"https:\/\/i0.wp.com\/alpoma.net\/tecob\/wp-content\/uploads\/2020\/02\/COVER-scaled.jpg?resize=350%2C200&ssl=1 1x, https:\/\/i0.wp.com\/alpoma.net\/tecob\/wp-content\/uploads\/2020\/02\/COVER-scaled.jpg?resize=525%2C300&ssl=1 1.5x, https:\/\/i0.wp.com\/alpoma.net\/tecob\/wp-content\/uploads\/2020\/02\/COVER-scaled.jpg?resize=700%2C400&ssl=1 2x, https:\/\/i0.wp.com\/alpoma.net\/tecob\/wp-content\/uploads\/2020\/02\/COVER-scaled.jpg?resize=1050%2C600&ssl=1 3x, https:\/\/i0.wp.com\/alpoma.net\/tecob\/wp-content\/uploads\/2020\/02\/COVER-scaled.jpg?resize=1400%2C800&ssl=1 4x"},"classes":[]},{"id":794,"url":"https:\/\/alpoma.net\/tecob\/?p=794","url_meta":{"origin":3138,"position":2},"title":"Plauson y la electricidad \u00abest\u00e1tica\u00bb","author":"alpoma","date":"23 octubre 2007","format":false,"excerpt":"La \u00e9poca en que Tesla y Edison se hallaban en un momento de gloria, cuando la electr\u00f3nica nac\u00eda y la ciencia ficci\u00f3n estaba en pa\u00f1ales, antes de que la bomba at\u00f3mica borrara de golpe las ingenuas enso\u00f1aciones que muchos ten\u00edan sobre el futuro, fue tambi\u00e9n la \u00e9poca dorada de publicaciones\u2026","rel":"","context":"En \u00abObsolescencia\u00bb","block_context":{"text":"Obsolescencia","link":"https:\/\/alpoma.net\/tecob\/?cat=3"},"img":{"alt_text":"","src":"https:\/\/i0.wp.com\/alpoma.net\/tecob\/wp-content\/uploads\/2007\/10\/1714034411_1a4a17e6fa_o.jpg?resize=350%2C200&ssl=1","width":350,"height":200},"classes":[]},{"id":1159,"url":"https:\/\/alpoma.net\/tecob\/?p=1159","url_meta":{"origin":3138,"position":3},"title":"El \u00faltimo dodo","author":"alpoma","date":"2 julio 2009","format":false,"excerpt":"Dentro de unos d\u00edas ser\u00e1 subastado en Christie's, por una considerable cantidad de dinero, un dibujo del siglo XVII que est\u00e1 considerado como la \u00faltima representaci\u00f3n gr\u00e1fica tomada de un dodo vivo, antes de que su especie se extinguiera por completo. Dicho dibujo, que ilustra este post, pertenece a un\u2026","rel":"","context":"En \u00abGeo\u00bb","block_context":{"text":"Geo","link":"https:\/\/alpoma.net\/tecob\/?cat=5"},"img":{"alt_text":"","src":"https:\/\/i0.wp.com\/alpoma.net\/tecob\/wp-content\/uploads\/2009\/07\/3681480772_6681c5fac8_o.jpg?resize=350%2C200&ssl=1","width":350,"height":200,"srcset":"https:\/\/i0.wp.com\/alpoma.net\/tecob\/wp-content\/uploads\/2009\/07\/3681480772_6681c5fac8_o.jpg?resize=350%2C200&ssl=1 1x, https:\/\/i0.wp.com\/alpoma.net\/tecob\/wp-content\/uploads\/2009\/07\/3681480772_6681c5fac8_o.jpg?resize=525%2C300&ssl=1 1.5x"},"classes":[]},{"id":652,"url":"https:\/\/alpoma.net\/tecob\/?p=652","url_meta":{"origin":3138,"position":4},"title":"El cronofot\u00f3grafo","author":"alpoma","date":"7 enero 2007","format":false,"excerpt":"No tiene nada que ver con el ficticio cronovisor -que ya visit\u00f3 TecOb hace mucho- pero, como la propia palabra indica, el tema va del tiempo y su captura en forma de fotograf\u00eda. Hace unos d\u00edas los amigos kircherianos recuperaron de las brumas de la memoria, muy brevemente, a uno\u2026","rel":"","context":"En \u00abObsolescencia\u00bb","block_context":{"text":"Obsolescencia","link":"https:\/\/alpoma.net\/tecob\/?cat=3"},"img":{"alt_text":"","src":"https:\/\/i0.wp.com\/alpoma.net\/tecob\/wp-content\/uploads\/2007\/01\/349218674_48c5db7572.jpg?resize=350%2C200&ssl=1","width":350,"height":200},"classes":[]},{"id":55,"url":"https:\/\/alpoma.net\/tecob\/?p=55","url_meta":{"origin":3138,"position":5},"title":"El Anacron\u00f3pete","author":"alpoma","date":"11 octubre 2005","format":false,"excerpt":"Versi\u00f3n actualizada de este art\u00edculo. Existe un casi olvidado pero delicioso libro sobre viajes en el tiempo que, adem\u00e1s de ser un pionero y haberse adelantado a H.G. Wells, fue gestado por dos espa\u00f1oles. El Anacron\u00f3pete, tal es el t\u00edtulo de esta obra, vio la luz en 1887, una genial\u2026","rel":"","context":"En \u00abMade in Spain\u00bb","block_context":{"text":"Made in Spain","link":"https:\/\/alpoma.net\/tecob\/?cat=10"},"img":{"alt_text":"","src":"https:\/\/i0.wp.com\/alpoma.net\/tecob\/wp-content\/uploads\/2005\/10\/bh64w5-256x300.jpg?resize=350%2C200&ssl=1","width":350,"height":200},"classes":[]}],"jetpack_sharing_enabled":true,"_links":{"self":[{"href":"https:\/\/alpoma.net\/tecob\/index.php?rest_route=\/wp\/v2\/posts\/3138","targetHints":{"allow":["GET"]}}],"collection":[{"href":"https:\/\/alpoma.net\/tecob\/index.php?rest_route=\/wp\/v2\/posts"}],"about":[{"href":"https:\/\/alpoma.net\/tecob\/index.php?rest_route=\/wp\/v2\/types\/post"}],"author":[{"embeddable":true,"href":"https:\/\/alpoma.net\/tecob\/index.php?rest_route=\/wp\/v2\/users\/1"}],"replies":[{"embeddable":true,"href":"https:\/\/alpoma.net\/tecob\/index.php?rest_route=%2Fwp%2Fv2%2Fcomments&post=3138"}],"version-history":[{"count":0,"href":"https:\/\/alpoma.net\/tecob\/index.php?rest_route=\/wp\/v2\/posts\/3138\/revisions"}],"wp:featuredmedia":[{"embeddable":true,"href":"https:\/\/alpoma.net\/tecob\/index.php?rest_route=\/wp\/v2\/media\/10428"}],"wp:attachment":[{"href":"https:\/\/alpoma.net\/tecob\/index.php?rest_route=%2Fwp%2Fv2%2Fmedia&parent=3138"}],"wp:term":[{"taxonomy":"category","embeddable":true,"href":"https:\/\/alpoma.net\/tecob\/index.php?rest_route=%2Fwp%2Fv2%2Fcategories&post=3138"},{"taxonomy":"post_tag","embeddable":true,"href":"https:\/\/alpoma.net\/tecob\/index.php?rest_route=%2Fwp%2Fv2%2Ftags&post=3138"}],"curies":[{"name":"wp","href":"https:\/\/api.w.org\/{rel}","templated":true}]}}