{"id":311,"date":"2006-01-11T20:36:01","date_gmt":"2006-01-11T18:36:01","guid":{"rendered":"http:\/\/www.alpoma.net\/tecob\/?p=311"},"modified":"2019-10-10T16:54:56","modified_gmt":"2019-10-10T14:54:56","slug":"cosme-garcia-otro-genio-olvidado","status":"publish","type":"post","link":"https:\/\/alpoma.net\/tecob\/?p=311","title":{"rendered":"Cosme Garc\u00eda, otro genio olvidado"},"content":{"rendered":"<p><img decoding=\"async\" src=\"wp-content\/cosme_861.jpg\" alt=\"Cosme Garc\u00eda\" class=\"izda\"\/>A poco que se busque en la historia de la ciencia y la tecnolog\u00eda, sobre todo en la espa\u00f1ola, aparecen brillantes diamantes olvidados casi por completo. Gracias a los datos que me envi\u00f3 recientemente un lector de este blog, hoy nos visita Don Cosme Garc\u00eda. Vale, dicho as\u00ed, a la primera no parece sonar de nada \u00bfno? Lo malo es que ni a la segunda ni a la tercera&#8230;<\/p>\n<p>El tal Cosme, nacido en Logro\u00f1o all\u00e1 por 1818, era todo un \u00abmanitas\u00bb muy inquieto. Desde muy peque\u00f1o se dedic\u00f3 a realizar todo tipo de artilugios, trabaj\u00f3 como \u00abguitarrero\u00bb, fue militar, amante de la caza&#8230; \u00a1y consigui\u00f3 en 1859 un privilegio de invenci\u00f3n, o sea una patente, sobre un barco capaz de navegar bajo las aguas! En efecto, se trataba de un submarino, lo malo es que hoy la historia de la tecnolog\u00eda mundial no se acuerda de Cosme como precursor de la flota submarina.<\/p>\n<p>Trabaj\u00f3 durante muchos a\u00f1os como funcionario p\u00fablico en Madrid, dedicado, entre otras cosas, a mantener en perfecto estado la m\u00e1quina fechadora de sellos de su invenci\u00f3n. Pero no se qued\u00f3 en eso, en su cabeza hab\u00eda ideas para otras mil m\u00e1quinas, as\u00ed que no hab\u00eda tiempo que perder. Eso s\u00ed, entre planos y tornillos no le falt\u00f3 tiempo para invertir en la construcci\u00f3n y para los l\u00edos de faldas. Parece ser que abandon\u00f3 a su mujer e hijos para largarse con la sirvienta. Tanta actividad, en todos los sentidos, hizo que su luz brillara muy intensamente, tanto que falleci\u00f3 prematuramente, a la edad de 56 a\u00f1os. Su esquela nos cuenta&#8230;<\/p>\n<blockquote><p><em>Don Cosme Garc\u00eda y S\u00e1enz, inventor del primer barco para la navegaci\u00f3n submarina por los a\u00f1os del 59 y 60. Privilegio de fecha 16 de Noviembre de 1859, seg\u00fan consta en acta notarial fecha 6 de Agosto de 1860 en Alicante&#8230;<\/em><\/p><\/blockquote>\n<p>Con las patentes de sus primeros inventos consigui\u00f3 alg\u00fan dinero, que emple\u00f3 en sus siguientes artilugios. Aquellas primeras m\u00e1quinas comprend\u00edan un sistema de impresi\u00f3n tipogr\u00e1fica, que tuvo poco \u00e9xito y la ya citada \u00abm\u00e1quina de timbre en tinta\u00bb que result\u00f3 todo un \u00e9xito. Tanto es as\u00ed que, durante los siguientes veinte a\u00f1os desde su patente, Cosme consigui\u00f3 contrato con Correos para su explotaci\u00f3n. <\/p>\n<p>Como apasionado de la caza, tambi\u00e9n patent\u00f3 diversos tipos de armas de fuego, siempre buscando sistemas \u00abde repetici\u00f3n\u00bb, su gran sue\u00f1o en este campo tecnol\u00f3gico. No se puede decir que sus patentes de armas fueran un \u00e9xito, en Espa\u00f1a casi nadie se interes\u00f3 por ellas. <\/p>\n<p>Como la m\u00e1quina de sellar le daba buen rendimiento econ\u00f3mico, Cosme pas\u00f3 a invertir en su m\u00e1s descabellado invento. Al final result\u00f3 que no era mala idea. En total, construy\u00f3 dos prototipos de submarino. El primero de ellos no era m\u00e1s que una especie de cilindro met\u00e1lico de unos tres metros de eslora. Lograba sumergirse a trav\u00e9s de la inundaci\u00f3n de varios dep\u00f3sitos localizados en los costados del \u00abbarco\u00bb. La propulsi\u00f3n se lograba con remos. En verdad, aquella cosa no funcion\u00f3 muy bien el d\u00eda de la prueba en Barcelona.<\/p>\n<p>M\u00e1s tarde, encarg\u00f3 la construcci\u00f3n de un segundo modelo, a la Maquinista Terrestre y Mar\u00edtima de Barcelona, que ya hab\u00eda montado el primero. Al igual que har\u00eda dos a\u00f1os despu\u00e9s Monturiol con su <em>Ictineo<\/em> esta segunda m\u00e1quina se prob\u00f3 en Alicante, en el verano de 1859, siendo tripulado por varios de los hijos de Cosme. El \u00abaparato-buzo\u00bb, como fue denominado, ten\u00eda casi seis metros de eslora, cierre herm\u00e9tico, remos de giro y una h\u00e9lice, adem\u00e1s de dep\u00f3sitos de lastre. Esta vez las pruebas, controladas notarialmente tal y como exig\u00eda la ley de Privilegios, fueron todo un \u00e9xito pero, sin embargo, nadie hizo caso de tan extra\u00f1o   \u00abchisme\u00bb. Lamentablemente el submarino de Cosme Garc\u00eda fue olvidado, tras ser hundido en el lugar de la prueba por un hijo de Cosme, al no encontrar ning\u00fan apoyo oficial para continuar la aventura&#8230;<\/p>\n<p>Eso s\u00ed, muchas d\u00e9cadas m\u00e1s tarde, en 1917, la Armada Espa\u00f1ola bautiz\u00f3 como <em><a href=\"http:\/\/www.submarinos.net\/unidades.php?idSubmarino=6\">Cosme Garc\u00eda A2<\/a><\/em> a unos de sus submarinos. En 1972 el submarino estadounidense <em>USS Bang<\/em>, cedido a la Armada, fue tambi\u00e9n llamado <em><a href=\"http:\/\/www.submarinos.net\/unidades.php?idSubmarino=30\">Cosme Garc\u00eda<\/a><\/em>, esta vez con el numeral S-34.<\/p>\n<p><strong>M\u00e1s informaci\u00f3n<\/strong>: <a href=\"http:\/\/www.cosmegarcia.com\/vida_cosme\/submari.htm\">IES Cosme Garc\u00eda<\/a><\/p>\n<p><strong>Referencia bibliogr\u00e1fica<\/strong>:<br \/>\n&#8211;> <strong><a href=\"http:\/\/www.mcu.es\/cgi-bin\/BRSCGI3701?CMD=VERLST&#038;BASE=ISBN&#038;CONF=AEISPA.cnf&#038;OPDEF=AND&#038;DOCS=1-10&#038;SEPARADOR=&#038;WGEN-C=&#038;WISB-C=&#038;WAUT-C=&#038;WTIT-C=cosme+garc%EDa&#038;WMAT-C=&#038;WEDI-C=&#038;WFEP-C=&#038;%40T353-GE=&#038;%40T353-LE=&#038;WSER-C=&#038;WLUG-C=&#038;WDIS-C=DISPONIBLE&#038;WLEN-C=&#038;WCLA-C=&#038;WSOP-C=\">Cosme Garc\u00eda, un genio olvidado<\/a>.<\/strong> Obra de Agust\u00edn R. Rodr\u00edguez Gonz\u00e1lez.<\/p>\n","protected":false},"excerpt":{"rendered":"<div class=\"mh-excerpt\"><p>A poco que se busque en la historia de la ciencia y la tecnolog\u00eda, sobre todo en la espa\u00f1ola, aparecen brillantes diamantes olvidados casi por completo. Gracias a los datos <a class=\"mh-excerpt-more\" href=\"https:\/\/alpoma.net\/tecob\/?p=311\" title=\"Cosme Garc\u00eda, otro genio olvidado\">[&#8230;]<\/a><\/p>\n<\/div>","protected":false},"author":1,"featured_media":14779,"comment_status":"closed","ping_status":"closed","sticky":false,"template":"","format":"standard","meta":{"jetpack_post_was_ever_published":false,"_jetpack_newsletter_access":"","_jetpack_dont_email_post_to_subs":false,"_jetpack_newsletter_tier_id":0,"_jetpack_memberships_contains_paywalled_content":false,"_jetpack_memberships_contains_paid_content":false,"footnotes":""},"categories":[3],"tags":[],"class_list":["post-311","post","type-post","status-publish","format-standard","has-post-thumbnail","hentry","category-obsolescencia"],"jetpack_featured_media_url":"https:\/\/alpoma.net\/tecob\/wp-content\/uploads\/2006\/01\/cosme_861.jpg","jetpack_shortlink":"https:\/\/wp.me\/p93Dc1-51","jetpack-related-posts":[{"id":1140,"url":"https:\/\/alpoma.net\/tecob\/?p=1140","url_meta":{"origin":311,"position":0},"title":"Cosme Garc\u00eda y el primer submarino espa\u00f1ol","author":"alpoma","date":"4 junio 2009","format":false,"excerpt":"AVISO: El presente art\u00edculo corresponde a la versi\u00f3n web reducida del que publiqu\u00e9 en el n\u00famero de junio de 2009 de la revista Historia de Iberia Vieja. Anteriormente ya trat\u00e9 este asunto, de forma m\u00e1s breve, en este art\u00edculo de TecOb: Cosme Garc\u00eda, otro genio olvidado. Hace pocos d\u00edas que\u2026","rel":"","context":"En \u00abMade in Spain\u00bb","block_context":{"text":"Made in Spain","link":"https:\/\/alpoma.net\/tecob\/?cat=10"},"img":{"alt_text":"","src":"","width":0,"height":0},"classes":[]},{"id":12956,"url":"https:\/\/alpoma.net\/tecob\/?p=12956","url_meta":{"origin":311,"position":1},"title":"La saga de los primeros submarinos espa\u00f1oles","author":"alpoma","date":"30 octubre 2017","format":false,"excerpt":"En la edici\u00f3n de octubre de 2017 de la revista Historia de Iberia Vieja, publiqu\u00e9 un art\u00edculo repasando brevemente la historia de algunos de los primeros submarinos espa\u00f1oles. Esta es la versi\u00f3n para TecOb de ese art\u00edculo. Junto con el deseo de volar como un p\u00e1jaro, posiblemente sea el anhelo\u2026","rel":"","context":"En \u00abMade in Spain\u00bb","block_context":{"text":"Made in Spain","link":"https:\/\/alpoma.net\/tecob\/?cat=10"},"img":{"alt_text":"","src":"https:\/\/i0.wp.com\/alpoma.net\/tecob\/wp-content\/uploads\/2017\/10\/Cabanyes_Submarino.jpg?resize=350%2C200&ssl=1","width":350,"height":200,"srcset":"https:\/\/i0.wp.com\/alpoma.net\/tecob\/wp-content\/uploads\/2017\/10\/Cabanyes_Submarino.jpg?resize=350%2C200&ssl=1 1x, https:\/\/i0.wp.com\/alpoma.net\/tecob\/wp-content\/uploads\/2017\/10\/Cabanyes_Submarino.jpg?resize=525%2C300&ssl=1 1.5x, https:\/\/i0.wp.com\/alpoma.net\/tecob\/wp-content\/uploads\/2017\/10\/Cabanyes_Submarino.jpg?resize=700%2C400&ssl=1 2x"},"classes":[]},{"id":9083,"url":"https:\/\/alpoma.net\/tecob\/?p=9083","url_meta":{"origin":311,"position":2},"title":"[Libro] Inventar en el desierto","author":"alpoma","date":"9 junio 2014","format":false,"excerpt":"Miguel A. Delgado, tesliano preeminente donde los haya, acaba de alumbrar nuevo libro, muy relacionado con lo que suele tratarse en este blog. Veamos, el inventar, crear algo nuevo e incluso so\u00f1ar con mejorar el mundo, es algo que pr\u00e1cticamente todos los seres humanos han deseado llevar a cabo alguna\u2026","rel":"","context":"En \u00abMade in Spain\u00bb","block_context":{"text":"Made in Spain","link":"https:\/\/alpoma.net\/tecob\/?cat=10"},"img":{"alt_text":"inventar","src":"https:\/\/i0.wp.com\/www.alpoma.net\/tecob\/wp-content\/uploads\/2014\/06\/inventar.jpg?resize=350%2C200","width":350,"height":200},"classes":[]},{"id":1057,"url":"https:\/\/alpoma.net\/tecob\/?p=1057","url_meta":{"origin":311,"position":3},"title":"El cigarro de Winans","author":"alpoma","date":"8 enero 2009","format":false,"excerpt":"Mientras el intr\u00e9pido riojano Cosme Garc\u00eda preparaba su patente sobre una m\u00e1quina submarina, historia que ya visit\u00f3 TecOb, al otro lado del Atl\u00e1ntico otro inquieto y no menos intr\u00e9pido ingeniero tambi\u00e9n pensaba en surcar las aguas con veh\u00edculos extra\u00f1os. No es que el esp\u00edritu del vernesco Nemo hubiera invadido sus\u2026","rel":"","context":"En \u00abObsolescencia\u00bb","block_context":{"text":"Obsolescencia","link":"https:\/\/alpoma.net\/tecob\/?cat=3"},"img":{"alt_text":"","src":"https:\/\/i0.wp.com\/alpoma.net\/tecob\/wp-content\/uploads\/2009\/01\/3179754003_2711250340_o.jpg?resize=350%2C200&ssl=1","width":350,"height":200,"srcset":"https:\/\/i0.wp.com\/alpoma.net\/tecob\/wp-content\/uploads\/2009\/01\/3179754003_2711250340_o.jpg?resize=350%2C200&ssl=1 1x, https:\/\/i0.wp.com\/alpoma.net\/tecob\/wp-content\/uploads\/2009\/01\/3179754003_2711250340_o.jpg?resize=525%2C300&ssl=1 1.5x"},"classes":[]},{"id":7882,"url":"https:\/\/alpoma.net\/tecob\/?p=7882","url_meta":{"origin":311,"position":4},"title":"Isaac Peral, un genio incomprendido","author":"alpoma","date":"1 marzo 2013","format":false,"excerpt":"Versi\u00f3n reducida del art\u00edculo que publiqu\u00e9 en la revista Historia de Iberia Vieja, n\u00famero 93, edici\u00f3n de marzo de 2013. Ya tiene Espa\u00f1a un buque submarino, ya no marcharemos en este, como en tantos otros asuntos, a remolque de las dem\u00e1s naciones. D. Isaac Peral, autor del proyecto del torpedero\u2026","rel":"","context":"En \u00abMade in Spain\u00bb","block_context":{"text":"Made in Spain","link":"https:\/\/alpoma.net\/tecob\/?cat=10"},"img":{"alt_text":"Isaac Peral","src":"https:\/\/i0.wp.com\/www.alpoma.net\/tecob\/wp-content\/uploads\/2013\/02\/4-240x300.jpg?resize=350%2C200","width":350,"height":200},"classes":[]},{"id":6120,"url":"https:\/\/alpoma.net\/tecob\/?p=6120","url_meta":{"origin":311,"position":5},"title":"La osad\u00eda mortal de Salomon August Andr\u00e9e","author":"alpoma","date":"28 enero 2012","format":false,"excerpt":"Lo que empieza mal suele terminar peor, y lo que empieza muy mal acaba por matarte. El final de esta historia era completamente predecible, pero su protagonista ten\u00eda en su cabeza la combinaci\u00f3n perfecta de locura, obstinaci\u00f3n, falta de sentido com\u00fan, nacionalismo rancio y mala leche, como para preferir morir\u2026","rel":"","context":"En \u00abObsolescencia\u00bb","block_context":{"text":"Obsolescencia","link":"https:\/\/alpoma.net\/tecob\/?cat=3"},"img":{"alt_text":"","src":"https:\/\/i0.wp.com\/alpoma.net\/tecob\/wp-content\/uploads\/2012\/01\/6772859273_3f6942a6d9_o.jpg?resize=350%2C200&ssl=1","width":350,"height":200,"srcset":"https:\/\/i0.wp.com\/alpoma.net\/tecob\/wp-content\/uploads\/2012\/01\/6772859273_3f6942a6d9_o.jpg?resize=350%2C200&ssl=1 1x, https:\/\/i0.wp.com\/alpoma.net\/tecob\/wp-content\/uploads\/2012\/01\/6772859273_3f6942a6d9_o.jpg?resize=525%2C300&ssl=1 1.5x"},"classes":[]}],"jetpack_sharing_enabled":true,"_links":{"self":[{"href":"https:\/\/alpoma.net\/tecob\/index.php?rest_route=\/wp\/v2\/posts\/311","targetHints":{"allow":["GET"]}}],"collection":[{"href":"https:\/\/alpoma.net\/tecob\/index.php?rest_route=\/wp\/v2\/posts"}],"about":[{"href":"https:\/\/alpoma.net\/tecob\/index.php?rest_route=\/wp\/v2\/types\/post"}],"author":[{"embeddable":true,"href":"https:\/\/alpoma.net\/tecob\/index.php?rest_route=\/wp\/v2\/users\/1"}],"replies":[{"embeddable":true,"href":"https:\/\/alpoma.net\/tecob\/index.php?rest_route=%2Fwp%2Fv2%2Fcomments&post=311"}],"version-history":[{"count":0,"href":"https:\/\/alpoma.net\/tecob\/index.php?rest_route=\/wp\/v2\/posts\/311\/revisions"}],"wp:featuredmedia":[{"embeddable":true,"href":"https:\/\/alpoma.net\/tecob\/index.php?rest_route=\/wp\/v2\/media\/14779"}],"wp:attachment":[{"href":"https:\/\/alpoma.net\/tecob\/index.php?rest_route=%2Fwp%2Fv2%2Fmedia&parent=311"}],"wp:term":[{"taxonomy":"category","embeddable":true,"href":"https:\/\/alpoma.net\/tecob\/index.php?rest_route=%2Fwp%2Fv2%2Fcategories&post=311"},{"taxonomy":"post_tag","embeddable":true,"href":"https:\/\/alpoma.net\/tecob\/index.php?rest_route=%2Fwp%2Fv2%2Ftags&post=311"}],"curies":[{"name":"wp","href":"https:\/\/api.w.org\/{rel}","templated":true}]}}