{"id":303,"date":"2006-01-05T23:09:36","date_gmt":"2006-01-05T21:09:36","guid":{"rendered":"http:\/\/www.alpoma.net\/tecob\/?p=303"},"modified":"2019-10-10T16:56:29","modified_gmt":"2019-10-10T14:56:29","slug":"jeronimo-de-ayanz-el-da-vinci-espanol","status":"publish","type":"post","link":"https:\/\/alpoma.net\/tecob\/?p=303","title":{"rendered":"Jer\u00f3nimo de Ayanz, el Da Vinci espa\u00f1ol"},"content":{"rendered":"<p><img decoding=\"async\" src=\"wp-content\/valla_xvii.JPG\" alt=\"Valladolid XVII\" class=\"izda\"\/>Tenemos la p\u00e9sima man\u00eda de olvidar a nuestros genios. Preguntemos a cualquiera sobre Leonardo da Vinci y, cuando menos, habr\u00e1 o\u00eddo hablar de ese personaje, aunque sea trav\u00e9s de librillos como <em>El C\u00f3digo<\/em>&#8230; <\/p>\n<p>Pero, \u00bfqu\u00e9 sucede con el bueno de <a href=\"http:\/\/www.alpoma.net\/tecob\/?p=298\">Juanelo Turriano<\/a> que coment\u00e9 el otro d\u00eda? Pues, salvo cuatro gatos, no le conoce nadie. Hoy visita TecOb otro genio olvidado, una pena, alguien que podr\u00eda nombrarse como el <em>Da Vinci espa\u00f1ol<\/em>, y no es para menos.<\/p>\n<p>Don Jer\u00f3nimo de Ayanz, as\u00ed es como se llamaba el inquieto personaje, Caballero de la Orden de Calatrava, muy relacionado con la pol\u00edtica de la \u00e9poca de Felipe III, Administrador General de minas del Reino de Espa\u00f1a&#8230; si me pongo a escribir todos los cargos o t\u00edtulos que tuvo, llenar\u00eda  bastante espacio. Eso de controlar las m\u00e1s de quinientas minas que hab\u00eda por entonces en el Imperio no era nada f\u00e1cil, adem\u00e1s de peligroso, ya se sabe, hab\u00eda que jugar muy bien con los dineros.<\/p>\n<p>Pero ademas de administrador empresarial, el tal Jer\u00f3nimo se dedic\u00f3 a la tecnolog\u00eda. Y aqu\u00ed empieza la verdadera aventura. Porque, pudo muy bien haberse quedado al margan, disfrutando de su posici\u00f3n y privilegios, pero no, lo de las m\u00e1quinas y el conocimiento en general, le volv\u00eda loco, era una aut\u00e9ntica pasi\u00f3n. As\u00ed que, ni corto ni perezoso, adem\u00e1s de m\u00fasico y empresario, se dedic\u00f3 a la pintura, la astronom\u00eda y a la invenci\u00f3n. Su puesto \u00abminero\u00bb tuvo mucho que ver en todo esto. La gesti\u00f3n de minas le planteaba retos que, aunque parec\u00edan imposibles de superar para la tecnolog\u00eda de la \u00e9poca, atrajeron su inter\u00e9s. Invent\u00f3 aparatos tan avanzados que, s\u00f3lo pasadas dos centurias, el mundo pudo igualarlas.<\/p>\n<p>As\u00ed, el inventor navarro, consigui\u00f3 decenas de patentes, lo que entonces se llamaban \u00abprivilegios de invenci\u00f3n\u00bb. Para no aburrir, ser\u00e9 breve y har\u00e9 un sencillo repaso de estos inventos, muchos de los cuales fueron constru\u00eddos en vida del genio, aunque pronto olvidados. Eso s\u00ed, antes querr\u00eda que quien lea esto se imagine una escena memorable, que en verdad sucedi\u00f3, aunque parezca incre\u00edble. Imaginemos Valladolid, 6 de Agosto de 1602, el R\u00edo Pisuerga pasaba por all\u00ed, tal y como lo sigue haciendo. Felipe III y su s\u00e9quito se encuentran a orillas del citado r\u00edo, junto con Ayanz. Tras cerca de una hora de espera, algo se mueve en el agua. En ese momento aparece, desde lo profundo del r\u00edo, un hombre portando extra\u00f1as vestimentas. \u00a1Emerg\u00eda un buzo! En efecto, se trat\u00f3 de la primera prueba de uno de los m\u00e1s famosos inventos de Jer\u00f3nimo, el sistema para respirar bajo el agua. Como ya he dicho, el buzo \u00abde pruebas\u00bb aguant\u00f3 casi una hora bajo el agua, sin problemas. Y si no permaneci\u00f3 m\u00e1s tiempo a tres metros de profundidad fue porque el monarca se aburri\u00f3 y orden\u00f3 que emergiera.<\/p>\n<p>Bien, ahora la aplastante maravilla de sus \u00abpatentes\u00bb. Dise\u00f1\u00f3 un submarino con sistema de renovaci\u00f3n de aire. Adem\u00e1s, al artilugio contaba con una especie de pinzas o guantes extensibles, para recoger objetos desde el interior, permaneciendo herm\u00e9tica la nave. Hablando de barcos, dise\u00f1\u00f3 una m\u00e1quina capaz de proporcionar agua potable a partir de agua marina. Como ge\u00f3grafo, elabor\u00f3 informes acerca de la br\u00fajula y la teor\u00eda de la declinaci\u00f3n magn\u00e9tica, algo muy importante en navegaci\u00f3n oce\u00e1nica.<\/p>\n<p>En cuanto a las minas, su obsesi\u00f3n consist\u00eda en que no parase la producci\u00f3n por nada del mundo. As\u00ed que, para este objetivo, invent\u00f3 y construy\u00f3 nuevos sistemas de extracci\u00f3n mec\u00e1nicos, molinillos, hornos perfeccionados, columnas destiladoras, balanzas de gran precisi\u00f3n capaces de discernir pesos de hasta menos de un gramo. Uno de sus inventos m\u00e1s famosos fue el sistema para desaguar minas, basado en un sif\u00f3n con intercambiador.<\/p>\n<p>Bien, pero con eso no se ha raspado m\u00e1s que la superficie. Donde m\u00e1s sorprendente es la vida de este genio, y m\u00e1s extra\u00f1a su olvido, es cuando entra en escena el vapor. Que s\u00ed, que todos \u00absaben\u00bb que despu\u00e9s de la idea griega, los primeros en utilizar m\u00e1quinas de vapor fueron los ingleses&#8230; \u00a1Manda narices! Resulta que no, ni de lejos. Varios pioneros espa\u00f1oles se adelantaron. Uno de ellos fue Ayanz, quien construy\u00f3 m\u00e1quinas de vapor capaces de extraer agua de las minas y generar aire acondicionado para las mismas. As\u00ed que, aunque le pese a Thomas Savery, el \u00abprimero\u00bb que patent\u00f3 un m\u00e1quina de vapor en el mundo&#8230; all\u00e1 por 1698, hemos de decirle que, \u00a1sorpresa! Ayanz consigui\u00f3 la patente en 1606.<\/p>\n<p>Y todav\u00eda hay m\u00e1s. No es que se limitara a idear primitivas m\u00e1quinas de vapor. No, incluso incorpor\u00f3 elementos que hasta el siglo XX no volvieron a verse, como el eyector de vapor, con el que pod\u00eda enfriar aire y as\u00ed contar con refrigeraci\u00f3n.<\/p>\n<p>Para no hacer interminable el repaso, s\u00f3lo comentar\u00e9 que, al igual que Turriano, dise\u00f1\u00f3 varios modelos de molino, llegando a la conclusi\u00f3n que las piedras c\u00f3nicas y los rodillos met\u00e1licos eran \u00f3ptimos para el proceso. L\u00e1stima que no fue hasta el siglo XIX cuando se retom\u00f3 la idea. Sistemas e\u00f3licos, planificaci\u00f3n de riego, grandes obras hidr\u00e1ulicas y presas de gran tama\u00f1o, bombas de agua perfeccionadas, \u00absensores\u00bb de potencia para el vapor, que no reaparecieron hasta el XVIII. Todo ello se llev\u00f3 a cabo, en la realidad, no constituy\u00f3 una simple obra de especulaci\u00f3n, sino que se ide\u00f3 con motivos pr\u00e1cticos, pensando en el momento.<\/p>\n<p>Es doloroso este olvido actual, su nombre casi no aparece en ninguna parte y, desde luego, no con el merecimiento debido. En sus proyectos de ingenier\u00eda aplic\u00f3 ideas nov\u00edsimas que no ser\u00edan igualadas hasta mucho m\u00e1s tarde, pero todo qued\u00f3 oscurecido por las tinieblas del tiempo.<\/p>\n<p>_____<br \/>\nRecomendaci\u00f3n bibliogr\u00e1fica inexcusable:<br \/>\n<strong><a href=\"http:\/\/www.mcu.es\/cgi-bin\/BRSCGI3701?CMD=VERDOC&#038;CONF=AEISPA.cnf&#038;BASE=ISBN&#038;DOCN=001035306&#038;NDOC=18&#038;EXPBUS=(NICOL%E1S%20GARC%EDA%20TAPIA).WAUT.%20%26%20(DISPONIBLE).WDIS.\">Un inventor navarro, Jer\u00f3nimo de Ayanz y Beaumont<\/a><\/strong>, obra de Nicol\u00e1s Garc\u00eda Tapia.<\/p>\n<p><em>Imagen: Valladolid en el siglo XVII.<\/em><\/p>\n","protected":false},"excerpt":{"rendered":"<div class=\"mh-excerpt\"><p>Tenemos la p\u00e9sima man\u00eda de olvidar a nuestros genios. Preguntemos a cualquiera sobre Leonardo da Vinci y, cuando menos, habr\u00e1 o\u00eddo hablar de ese personaje, aunque sea trav\u00e9s de librillos <a class=\"mh-excerpt-more\" href=\"https:\/\/alpoma.net\/tecob\/?p=303\" title=\"Jer\u00f3nimo de Ayanz, el Da Vinci espa\u00f1ol\">[&#8230;]<\/a><\/p>\n<\/div>","protected":false},"author":1,"featured_media":14781,"comment_status":"closed","ping_status":"closed","sticky":false,"template":"","format":"standard","meta":{"jetpack_post_was_ever_published":false,"_jetpack_newsletter_access":"","_jetpack_dont_email_post_to_subs":false,"_jetpack_newsletter_tier_id":0,"_jetpack_memberships_contains_paywalled_content":false,"_jetpack_memberships_contains_paid_content":false,"footnotes":""},"categories":[10],"tags":[],"class_list":["post-303","post","type-post","status-publish","format-standard","has-post-thumbnail","hentry","category-made_in_spain"],"jetpack_featured_media_url":"https:\/\/alpoma.net\/tecob\/wp-content\/uploads\/2006\/01\/valla_xvii.jpg","jetpack_shortlink":"https:\/\/wp.me\/p93Dc1-4T","jetpack-related-posts":[{"id":12956,"url":"https:\/\/alpoma.net\/tecob\/?p=12956","url_meta":{"origin":303,"position":0},"title":"La saga de los primeros submarinos espa\u00f1oles","author":"alpoma","date":"30 octubre 2017","format":false,"excerpt":"En la edici\u00f3n de octubre de 2017 de la revista Historia de Iberia Vieja, publiqu\u00e9 un art\u00edculo repasando brevemente la historia de algunos de los primeros submarinos espa\u00f1oles. Esta es la versi\u00f3n para TecOb de ese art\u00edculo. Junto con el deseo de volar como un p\u00e1jaro, posiblemente sea el anhelo\u2026","rel":"","context":"En \u00abMade in Spain\u00bb","block_context":{"text":"Made in Spain","link":"https:\/\/alpoma.net\/tecob\/?cat=10"},"img":{"alt_text":"","src":"https:\/\/i0.wp.com\/alpoma.net\/tecob\/wp-content\/uploads\/2017\/10\/Cabanyes_Submarino.jpg?resize=350%2C200&ssl=1","width":350,"height":200,"srcset":"https:\/\/i0.wp.com\/alpoma.net\/tecob\/wp-content\/uploads\/2017\/10\/Cabanyes_Submarino.jpg?resize=350%2C200&ssl=1 1x, https:\/\/i0.wp.com\/alpoma.net\/tecob\/wp-content\/uploads\/2017\/10\/Cabanyes_Submarino.jpg?resize=525%2C300&ssl=1 1.5x, https:\/\/i0.wp.com\/alpoma.net\/tecob\/wp-content\/uploads\/2017\/10\/Cabanyes_Submarino.jpg?resize=700%2C400&ssl=1 2x"},"classes":[]},{"id":534,"url":"https:\/\/alpoma.net\/tecob\/?p=534","url_meta":{"origin":303,"position":1},"title":"Inventores del Siglo de Oro","author":"alpoma","date":"13 julio 2006","format":false,"excerpt":"Hace varios meses visitaron TecOb diversos inventores espa\u00f1oles que desarrollaron su labor en torno al que es conocido como Siglo de Oro espa\u00f1ol. Hoy, siguiendo de nuevo la estela de la magna obra del historiador de la tecnolog\u00eda vallisoletano Nicol\u00e1s Garc\u00eda Tapia, rese\u00f1ar\u00e9 brevemente otros genios olvidados de la t\u00e9cnica\u2026","rel":"","context":"En \u00abMade in Spain\u00bb","block_context":{"text":"Made in Spain","link":"https:\/\/alpoma.net\/tecob\/?cat=10"},"img":{"alt_text":"brujula","src":"https:\/\/i0.wp.com\/static.flickr.com\/70\/188953810_4e0ef41b2a_o.jpg?resize=350%2C200","width":350,"height":200},"classes":[]},{"id":10067,"url":"https:\/\/alpoma.net\/tecob\/?p=10067","url_meta":{"origin":303,"position":2},"title":"La m\u00e1quina de buceo de Klingert (1797)","author":"alpoma","date":"5 septiembre 2014","format":false,"excerpt":"Repasando la historia de la tecnolog\u00eda de buceo, sorprende ver c\u00f3mo se sucedieron los proyectos para desarrollar m\u00e1quinas capaces de ofrecer la capacidad de respiraci\u00f3n bajo el agua con seguridad a lo largo de varios siglos. Se cuentan por decenas los intentos documentados desde el siglo XV. He ah\u00ed, por\u2026","rel":"","context":"En \u00abGeneral\u00bb","block_context":{"text":"General","link":"https:\/\/alpoma.net\/tecob\/?cat=1"},"img":{"alt_text":"","src":"https:\/\/i0.wp.com\/alpoma.net\/tecob\/wp-content\/uploads\/2014\/09\/Klingert.jpg?resize=350%2C200&ssl=1","width":350,"height":200,"srcset":"https:\/\/i0.wp.com\/alpoma.net\/tecob\/wp-content\/uploads\/2014\/09\/Klingert.jpg?resize=350%2C200&ssl=1 1x, https:\/\/i0.wp.com\/alpoma.net\/tecob\/wp-content\/uploads\/2014\/09\/Klingert.jpg?resize=525%2C300&ssl=1 1.5x"},"classes":[]},{"id":12824,"url":"https:\/\/alpoma.net\/tecob\/?p=12824","url_meta":{"origin":303,"position":3},"title":"Jer\u00f3nimo Meg\u00edas, el m\u00e9dico espa\u00f1ol que dio la vuelta al mundo en el Graf Zeppelin","author":"alpoma","date":"2 septiembre 2017","format":false,"excerpt":"Jer\u00f3nimo y Jacinto Meg\u00edas, hermanos canarios, m\u00e9dicos y bacteri\u00f3logos de renombre se convirtieron por m\u00e9ritos propios en dos de las figuras intelectuales m\u00e1s asombrosas de la Espa\u00f1a de la primera mitad del siglo XX. Pero, adem\u00e1s, Jer\u00f3nimo Meg\u00edas tambi\u00e9n sent\u00eda una pasi\u00f3n por la aventura que le llev\u00f3 a ser\u2026","rel":"","context":"En \u00abMade in Spain\u00bb","block_context":{"text":"Made in Spain","link":"https:\/\/alpoma.net\/tecob\/?cat=10"},"img":{"alt_text":"","src":"https:\/\/i0.wp.com\/alpoma.net\/tecob\/wp-content\/uploads\/2017\/09\/jeronimo.jpg?resize=350%2C200&ssl=1","width":350,"height":200,"srcset":"https:\/\/i0.wp.com\/alpoma.net\/tecob\/wp-content\/uploads\/2017\/09\/jeronimo.jpg?resize=350%2C200&ssl=1 1x, https:\/\/i0.wp.com\/alpoma.net\/tecob\/wp-content\/uploads\/2017\/09\/jeronimo.jpg?resize=525%2C300&ssl=1 1.5x, https:\/\/i0.wp.com\/alpoma.net\/tecob\/wp-content\/uploads\/2017\/09\/jeronimo.jpg?resize=700%2C400&ssl=1 2x, https:\/\/i0.wp.com\/alpoma.net\/tecob\/wp-content\/uploads\/2017\/09\/jeronimo.jpg?resize=1050%2C600&ssl=1 3x"},"classes":[]},{"id":3567,"url":"https:\/\/alpoma.net\/tecob\/?p=3567","url_meta":{"origin":303,"position":4},"title":"Los hermanos Delhuyar y el descubrimiento del Wolframio","author":"alpoma","date":"6 octubre 2010","format":false,"excerpt":"Este post corresponte a una versi\u00f3n abreviada del art\u00edculo que publiqu\u00e9 en la revista Historia de Iberia Vieja en su edici\u00f3n de octubre de 2010, n\u00famero 64. Seria prolijo enumerar todos los trabajos de [Fausto] Elhuyar, y el celoso e ilustrado empe\u00f1o con que se dedic\u00f3 al cumplimiento de sus\u2026","rel":"","context":"En \u00abMade in Spain\u00bb","block_context":{"text":"Made in Spain","link":"https:\/\/alpoma.net\/tecob\/?cat=10"},"img":{"alt_text":"","src":"","width":0,"height":0},"classes":[]},{"id":1140,"url":"https:\/\/alpoma.net\/tecob\/?p=1140","url_meta":{"origin":303,"position":5},"title":"Cosme Garc\u00eda y el primer submarino espa\u00f1ol","author":"alpoma","date":"4 junio 2009","format":false,"excerpt":"AVISO: El presente art\u00edculo corresponde a la versi\u00f3n web reducida del que publiqu\u00e9 en el n\u00famero de junio de 2009 de la revista Historia de Iberia Vieja. Anteriormente ya trat\u00e9 este asunto, de forma m\u00e1s breve, en este art\u00edculo de TecOb: Cosme Garc\u00eda, otro genio olvidado. Hace pocos d\u00edas que\u2026","rel":"","context":"En \u00abMade in Spain\u00bb","block_context":{"text":"Made in Spain","link":"https:\/\/alpoma.net\/tecob\/?cat=10"},"img":{"alt_text":"","src":"","width":0,"height":0},"classes":[]}],"jetpack_sharing_enabled":true,"_links":{"self":[{"href":"https:\/\/alpoma.net\/tecob\/index.php?rest_route=\/wp\/v2\/posts\/303","targetHints":{"allow":["GET"]}}],"collection":[{"href":"https:\/\/alpoma.net\/tecob\/index.php?rest_route=\/wp\/v2\/posts"}],"about":[{"href":"https:\/\/alpoma.net\/tecob\/index.php?rest_route=\/wp\/v2\/types\/post"}],"author":[{"embeddable":true,"href":"https:\/\/alpoma.net\/tecob\/index.php?rest_route=\/wp\/v2\/users\/1"}],"replies":[{"embeddable":true,"href":"https:\/\/alpoma.net\/tecob\/index.php?rest_route=%2Fwp%2Fv2%2Fcomments&post=303"}],"version-history":[{"count":0,"href":"https:\/\/alpoma.net\/tecob\/index.php?rest_route=\/wp\/v2\/posts\/303\/revisions"}],"wp:featuredmedia":[{"embeddable":true,"href":"https:\/\/alpoma.net\/tecob\/index.php?rest_route=\/wp\/v2\/media\/14781"}],"wp:attachment":[{"href":"https:\/\/alpoma.net\/tecob\/index.php?rest_route=%2Fwp%2Fv2%2Fmedia&parent=303"}],"wp:term":[{"taxonomy":"category","embeddable":true,"href":"https:\/\/alpoma.net\/tecob\/index.php?rest_route=%2Fwp%2Fv2%2Fcategories&post=303"},{"taxonomy":"post_tag","embeddable":true,"href":"https:\/\/alpoma.net\/tecob\/index.php?rest_route=%2Fwp%2Fv2%2Ftags&post=303"}],"curies":[{"name":"wp","href":"https:\/\/api.w.org\/{rel}","templated":true}]}}