{"id":302,"date":"2006-01-05T20:29:55","date_gmt":"2006-01-05T18:29:55","guid":{"rendered":"http:\/\/www.alpoma.net\/tecob\/?p=302"},"modified":"2019-10-10T16:59:52","modified_gmt":"2019-10-10T14:59:52","slug":"fenomenos-transitorios-lunares","status":"publish","type":"post","link":"https:\/\/alpoma.net\/tecob\/?p=302","title":{"rendered":"Fen\u00f3menos transitorios lunares"},"content":{"rendered":"<p><img decoding=\"async\" src=\"wp-content\/luna_5432.jpeg\" alt=\"La Luna\" class=\"izda\"\/>La Luna no est\u00e1 tan \u00abmuerta\u00bb como pudiera parecer. Todav\u00eda nuestro bello sat\u00e9lite natural guarda su encanto. Entre sus muchos interrogantes, la Luna presenta un conjunto de esquivos fen\u00f3menos, de dif\u00edcil interpretaci\u00f3n, denominados Fen\u00f3menos Transitorios Lunares, o <a href=\"https:\/\/en.wikipedia.org\/wiki\/Transient_lunar_phenomenon\">TLP<\/a>, siglas en ingl\u00e9s.<\/p>\n<p>\u00bfQu\u00e9 son estos fen\u00f3menos? Se trata de la aparici\u00f3n, sobre la superficie lunar, de manchas de color transitorias o cambios de \u00abforma\u00bb en algunas estructuras morfol\u00f3gicas de la misma. Son conocidos desde hace mucho tiempo, pr\u00e1cticamente desde que se comenz\u00f3 a observar nuestro sat\u00e9lite con telescopios y, aunque son muy escasos, no son tan raros como pudiera pensarse. El primero en percatarse de la existencia de estos hechos, o al menos en publicar algo sobre ellos, fue Johann Friedrich Julius Schmidt, en 1866, al darse cuenta, sorprendido, que un cr\u00e1ter hab\u00eda cambiado su aspecto habitual, algo que no pod\u00eda escap\u00e1rsele a tan experto observador de la Luna, creador de famosos mapas del sat\u00e9lite.<\/p>\n<p>Se han elaborado teor\u00edas que expliquen estos fen\u00f3menos. Se sabe que en existen \u00ablunamotos\u00bb, o terremotos lunares, descubiertos gracias a los sensores colocados en nuestro sat\u00e9lite por las misiones Apolo. Una de las teor\u00edas m\u00e1s aceptadas explica que las \u00abneblinas\u00bb de colores vivos, generalmente rojizos,  que a veces se ven surcando la superficie lunar, podr\u00edan originarse tras un \u00ablunamoto\u00bb, ya que estar\u00edan compuestas de gas expulsado del interior lunar. En apoyo de esta teor\u00eda est\u00e1 el hecho de darse los fen\u00f3menos pr\u00e1cticamente en las m\u00edsmas \u00e1reas, que coinciden con zonas de gran actividad geol\u00f3gica. <\/p>\n","protected":false},"excerpt":{"rendered":"<div class=\"mh-excerpt\"><p>La Luna no est\u00e1 tan \u00abmuerta\u00bb como pudiera parecer. Todav\u00eda nuestro bello sat\u00e9lite natural guarda su encanto. Entre sus muchos interrogantes, la Luna presenta un conjunto de esquivos fen\u00f3menos, de <a class=\"mh-excerpt-more\" href=\"https:\/\/alpoma.net\/tecob\/?p=302\" title=\"Fen\u00f3menos transitorios lunares\">[&#8230;]<\/a><\/p>\n<\/div>","protected":false},"author":1,"featured_media":14784,"comment_status":"closed","ping_status":"closed","sticky":false,"template":"","format":"standard","meta":{"jetpack_post_was_ever_published":false,"_jetpack_newsletter_access":"","_jetpack_dont_email_post_to_subs":false,"_jetpack_newsletter_tier_id":0,"_jetpack_memberships_contains_paywalled_content":false,"_jetpack_memberships_contains_paid_content":false,"footnotes":""},"categories":[5],"tags":[],"class_list":["post-302","post","type-post","status-publish","format-standard","has-post-thumbnail","hentry","category-geo"],"jetpack_featured_media_url":"https:\/\/alpoma.net\/tecob\/wp-content\/uploads\/2006\/01\/3756157650_cda4b25b81_n.jpg","jetpack_shortlink":"https:\/\/wp.me\/p93Dc1-4S","jetpack-related-posts":[{"id":628,"url":"https:\/\/alpoma.net\/tecob\/?p=628","url_meta":{"origin":302,"position":0},"title":"Rodando sobre la Luna","author":"alpoma","date":"31 octubre 2006","format":false,"excerpt":"Tras el mal trago que para el programa de exploraci\u00f3n lunar de los Estados Unidos supuso el Apolo XIII, donde sus tres tripulantes a punto estuvieron de perecer, la mision Apolo XIV discurri\u00f3 por caminos normales, teniendo en cuenta que salir disparado hacia la Luna impulsado por un monstruo como\u2026","rel":"","context":"En \u00abObsolescencia\u00bb","block_context":{"text":"Obsolescencia","link":"https:\/\/alpoma.net\/tecob\/?cat=3"},"img":{"alt_text":"","src":"https:\/\/i0.wp.com\/alpoma.net\/tecob\/wp-content\/uploads\/2006\/10\/284873649_560d932c42_o.jpg?resize=350%2C200&ssl=1","width":350,"height":200,"srcset":"https:\/\/i0.wp.com\/alpoma.net\/tecob\/wp-content\/uploads\/2006\/10\/284873649_560d932c42_o.jpg?resize=350%2C200&ssl=1 1x, https:\/\/i0.wp.com\/alpoma.net\/tecob\/wp-content\/uploads\/2006\/10\/284873649_560d932c42_o.jpg?resize=525%2C300&ssl=1 1.5x"},"classes":[]},{"id":700,"url":"https:\/\/alpoma.net\/tecob\/?p=700","url_meta":{"origin":302,"position":1},"title":"Los \u00e1rboles lunares","author":"alpoma","date":"2 abril 2007","format":false,"excerpt":"He aqu\u00ed una an\u00e9cdota intrascendente pero muy curiosa. Tras rozar la tragedia con el Apolo XIII, la NASA necesitaba una alegr\u00eda, una misi\u00f3n impecable con la que retomar con ganas la exploraci\u00f3n espacial. La misi\u00f3n Apolo XIV parti\u00f3 hacia la Luna el \u00faltimo d\u00eda de Enero de 1971, entre el\u2026","rel":"","context":"En \u00abGeo\u00bb","block_context":{"text":"Geo","link":"https:\/\/alpoma.net\/tecob\/?cat=5"},"img":{"alt_text":"","src":"https:\/\/i0.wp.com\/alpoma.net\/tecob\/wp-content\/uploads\/2007\/04\/444021172_182430706a_m.jpg?resize=350%2C200&ssl=1","width":350,"height":200},"classes":[]},{"id":1183,"url":"https:\/\/alpoma.net\/tecob\/?p=1183","url_meta":{"origin":302,"position":2},"title":"El hombre que construy\u00f3 la Luna","author":"alpoma","date":"28 julio 2009","format":false,"excerpt":"Roger Hayward fue un artista estadounidense, adem\u00e1s de inventor, casi olvidado hoy d\u00eda. Falleci\u00f3 en 1979, habiendo pasado en este mundo ocho d\u00e9cadas, que llen\u00f3 con multitud de actividades. Adem\u00e1s de excelente pintor y escultor, tambi\u00e9n trabaj\u00f3 en diversos proyectos arquitect\u00f3nicos y, durante los a\u00f1os treinta y cuarenta del pasado\u2026","rel":"","context":"En \u00abObsolescencia\u00bb","block_context":{"text":"Obsolescencia","link":"https:\/\/alpoma.net\/tecob\/?cat=3"},"img":{"alt_text":"","src":"","width":0,"height":0},"classes":[]},{"id":776,"url":"https:\/\/alpoma.net\/tecob\/?p=776","url_meta":{"origin":302,"position":3},"title":"Recreando la Luna en la Tierra","author":"alpoma","date":"11 septiembre 2007","format":false,"excerpt":"En los a\u00f1os sesenta, durante la fiebre de la carrera hacia la Luna, las personas encargadas de preparar las misiones tripuladas a nuestro sat\u00e9lite natural se plantearon seriamente una cuesti\u00f3n muy sencilla. \u00bfC\u00f3mo entrenar a un astronauta para moverse por terreno lunar? La respuesta no es nada sencilla, no se\u2026","rel":"","context":"En \u00abGeo\u00bb","block_context":{"text":"Geo","link":"https:\/\/alpoma.net\/tecob\/?cat=5"},"img":{"alt_text":"","src":"https:\/\/i0.wp.com\/alpoma.net\/tecob\/wp-content\/uploads\/2007\/09\/1362564516_cf5237f958_o.jpg?resize=350%2C200&ssl=1","width":350,"height":200},"classes":[]},{"id":12801,"url":"https:\/\/alpoma.net\/tecob\/?p=12801","url_meta":{"origin":302,"position":4},"title":"Los habitantes de la Luna (lectura de verano)","author":"alpoma","date":"11 agosto 2017","format":false,"excerpt":"George Clyde Fisher, quien fuera responsable del American Museum of Natural History y m\u00e1s tarde director del Planetario Hayden, public\u00f3 en 1943 un libro titulado The True Story of the Moon, en el que recog\u00eda en tono divulgativo el conocimiento de la \u00e9poca sobre nuestro sat\u00e9lite natural, adem\u00e1s de sus\u2026","rel":"","context":"En \u00abObsolescencia\u00bb","block_context":{"text":"Obsolescencia","link":"https:\/\/alpoma.net\/tecob\/?cat=3"},"img":{"alt_text":"","src":"https:\/\/i0.wp.com\/alpoma.net\/tecob\/wp-content\/uploads\/2017\/08\/luna.jpg?resize=350%2C200&ssl=1","width":350,"height":200,"srcset":"https:\/\/i0.wp.com\/alpoma.net\/tecob\/wp-content\/uploads\/2017\/08\/luna.jpg?resize=350%2C200&ssl=1 1x, https:\/\/i0.wp.com\/alpoma.net\/tecob\/wp-content\/uploads\/2017\/08\/luna.jpg?resize=525%2C300&ssl=1 1.5x"},"classes":[]},{"id":7290,"url":"https:\/\/alpoma.net\/tecob\/?p=7290","url_meta":{"origin":302,"position":5},"title":"Cazadores de espectros de las alturas","author":"alpoma","date":"22 septiembre 2012","format":false,"excerpt":"Habitan en los l\u00edmites entre la atm\u00f3sfera y el espacio. Apenas tienen una vida de fracciones de segundo y, sin embargo, son fascinantes. Han recibido todo tipo de nombres: rel\u00e1mpagos superatmosf\u00e9ricos, eventos luminosos transitorios, sprites o duendes de las alturas, pero c\u00f3mo se les llame es lo de menos, lo\u2026","rel":"","context":"En \u00abClima\u00bb","block_context":{"text":"Clima","link":"https:\/\/alpoma.net\/tecob\/?cat=8"},"img":{"alt_text":"","src":"https:\/\/i0.wp.com\/alpoma.net\/tecob\/wp-content\/uploads\/2012\/09\/rojizo.jpg?resize=350%2C200&ssl=1","width":350,"height":200,"srcset":"https:\/\/i0.wp.com\/alpoma.net\/tecob\/wp-content\/uploads\/2012\/09\/rojizo.jpg?resize=350%2C200&ssl=1 1x, https:\/\/i0.wp.com\/alpoma.net\/tecob\/wp-content\/uploads\/2012\/09\/rojizo.jpg?resize=525%2C300&ssl=1 1.5x"},"classes":[]}],"jetpack_sharing_enabled":true,"_links":{"self":[{"href":"https:\/\/alpoma.net\/tecob\/index.php?rest_route=\/wp\/v2\/posts\/302","targetHints":{"allow":["GET"]}}],"collection":[{"href":"https:\/\/alpoma.net\/tecob\/index.php?rest_route=\/wp\/v2\/posts"}],"about":[{"href":"https:\/\/alpoma.net\/tecob\/index.php?rest_route=\/wp\/v2\/types\/post"}],"author":[{"embeddable":true,"href":"https:\/\/alpoma.net\/tecob\/index.php?rest_route=\/wp\/v2\/users\/1"}],"replies":[{"embeddable":true,"href":"https:\/\/alpoma.net\/tecob\/index.php?rest_route=%2Fwp%2Fv2%2Fcomments&post=302"}],"version-history":[{"count":0,"href":"https:\/\/alpoma.net\/tecob\/index.php?rest_route=\/wp\/v2\/posts\/302\/revisions"}],"wp:featuredmedia":[{"embeddable":true,"href":"https:\/\/alpoma.net\/tecob\/index.php?rest_route=\/wp\/v2\/media\/14784"}],"wp:attachment":[{"href":"https:\/\/alpoma.net\/tecob\/index.php?rest_route=%2Fwp%2Fv2%2Fmedia&parent=302"}],"wp:term":[{"taxonomy":"category","embeddable":true,"href":"https:\/\/alpoma.net\/tecob\/index.php?rest_route=%2Fwp%2Fv2%2Fcategories&post=302"},{"taxonomy":"post_tag","embeddable":true,"href":"https:\/\/alpoma.net\/tecob\/index.php?rest_route=%2Fwp%2Fv2%2Ftags&post=302"}],"curies":[{"name":"wp","href":"https:\/\/api.w.org\/{rel}","templated":true}]}}