{"id":2973,"date":"2010-06-21T16:48:17","date_gmt":"2010-06-21T14:48:17","guid":{"rendered":"http:\/\/www.alpoma.net\/tecob\/?p=2973"},"modified":"2010-06-21T16:48:17","modified_gmt":"2010-06-21T14:48:17","slug":"la-peninsula-borrosa","status":"publish","type":"post","link":"https:\/\/alpoma.net\/tecob\/?p=2973","title":{"rendered":"La pen\u00ednsula borrosa"},"content":{"rendered":"<p>Lo que sigue es intrascendente, pero me ha llamado mucho la atenci\u00f3n. Todos sabemos que en este mundo hay \u00e1reas restringidas, lugares reservados a los que Google Maps y otras cartograf\u00edas online o de papel tienen cerrado el acceso. Bases militares, centros de pruebas y lugares supuestamente secretos aparecen de vez en cuando borrosos en los mapas. Ayer me encontr\u00e9 con uno de esos lugares de forma inesperada y donde menos pod\u00eda imaginar encontrarlo. Estaba maquetando una serie de gu\u00edas y mapas relacionados con Menorca cuando, sorpresa, al buscar datos sobre la <strong><a href=\"http:\/\/es.wikipedia.org\/wiki\/Fortaleza_de_Isabel_II\">Fortaleza de Isabel II<\/a><\/strong> en la pen\u00ednsula de La Mola, cerca de Es Castell en el extremo oriental de Menorca,<strong> un molesto borr\u00f3n ocultaba el terreno<\/strong>. En Google Maps aparece tal y como aparece en esta captura.<\/p>\n<p><img decoding=\"async\" src=\"http:\/\/farm2.static.flickr.com\/1199\/4721164820_0e53d64dfd_o.jpg\" alt=\"img\" class=\"otros\"\/><br \/>\n<a href=\"http:\/\/maps.google.es\/?ie=UTF8&#038;ll=39.875789,4.318056&#038;spn=0.017291,0.053988&#038;t=h&#038;z=15\">| Ver en Google Maps |<\/a> <!--more--><\/p>\n<p>Por curiosidad mir\u00e9 en Google Earth y el resultado luce de la siguiente forma. Tambi\u00e9n una pen\u00ednsula borrosa que, no deja de tener gracia, no ser\u00e1 muy \u00absecreta\u00bb cuando sobre ella aparecen decenas de puntos con la posici\u00f3n de fotograf\u00edas en Panoramio.<\/p>\n<p><img decoding=\"async\" src=\"http:\/\/farm2.static.flickr.com\/1228\/4720531525_023a6d6e68_o.jpg\" alt=\"img\" class=\"otros\"\/><\/p>\n<p>Cierto que en esa pen\u00ednsula hay instalaciones militares, toda una gigantesca fortaleza del siglo XIX, pero claro, es un lugar tur\u00edstico donde no me imagino que pueda haber nada secreto. \u00bfSe tratar\u00e1 de prevenir otra invasi\u00f3n de Menorca por parte de los brit\u00e1nicos? Ya puestos, <strong>pens\u00e9 que podr\u00eda tratarse de un error de Google<\/strong>, as\u00ed que pas\u00e9 a Bing Maps pero, aunque ah\u00ed s\u00ed se observa la pen\u00ednsula en la versi\u00f3n de imagen de sat\u00e9lite, la resoluci\u00f3n es tan pobre que no se adelanta nada y, para colmo, no est\u00e1 disponible la versi\u00f3n \u00abojo de p\u00e1jaro\u00bb para esa \u00e1rea. Vamos m\u00e1s all\u00e1, <strong>\u00bfqu\u00e9 tal en SigPAC?<\/strong> Bien, sorpresa, nuevamente la pen\u00ednsula emborronada. As\u00ed que <strong>no se trata de un error de Google pero, \u00bfpor qu\u00e9 un lugar tur\u00edstico podr\u00e1 ser considerado como \u00e1rea restringida?<\/strong> La captura de SigPAC a continuaci\u00f3n.<\/p>\n<p><img decoding=\"async\" src=\"http:\/\/farm2.static.flickr.com\/1094\/4721222668_4a2479a059_o.jpg\" alt=\"img\" class=\"otros\"\/><\/p>\n<p>Lo m\u00e1s gracioso de todo es que no parece haber acuerdo en que sea algo vital ocultar este lugar a la vista desde los aires porque, sin embargo,<strong> las im\u00e1genes del PNOA nos ofrecen la pen\u00ednsula de La Mola en todo su esplendor<\/strong>, como muestro a continuaci\u00f3n. <\/p>\n<p><img decoding=\"async\" src=\"http:\/\/farm2.static.flickr.com\/1369\/4721234082_b9f1ec521c_o.jpg\" alt=\"img\" class=\"otros\"\/><\/p>\n<p>Es m\u00e1s, en el caso del PNOA, la resoluci\u00f3n alcanza hasta para observar detalles sorprendentes.<\/p>\n<p><img decoding=\"async\" src=\"http:\/\/farm2.static.flickr.com\/1024\/4721242734_5287c7dfae_o.jpg\" alt=\"img\" class=\"otros\"\/><\/p>\n<p>Visto esto, <strong>\u00bfalguien conoce la raz\u00f3n por la cual tanto Google como la cartograf\u00eda de algunas administraciones espa\u00f1olas emborronan lo que no deja de ser un lugar hist\u00f3rico y tur\u00edstico?<\/strong> Puedo entender que en toda esa pen\u00ednsula haya alguna antena o sistema militar a ocultar pero \u00bfpor qu\u00e9 emborronar toda ella? \ud83d\ude09<\/p>\n","protected":false},"excerpt":{"rendered":"<div class=\"mh-excerpt\"><p>Lo que sigue es intrascendente, pero me ha llamado mucho la atenci\u00f3n. Todos sabemos que en este mundo hay \u00e1reas restringidas, lugares reservados a los que Google Maps y otras <a class=\"mh-excerpt-more\" href=\"https:\/\/alpoma.net\/tecob\/?p=2973\" title=\"La pen\u00ednsula borrosa\">[&#8230;]<\/a><\/p>\n<\/div>","protected":false},"author":1,"featured_media":10859,"comment_status":"open","ping_status":"open","sticky":false,"template":"","format":"standard","meta":{"jetpack_post_was_ever_published":false,"_jetpack_newsletter_access":"","_jetpack_dont_email_post_to_subs":false,"_jetpack_newsletter_tier_id":0,"_jetpack_memberships_contains_paywalled_content":false,"_jetpack_memberships_contains_paid_content":false,"footnotes":""},"categories":[5],"tags":[],"class_list":["post-2973","post","type-post","status-publish","format-standard","has-post-thumbnail","hentry","category-geo"],"jetpack_featured_media_url":"https:\/\/alpoma.net\/tecob\/wp-content\/uploads\/2010\/06\/4721164820_0e53d64dfd_o.jpg","jetpack_shortlink":"https:\/\/wp.me\/p93Dc1-LX","jetpack-related-posts":[{"id":1178,"url":"https:\/\/alpoma.net\/tecob\/?p=1178","url_meta":{"origin":2973,"position":0},"title":"\u00bfC\u00f3mo se nombran los mapas planetarios?","author":"alpoma","date":"21 julio 2009","format":false,"excerpt":"Para el caso de los gigantes gaseosos, como J\u00fapiter o Saturno, levantar un mapa de sus \"superficies\" es muy sencillo: no se puede hacer. A lo sumo, su cambiante fisonom\u00eda permite, en fotograf\u00edas o dibujos, se\u00f1alar tal o cual \u00e1rea nubosa persistente, manchas como la gigantesca y famosa tormenta de\u2026","rel":"","context":"En \u00abGeo\u00bb","block_context":{"text":"Geo","link":"https:\/\/alpoma.net\/tecob\/?cat=5"},"img":{"alt_text":"","src":"","width":0,"height":0},"classes":[]},{"id":3460,"url":"https:\/\/alpoma.net\/tecob\/?p=3460","url_meta":{"origin":2973,"position":1},"title":"La saga de los Farragut. El papel de una familia menorquina en el nacimiento de los Estados Unidos.","author":"alpoma","date":"1 septiembre 2010","format":false,"excerpt":"El presente art\u00edculo corresponde a una versi\u00f3n reducida del que publiqu\u00e9 en la revista Historia de Iberia Vieja, n\u00famero 63 de septiembre de 2010. Cuando, despu\u00e9s del combate, penetr\u00f3 Farragut en la enfermer\u00eda, y a triste luz, en silencio que s\u00f3lo interrump\u00edan ayes o patri\u00f3ticas exclamaciones, vio a los cirujanos\u2026","rel":"","context":"En \u00abMade in Spain\u00bb","block_context":{"text":"Made in Spain","link":"https:\/\/alpoma.net\/tecob\/?cat=10"},"img":{"alt_text":"","src":"https:\/\/i0.wp.com\/alpoma.net\/tecob\/wp-content\/uploads\/2010\/09\/4949035046_94a376b52d.jpg?resize=350%2C200&ssl=1","width":350,"height":200},"classes":[]},{"id":8694,"url":"https:\/\/alpoma.net\/tecob\/?p=8694","url_meta":{"origin":2973,"position":2},"title":"Aqu\u00ed hay dragones&#8230; o puede que no","author":"alpoma","date":"26 diciembre 2013","format":false,"excerpt":"Un reciente art\u00edculo de Robinson Meyer en The Atlantic ha vuelto a traer a la actualidad una curiosidad muy conocida en el \u00e1mbito de la cartograf\u00eda hist\u00f3rica pero que sigue creando equ\u00edvocos en muchas ocasiones. Mencionar\u00e9 el asunto de manera muy resumida. Existe una creencia muy extendida que afirma que\u2026","rel":"","context":"En \u00abGeo\u00bb","block_context":{"text":"Geo","link":"https:\/\/alpoma.net\/tecob\/?cat=5"},"img":{"alt_text":"globo_hunt_lenox","src":"https:\/\/i0.wp.com\/www.alpoma.net\/tecob\/wp-content\/uploads\/2013\/12\/globo_hunt_lenox-300x300.jpg?resize=350%2C200","width":350,"height":200},"classes":[]},{"id":9988,"url":"https:\/\/alpoma.net\/tecob\/?p=9988","url_meta":{"origin":2973,"position":3},"title":"El gato de Lalande","author":"alpoma","date":"31 julio 2014","format":false,"excerpt":"Escudri\u00f1ar el cielo nocturno en verano, lejos de la contaminaci\u00f3n lum\u00ednica de las ciudades, es un espect\u00e1culo que nadie deber\u00eda haber olvidado presenciar al menos una vez en la vida. Miles de luceros esperan ser contemplados en la b\u00f3veda celeste. Al margen de las estrellas errantes, los llamados planetas, la\u2026","rel":"","context":"En \u00abGeo\u00bb","block_context":{"text":"Geo","link":"https:\/\/alpoma.net\/tecob\/?cat=5"},"img":{"alt_text":"","src":"https:\/\/i0.wp.com\/alpoma.net\/tecob\/wp-content\/uploads\/2014\/07\/felis.jpg?resize=350%2C200&ssl=1","width":350,"height":200,"srcset":"https:\/\/i0.wp.com\/alpoma.net\/tecob\/wp-content\/uploads\/2014\/07\/felis.jpg?resize=350%2C200&ssl=1 1x, https:\/\/i0.wp.com\/alpoma.net\/tecob\/wp-content\/uploads\/2014\/07\/felis.jpg?resize=525%2C300&ssl=1 1.5x, https:\/\/i0.wp.com\/alpoma.net\/tecob\/wp-content\/uploads\/2014\/07\/felis.jpg?resize=700%2C400&ssl=1 2x"},"classes":[]},{"id":14310,"url":"https:\/\/alpoma.net\/tecob\/?p=14310","url_meta":{"origin":2973,"position":4},"title":"The Minimal Geography Atlas","author":"alpoma","date":"1 febrero 2019","format":false,"excerpt":"Repito aqu\u00ed, a modo de aviso, lo que acabo de publicar en mi blog sobre mapas (La Cartoteca)... ;-) Ya era hora de retomar la actividad. Como en otras ocasiones en las que he dejado en pausa el blog, el motivo ha sido emplear el tiempo que sol\u00eda dedicar a\u2026","rel":"","context":"En \u00abPersonal\u00bb","block_context":{"text":"Personal","link":"https:\/\/alpoma.net\/tecob\/?cat=2"},"img":{"alt_text":"","src":"https:\/\/i0.wp.com\/alpoma.net\/tecob\/wp-content\/uploads\/2019\/02\/open-book-4.jpg?resize=350%2C200&ssl=1","width":350,"height":200,"srcset":"https:\/\/i0.wp.com\/alpoma.net\/tecob\/wp-content\/uploads\/2019\/02\/open-book-4.jpg?resize=350%2C200&ssl=1 1x, https:\/\/i0.wp.com\/alpoma.net\/tecob\/wp-content\/uploads\/2019\/02\/open-book-4.jpg?resize=525%2C300&ssl=1 1.5x, https:\/\/i0.wp.com\/alpoma.net\/tecob\/wp-content\/uploads\/2019\/02\/open-book-4.jpg?resize=700%2C400&ssl=1 2x"},"classes":[]},{"id":6067,"url":"https:\/\/alpoma.net\/tecob\/?p=6067","url_meta":{"origin":2973,"position":5},"title":"Los colmenares tradicionales y el oso pardo","author":"alpoma","date":"23 enero 2012","format":false,"excerpt":"Desde hace ya tanto tiempo que nadie recuerda el momento en que fue levantado, cuenta mi familia con un vetusto colmenar a las faldas de la imponente Pe\u00f1a Redonda, en la Monta\u00f1a Palentina, pintoresca construcci\u00f3n tradicional a la que corresponde esta fotograf\u00eda que tom\u00e9 en el verano de 2007. Ese\u2026","rel":"","context":"En \u00abObsolescencia\u00bb","block_context":{"text":"Obsolescencia","link":"https:\/\/alpoma.net\/tecob\/?cat=3"},"img":{"alt_text":"","src":"https:\/\/i0.wp.com\/alpoma.net\/tecob\/wp-content\/uploads\/2012\/01\/1032898092_de6e0edcc1_z.jpg?resize=350%2C200&ssl=1","width":350,"height":200,"srcset":"https:\/\/i0.wp.com\/alpoma.net\/tecob\/wp-content\/uploads\/2012\/01\/1032898092_de6e0edcc1_z.jpg?resize=350%2C200&ssl=1 1x, https:\/\/i0.wp.com\/alpoma.net\/tecob\/wp-content\/uploads\/2012\/01\/1032898092_de6e0edcc1_z.jpg?resize=525%2C300&ssl=1 1.5x"},"classes":[]}],"jetpack_sharing_enabled":true,"_links":{"self":[{"href":"https:\/\/alpoma.net\/tecob\/index.php?rest_route=\/wp\/v2\/posts\/2973","targetHints":{"allow":["GET"]}}],"collection":[{"href":"https:\/\/alpoma.net\/tecob\/index.php?rest_route=\/wp\/v2\/posts"}],"about":[{"href":"https:\/\/alpoma.net\/tecob\/index.php?rest_route=\/wp\/v2\/types\/post"}],"author":[{"embeddable":true,"href":"https:\/\/alpoma.net\/tecob\/index.php?rest_route=\/wp\/v2\/users\/1"}],"replies":[{"embeddable":true,"href":"https:\/\/alpoma.net\/tecob\/index.php?rest_route=%2Fwp%2Fv2%2Fcomments&post=2973"}],"version-history":[{"count":0,"href":"https:\/\/alpoma.net\/tecob\/index.php?rest_route=\/wp\/v2\/posts\/2973\/revisions"}],"wp:featuredmedia":[{"embeddable":true,"href":"https:\/\/alpoma.net\/tecob\/index.php?rest_route=\/wp\/v2\/media\/10859"}],"wp:attachment":[{"href":"https:\/\/alpoma.net\/tecob\/index.php?rest_route=%2Fwp%2Fv2%2Fmedia&parent=2973"}],"wp:term":[{"taxonomy":"category","embeddable":true,"href":"https:\/\/alpoma.net\/tecob\/index.php?rest_route=%2Fwp%2Fv2%2Fcategories&post=2973"},{"taxonomy":"post_tag","embeddable":true,"href":"https:\/\/alpoma.net\/tecob\/index.php?rest_route=%2Fwp%2Fv2%2Ftags&post=2973"}],"curies":[{"name":"wp","href":"https:\/\/api.w.org\/{rel}","templated":true}]}}