{"id":294,"date":"2006-01-01T17:13:04","date_gmt":"2006-01-01T15:13:04","guid":{"rendered":"http:\/\/www.alpoma.net\/tecob\/?p=294"},"modified":"2019-10-10T17:03:08","modified_gmt":"2019-10-10T15:03:08","slug":"boscovich-la-enciclopedia-viviente","status":"publish","type":"post","link":"https:\/\/alpoma.net\/tecob\/?p=294","title":{"rendered":"Boscovich, la enciclopedia viviente"},"content":{"rendered":"<p><img decoding=\"async\" src=\"wp-content\/boscov.jpg\" alt=\"Boscovich\" class=\"izda\"\/>He aqu\u00ed el caso de un genio, polifac\u00e9tico donde los haya, que dej\u00f3 profunda huella en su tiempo pero que, de manera incomprensible, ha sido pr\u00e1cticamente olvidado. Vulgarmente podr\u00eda decirse que era como una \u00abenciclopedia viviente\u00bb, aunque no se limitaba a acumular datos en su cabeza, sino que produjo gran n\u00famero de obras e ideas innovadoras y, adem\u00e1s, le encantaban los experimentos.<\/p>\n<p>Nacido a principios del siglo XVIII, en Dubrovnik, actual Croacia, <a href=\"http:\/\/www.faculty.fairfield.edu\/jmac\/sj\/scientists\/boscovich.htm\">Rudjer Boscovich<\/a>, cuyo nombre puede encontrarse escrito de m\u00faltiples formas dependiendo de la fuente o del idioma, era un jesuita que recorri\u00f3 media Europa trabajando para el papado y, de paso, dedic\u00f3 tiempo a algunas \u00abcosillas\u00bb interesantes. As\u00ed que, poco a poco se convirti\u00f3 en un experto fil\u00f3sofo, diplom\u00e1tico y pol\u00edtico, poeta, matem\u00e1tico, astr\u00f3nomo, f\u00edsico y qu\u00edmico&#8230; \u00a1y en todas estas disciplinas destac\u00f3!<\/p>\n<p>Ahora que vivimos en la era de la ultraespecializaci\u00f3n, cuando podemos encontrar sabios que s\u00f3lo saben de algo muy concreto, alquien as\u00ed ser\u00eda pr\u00e1cticamente imposible de existir. Lo m\u00e1s curioso de Boscovich es que, en su \u00e9poca, era considerado como un genio, pero tras su muerte pas\u00f3 al olvido, y no entiendo porqu\u00e9. En solitario, desarroll\u00f3 su propia teor\u00eda at\u00f3mica, retomando la antigua tradici\u00f3n griega, utilizando para ello las herramientas de la mec\u00e1nica newtoniana. Su trabajo inspir\u00f3 a Faraday en sus investigaciones sobre electromagnetismo. As\u00ed mismo, era un genio de los n\u00fameros, sobre todo en asuntos de geodesia y c\u00e1lculos orbitales.<\/p>\n<p>Estudi\u00f3 ciencias y matem\u00e1ticas en Roma, donde preparaba su carrera religiosa, llegando a ser un renombrado profesor de matem\u00e1ticas. Con los a\u00f1os public\u00f3, y se \u00abautoedit\u00f3\u00bb, voluminosos tratados dedicados a todo tipo de ciencias. Hay que reconocer que el buen hombre se lo pasaba de miedo en las bibliotecas y en su laboratorio, siempre dispuesto a idear nuevas teor\u00edas sin descanso. As\u00ed, lleg\u00f3 a escribir tratados acerca del Sol y su rotaci\u00f3n, las auroras boreales, el tr\u00e1nsito de Mercurio, la forma y medida de la Tierra, las variaciones geogr\u00e1ficas de la gravitaci\u00f3n terrestre, la mejora de las lentes de los telescopios, la geometr\u00eda, la l\u00f3gica, el movimiento de los cometas, la trigonometr\u00eda&#8230; la lista ser\u00eda interminable. Y, curiosamente, en casi todo aquello que trabaj\u00f3, alcanz\u00f3 grandes aciertos y \u00e9xitos, muchos de ellos reconocidos s\u00f3lo en siglos posteriores. <\/p>\n<p>Como asesor cient\u00edfico y t\u00e9cnico del Papa Benedicto XIV, se le encomend\u00f3 arreglar una peque\u00f1a \u00abchapucilla\u00bb que hac\u00eda a\u00f1os estaba dando dolores de cabeza al Estado de la Iglesia. La c\u00fapula de San Pedro, en Roma, amenazaba derrumbarse, pues se hab\u00edan descubierto grietas y otros problemas de estabilidad que pon\u00edan en peligro tan magno monumento. Boscovich arregl\u00f3 el problema construyendo un \u00abcors\u00e9\u00bb met\u00e1lico capaz de reforzar la c\u00fapula. <\/p>\n<p>M\u00e1s tarde, el papado le encomend\u00f3 diversas tareas, de la recopilaci\u00f3n de datos geogr\u00e1ficos y astron\u00f3micos a la ejecuci\u00f3n de un minucioso mapa de los Estados de la Iglesia. Pero, como parece ser que esto era poco trabajo, el propio Boscovich se pluriemple\u00f3 al servicio de nobles y gobiernos de estados cercanos para solucionar todo tipo de problemas, desde asuntos hidrol\u00f3gicos a pol\u00edticos. Durante su estancia en Londres, all\u00e1 por 1760, realizando labores diplom\u00e1ticas, su trabajo cient\u00edfico le hizo merecedor de ser acogido como miembro de la Royal Society. <\/p>\n<p>Fue poco despu\u00e9s cuando lleg\u00f3 uno de los momentos hist\u00f3ricos de la astronom\u00eda de aquel siglo, la observaci\u00f3n del tr\u00e1nsito de Venus. Boscovich viaj\u00f3 a Turqu\u00eda para presenciar tan esperado acontecimiento y, de paso, tomar algunas mediciones. El viaje no sali\u00f3 bien, lleg\u00f3 tarde a su cita con el Sol y Venus. Pero no se desanim\u00f3, ya que se encontraba en movimiento, nada mejor que darse una vuelta por Rusia, donde fue nombrado miembro de la Academia de Ciencias de San Petersburgo.<\/p>\n<p>De vuelta a Italia, retoma su labor docente e investigadora, cuando, sorpresas de la vida, la Royal Society vuelve a llamarle para que participe en la expedici\u00f3n a California para observar el nuevo tr\u00e1nsito de Venus de 1769. \u00bfHabr\u00eda suerte esta vez? Pues no, porque Espa\u00f1a hab\u00eda decretado la expulsi\u00f3n de los jesuitas de todo el Imperio, as\u00ed que la cosa se volvi\u00f3 a truncar. <\/p>\n<p>De nuevo en movimiento, y tras meterse en algunos l\u00edos pol\u00edticos poco recomendables, termina por pasarse una d\u00e9cada en Francia, dedicado a la investigaci\u00f3n para mejorar la tecnolog\u00eda de los telescopios. Mareando un poco m\u00e1s a la vieja Europa, retorna a Italia en 1783, para publicar un conjunto de monumentales vol\u00famenes en los que explicaba todo lo conocido, hasta entonces, acerca de la \u00f3ptica, falleciendo pocos a\u00f1os m\u00e1s tarde, sin dejar de escribir e investigar hasta pr\u00e1cticamente el final. <\/p>\n<p>Y entonces sucedi\u00f3 lo de siempre. Hay un refr\u00e1n que dice: <em>Dios nos salve del d\u00eda de las alabanzas<\/em>, aplicable a este caso porque, aunque en vida tuvo fama y reconocimiento, tambi\u00e9n fue muy criticado y odiado, tanto por su sabidur\u00eda como por ser capaz de reparar lo que otros no pod\u00edan, o quer\u00edan, y por sus manejos pol\u00edticos y diplom\u00e1ticos. Pero en su muerte todos gritaron \u00abqu\u00e9 bueno era\u00bb, \u00abqu\u00e9 sabio era\u00bb, fue considerado uno de los astr\u00f3nomos m\u00e1s importantes hasta entonces. Pero las alabanzas duraron muy poco, en unos a\u00f1os su nombre fue borrado de muchas obras que deb\u00edan gran parte de su contenido al genio de Boscovich y, en las enciclopedias, el tama\u00f1o de los art\u00edculos dedicados a su vida y obra fueron menguando hasta pr\u00e1cticamente desaparecer. No fue hasta el siglo XX que, sobre todo en Croacia, se volvi\u00f3 a recordar, aunque fuera m\u00e1s por motivos de orgullo nacional que por otra cosa, a esta enciclopedia viviente.<\/p>\n","protected":false},"excerpt":{"rendered":"<div class=\"mh-excerpt\"><p>He aqu\u00ed el caso de un genio, polifac\u00e9tico donde los haya, que dej\u00f3 profunda huella en su tiempo pero que, de manera incomprensible, ha sido pr\u00e1cticamente olvidado. Vulgarmente podr\u00eda decirse <a class=\"mh-excerpt-more\" href=\"https:\/\/alpoma.net\/tecob\/?p=294\" title=\"Boscovich, la enciclopedia viviente\">[&#8230;]<\/a><\/p>\n<\/div>","protected":false},"author":1,"featured_media":14791,"comment_status":"closed","ping_status":"closed","sticky":false,"template":"","format":"standard","meta":{"jetpack_post_was_ever_published":false,"_jetpack_newsletter_access":"","_jetpack_dont_email_post_to_subs":false,"_jetpack_newsletter_tier_id":0,"_jetpack_memberships_contains_paywalled_content":false,"_jetpack_memberships_contains_paid_content":false,"footnotes":""},"categories":[3],"tags":[],"class_list":["post-294","post","type-post","status-publish","format-standard","has-post-thumbnail","hentry","category-obsolescencia"],"jetpack_featured_media_url":"https:\/\/alpoma.net\/tecob\/wp-content\/uploads\/2006\/01\/boscov.jpg","jetpack_shortlink":"https:\/\/wp.me\/p93Dc1-4K","jetpack-related-posts":[{"id":813,"url":"https:\/\/alpoma.net\/tecob\/?p=813","url_meta":{"origin":294,"position":0},"title":"El Aerotr\u00e9n","author":"alpoma","date":"2 enero 2008","format":false,"excerpt":"Hace unos d\u00edas me encontr\u00e9 de nuevo, mientras le\u00eda un peri\u00f3dico1, una m\u00e1quina que hac\u00eda muchos a\u00f1os no ve\u00eda. Mucho tiempo antes de que se empezara a hablar de trenes levitados magn\u00e9ticamente, tipo MagLev, surgi\u00f3 una idea similar pero que recurr\u00eda para \"levitar\" a un coch\u00f3n de aire, como si\u2026","rel":"","context":"En \u00abObsolescencia\u00bb","block_context":{"text":"Obsolescencia","link":"https:\/\/alpoma.net\/tecob\/?cat=3"},"img":{"alt_text":"","src":"https:\/\/i0.wp.com\/alpoma.net\/tecob\/wp-content\/uploads\/2008\/01\/2158388487_311df4235c_o.jpg?resize=350%2C200&ssl=1","width":350,"height":200,"srcset":"https:\/\/i0.wp.com\/alpoma.net\/tecob\/wp-content\/uploads\/2008\/01\/2158388487_311df4235c_o.jpg?resize=350%2C200&ssl=1 1x, https:\/\/i0.wp.com\/alpoma.net\/tecob\/wp-content\/uploads\/2008\/01\/2158388487_311df4235c_o.jpg?resize=525%2C300&ssl=1 1.5x"},"classes":[]},{"id":8603,"url":"https:\/\/alpoma.net\/tecob\/?p=8603","url_meta":{"origin":294,"position":1},"title":"\u00c1ngela Ruiz Robles, precursora de los libros electr\u00f3nicos","author":"alpoma","date":"3 noviembre 2013","format":false,"excerpt":"Versi\u00f3n reducida del art\u00edculo que publiqu\u00e9 en la revista Historia de Iberia Vieja, edici\u00f3n de noviembre de 2013. Una maestra excepcional La reciente publicaci\u00f3n por parte de los Ministerios de Econom\u00eda y Competitividad y el de Educaci\u00f3n, Cultura y Deporte, de una peque\u00f1a obra a modo de semblanza de la\u2026","rel":"","context":"En \u00abMade in Spain\u00bb","block_context":{"text":"Made in Spain","link":"https:\/\/alpoma.net\/tecob\/?cat=10"},"img":{"alt_text":"angela_ruiz","src":"https:\/\/i0.wp.com\/www.alpoma.net\/tecob\/wp-content\/uploads\/2013\/11\/angela_ruiz-242x300.jpg?resize=350%2C200","width":350,"height":200},"classes":[]},{"id":1002,"url":"https:\/\/alpoma.net\/tecob\/?p=1002","url_meta":{"origin":294,"position":2},"title":"Imitaci\u00f3n de James Burke","author":"alpoma","date":"25 septiembre 2008","format":false,"excerpt":"Investigaci\u00f3n y Ciencia, la versi\u00f3n en castellano de Scientific American, public\u00f3 durante un tiempo una columna mensual bajo el t\u00edtulo Nexos. Su autor, James Burke, es unos de los divulgadores e historiadores de la ciencia m\u00e1s conocidos de las \u00faltimas d\u00e9cadas. Si hay algo que me sorprende de la serie\u2026","rel":"","context":"En \u00abPersonal\u00bb","block_context":{"text":"Personal","link":"https:\/\/alpoma.net\/tecob\/?cat=2"},"img":{"alt_text":"","src":"","width":0,"height":0},"classes":[]},{"id":7719,"url":"https:\/\/alpoma.net\/tecob\/?p=7719","url_meta":{"origin":294,"position":3},"title":"Dies irae","author":"alpoma","date":"20 enero 2013","format":false,"excerpt":"Llevo toda la tarde maquetando varios proyectos y, hace un rato, he hecho una pausa para leer alg\u00fan blog de esos que hace siglos que no visito por falta de tiempo. La casualidad ha hecho que, mientras sonaba de fondo el R\u00e9quiem Polanco de Krzysztof Penderecki (Spotify), apareciera en pantalla\u2026","rel":"","context":"En \u00abM\u00fasica\u00bb","block_context":{"text":"M\u00fasica","link":"https:\/\/alpoma.net\/tecob\/?cat=42"},"img":{"alt_text":"Entre nieblas","src":"https:\/\/i0.wp.com\/farm9.staticflickr.com\/8098\/8361261506_f28c4254c9_m.jpg?resize=350%2C200","width":350,"height":200},"classes":[]},{"id":7263,"url":"https:\/\/alpoma.net\/tecob\/?p=7263","url_meta":{"origin":294,"position":4},"title":"Maravillas de la ingenier\u00eda (1909)","author":"alpoma","date":"18 septiembre 2012","format":false,"excerpt":"He aqu\u00ed tres peque\u00f1as joyas que llegan desde el lejano 1909 para mostrarnos todo un mundo de maravillas. Era la \u00e9poca de la confianza plena en la tecnolog\u00eda, cuando parec\u00eda que el futuro se llenar\u00eda de m\u00e1quinas y todo podr\u00eda ser posible. En el fondo no les faltaba raz\u00f3n, el\u2026","rel":"","context":"En \u00abObsolescencia\u00bb","block_context":{"text":"Obsolescencia","link":"https:\/\/alpoma.net\/tecob\/?cat=3"},"img":{"alt_text":"","src":"https:\/\/i0.wp.com\/alpoma.net\/tecob\/wp-content\/uploads\/2012\/09\/dirigible.jpg?resize=350%2C200&ssl=1","width":350,"height":200,"srcset":"https:\/\/i0.wp.com\/alpoma.net\/tecob\/wp-content\/uploads\/2012\/09\/dirigible.jpg?resize=350%2C200&ssl=1 1x, https:\/\/i0.wp.com\/alpoma.net\/tecob\/wp-content\/uploads\/2012\/09\/dirigible.jpg?resize=525%2C300&ssl=1 1.5x"},"classes":[]},{"id":298,"url":"https:\/\/alpoma.net\/tecob\/?p=298","url_meta":{"origin":294,"position":5},"title":"Turriano y el Hombre de Palo","author":"alpoma","date":"3 enero 2006","format":false,"excerpt":"Tras tanto tiempo invitando en TecOb a inventores y cient\u00edficos for\u00e1neos, ya era hora de regresar a Espa\u00f1a, en este caso al renacimiento, para encontrar a un tipo genial. Juanelo Turriano, nacido en Italia como Giovanni Torriani, all\u00e1 por 1500, castellaniz\u00f3 su nombre para vivir de manera m\u00e1s acorde a\u2026","rel":"","context":"En \u00abMade in Spain\u00bb","block_context":{"text":"Made in Spain","link":"https:\/\/alpoma.net\/tecob\/?cat=10"},"img":{"alt_text":"","src":"https:\/\/i0.wp.com\/alpoma.net\/tecob\/wp-content\/uploads\/2006\/01\/turriano.jpg?resize=350%2C200&ssl=1","width":350,"height":200},"classes":[]}],"jetpack_sharing_enabled":true,"_links":{"self":[{"href":"https:\/\/alpoma.net\/tecob\/index.php?rest_route=\/wp\/v2\/posts\/294","targetHints":{"allow":["GET"]}}],"collection":[{"href":"https:\/\/alpoma.net\/tecob\/index.php?rest_route=\/wp\/v2\/posts"}],"about":[{"href":"https:\/\/alpoma.net\/tecob\/index.php?rest_route=\/wp\/v2\/types\/post"}],"author":[{"embeddable":true,"href":"https:\/\/alpoma.net\/tecob\/index.php?rest_route=\/wp\/v2\/users\/1"}],"replies":[{"embeddable":true,"href":"https:\/\/alpoma.net\/tecob\/index.php?rest_route=%2Fwp%2Fv2%2Fcomments&post=294"}],"version-history":[{"count":0,"href":"https:\/\/alpoma.net\/tecob\/index.php?rest_route=\/wp\/v2\/posts\/294\/revisions"}],"wp:featuredmedia":[{"embeddable":true,"href":"https:\/\/alpoma.net\/tecob\/index.php?rest_route=\/wp\/v2\/media\/14791"}],"wp:attachment":[{"href":"https:\/\/alpoma.net\/tecob\/index.php?rest_route=%2Fwp%2Fv2%2Fmedia&parent=294"}],"wp:term":[{"taxonomy":"category","embeddable":true,"href":"https:\/\/alpoma.net\/tecob\/index.php?rest_route=%2Fwp%2Fv2%2Fcategories&post=294"},{"taxonomy":"post_tag","embeddable":true,"href":"https:\/\/alpoma.net\/tecob\/index.php?rest_route=%2Fwp%2Fv2%2Ftags&post=294"}],"curies":[{"name":"wp","href":"https:\/\/api.w.org\/{rel}","templated":true}]}}