{"id":2880,"date":"2010-06-06T17:37:31","date_gmt":"2010-06-06T15:37:31","guid":{"rendered":"http:\/\/www.alpoma.net\/tecob\/?p=2880"},"modified":"2010-06-06T17:37:31","modified_gmt":"2010-06-06T15:37:31","slug":"dos-libros-para-el-verano","status":"publish","type":"post","link":"https:\/\/alpoma.net\/tecob\/?p=2880","title":{"rendered":"Dos libros para el verano"},"content":{"rendered":"<p>Lo que sigue no es m\u00e1s que una <strong>sencilla nota personal en forma de recomendaci\u00f3n o, m\u00e1s bien, sugerencia<\/strong>. Cuando se acerca el verano, suelo escribir sobre libros en<em> TecOb<\/em>. Por lo general se trata de realizar un leve repaso a los libros interesantes con que me haya cruzado a lo largo del invierno. En esta ocasi\u00f3n no habr\u00e1 tal repaso, la acumulaci\u00f3n de proyectos abiertos y trabajo ha sigo tal, que en lo que va de 2010 apenas he degustado unos pocos libros. El verano se presenta incluso peor, el tiempo no da para m\u00e1s, as\u00ed que en esta ocasi\u00f3n he decidido releer por las noches dos libros, poco a poco, a lo largo del verano. Por si a alguien llega a interesa esta sugerencia, aqu\u00ed va.<\/p>\n<p>En primer lugar, una joya absoluta, tesoro escondido que mereciera ser m\u00e1s conocido. Vale, lo es desde mi muy subjetivo punto de vista de <em>friki<\/em> de la ciencia ficci\u00f3n, pero estoy seguro que esta opini\u00f3n ser\u00e1 compartida por muchas m\u00e1s personas. Se trata de <strong><a href=\"http:\/\/www.robinbook.com\/libro\/detalle\/id\/1119\">La Guerra de Dos Mundos<\/a><\/strong>, obra de <strong>Sergio L. Palacios<\/strong>, autor igualmente de uno de mis blogs favoritos: <strong><a href=\"http:\/\/fisicacf.blogspot.com\/\">F\u00edsica en la ciencia ficci\u00f3n<\/a><\/strong>. Es, sin duda, una forma divertid\u00edsima de repasar rigurosamente diversos conceptos de la f\u00edsica de todos los tiempos a trav\u00e9s de un vistazo a su empleo, acertado o err\u00f3neo, en la ciencia ficci\u00f3n. Lo dicho, un caramelo singular que merece la pena ser disfrutado.<\/p>\n<p><a href=\"http:\/\/www.flickr.com\/photos\/alpoma\/4675221572\/\" title=\"libros, on Flickr\"><img loading=\"lazy\" decoding=\"async\" src=\"http:\/\/farm5.static.flickr.com\/4025\/4675221572_d5a755a06f_o.jpg\" width=\"620\" height=\"400\" alt=\"libros\" \/><\/a><\/p>\n<p>El otro libro que tendr\u00e9 a mano en las pr\u00f3ximas semanas, muy diferente, es tambi\u00e9n una golosina. Lo tomar\u00e9 en peque\u00f1as dosis, tal como su propia naturaleza parece marcar, pues se trata de una compilaci\u00f3n de relatos. Precisamente, el t\u00edtulo nos dice todo: <strong><a href=\"http:\/\/relatosgregorio.blogspot.com\/2010\/05\/libro-recopilatorio-relatos-de-gregorio.html\">Relatos de Gregorio S\u00e1nchez<\/a><\/strong>. Si bien se pueden leer estos relatos en su <strong><a href=\"http:\/\/librorelatosgregorio.blogspot.com\/\">blog<\/a><\/strong>, hacerlo en forma de libro \u00abclasico\u00bb, palpando sus p\u00e1ginas, a\u00f1ade a la experiencia de visitar historias muy diversas en cada narraci\u00f3n, una agradable sensaci\u00f3n. Quien guste de leer relatos breves, extra\u00f1os y sorprendentes, seguro que disfruta con este libro.<\/p>\n<p>Por cierto, tengo en espera <strong><a href=\"http:\/\/www3.anaya.es\/cgigeneral\/newFichaProducto.pl?obrcod=2384840&#038;id_sello_editorial_web=01&#038;id_sello_VisualizarDatos=01\">La quimera del aut\u00f3mata matem\u00e1tico<\/a><\/strong>, de V\u00edctor Guijarro Mora y Leonor Gonz\u00e1lez de la Lastra, pero \u00e9ste deber\u00e1 esperar por lo menos al oto\u00f1o. Comentar\u00e9 algo sobre \u00e9l llegado el momento. \ud83d\ude41<\/p>\n","protected":false},"excerpt":{"rendered":"<div class=\"mh-excerpt\"><p>Lo que sigue no es m\u00e1s que una sencilla nota personal en forma de recomendaci\u00f3n o, m\u00e1s bien, sugerencia. Cuando se acerca el verano, suelo escribir sobre libros en TecOb. <a class=\"mh-excerpt-more\" href=\"https:\/\/alpoma.net\/tecob\/?p=2880\" title=\"Dos libros para el verano\">[&#8230;]<\/a><\/p>\n<\/div>","protected":false},"author":1,"featured_media":11145,"comment_status":"open","ping_status":"open","sticky":false,"template":"","format":"standard","meta":{"jetpack_post_was_ever_published":false,"_jetpack_newsletter_access":"","_jetpack_dont_email_post_to_subs":false,"_jetpack_newsletter_tier_id":0,"_jetpack_memberships_contains_paywalled_content":false,"_jetpack_memberships_contains_paid_content":false,"footnotes":""},"categories":[2],"tags":[],"class_list":["post-2880","post","type-post","status-publish","format-standard","has-post-thumbnail","hentry","category-personal"],"jetpack_featured_media_url":"https:\/\/alpoma.net\/tecob\/wp-content\/uploads\/2010\/06\/4675221572_d5a755a06f_o.jpg","jetpack_shortlink":"https:\/\/wp.me\/p93Dc1-Ks","jetpack-related-posts":[{"id":1174,"url":"https:\/\/alpoma.net\/tecob\/?p=1174","url_meta":{"origin":2880,"position":0},"title":"Sobre libros encuadernados con piel humana","author":"alpoma","date":"17 julio 2009","format":false,"excerpt":"Un reciente art\u00edculo de Los Angeles Times me ha hecho buscar otro art\u00edculo que le\u00ed hace tiempo sobre un macabro tema en el que, por lo general, se suele mezclar la ficci\u00f3n y lo real. Se trata de los libros encuadernados con piel humana que, a decir de los bibli\u00f3filos\u2026","rel":"","context":"En \u00abObsolescencia\u00bb","block_context":{"text":"Obsolescencia","link":"https:\/\/alpoma.net\/tecob\/?cat=3"},"img":{"alt_text":"","src":"https:\/\/i0.wp.com\/alpoma.net\/tecob\/wp-content\/uploads\/2009\/07\/3729669088_cefa2335bf_m.jpg?resize=350%2C200&ssl=1","width":350,"height":200},"classes":[]},{"id":4478,"url":"https:\/\/alpoma.net\/tecob\/?p=4478","url_meta":{"origin":2880,"position":1},"title":"Un libro cada treinta segundos","author":"alpoma","date":"3 abril 2011","format":false,"excerpt":"Tocar los libros, de Jes\u00fas Marchamalo, es un librillo encantador. S\u00ed, es como un aperitivo muy sabroso que, adem\u00e1s, se lee en el tiempo que puede llevar tomar una buena tapa de bar. No dudo en recomendar que se asomen a sus p\u00e1ginas quienes, como yo, guarden man\u00edas curiosas a\u2026","rel":"","context":"En \u00abPersonal\u00bb","block_context":{"text":"Personal","link":"https:\/\/alpoma.net\/tecob\/?cat=2"},"img":{"alt_text":"tocar_libros","src":"https:\/\/i0.wp.com\/farm6.static.flickr.com\/5107\/5584808206_892b6f5294_m.jpg?resize=350%2C200","width":350,"height":200},"classes":[]},{"id":11230,"url":"https:\/\/alpoma.net\/tecob\/?p=11230","url_meta":{"origin":2880,"position":2},"title":"Libros t\u00fanel, un espect\u00e1culo tridimensional del siglo XVIII","author":"alpoma","date":"5 abril 2015","format":false,"excerpt":"A principios de enero de este a\u00f1o tuve la ocasi\u00f3n de disfrutar en la Sala Municipal de Exposiciones de la Casa Revilla de Valladolid de una exposici\u00f3n memorable. Se trataba de Una historia de los libros plegables, que reun\u00eda lo mejor de la colecci\u00f3n que con los a\u00f1os han ido\u2026","rel":"","context":"En \u00abObsolescencia\u00bb","block_context":{"text":"Obsolescencia","link":"https:\/\/alpoma.net\/tecob\/?cat=3"},"img":{"alt_text":"","src":"https:\/\/i0.wp.com\/alpoma.net\/tecob\/wp-content\/uploads\/2015\/04\/4554202783_7f2229b8e4_z.jpg?resize=350%2C200&ssl=1","width":350,"height":200,"srcset":"https:\/\/i0.wp.com\/alpoma.net\/tecob\/wp-content\/uploads\/2015\/04\/4554202783_7f2229b8e4_z.jpg?resize=350%2C200&ssl=1 1x, https:\/\/i0.wp.com\/alpoma.net\/tecob\/wp-content\/uploads\/2015\/04\/4554202783_7f2229b8e4_z.jpg?resize=525%2C300&ssl=1 1.5x"},"classes":[]},{"id":13658,"url":"https:\/\/alpoma.net\/tecob\/?p=13658","url_meta":{"origin":2880,"position":3},"title":"Un lector port\u00e1til de libros de 1920","author":"alpoma","date":"14 septiembre 2018","format":false,"excerpt":"Buscando cierta informaci\u00f3n sobre la Primera Guerra Mundial en la Biblioteca del Congreso de los Estados Unidos, me estrell\u00e9 de lleno con este personaje en una serie de fotograf\u00edas que datan de 1920... Lo m\u00e1s gracioso es que era precisamente a \u00e9l a quien buscaba, solo que en una ocupaci\u00f3n\u2026","rel":"","context":"En \u00abObsolescencia\u00bb","block_context":{"text":"Obsolescencia","link":"https:\/\/alpoma.net\/tecob\/?cat=3"},"img":{"alt_text":"","src":"https:\/\/i0.wp.com\/alpoma.net\/tecob\/wp-content\/uploads\/2018\/09\/fiske.png?resize=350%2C200&ssl=1","width":350,"height":200},"classes":[]},{"id":864,"url":"https:\/\/alpoma.net\/tecob\/?p=864","url_meta":{"origin":2880,"position":4},"title":"Clarke, m\u00e1s all\u00e1 del monolito","author":"alpoma","date":"19 marzo 2008","format":false,"excerpt":"Me enter\u00e9 ayer por la noche, no ten\u00eda pensado escribir nada hoy, pero el personaje merece un recuerdo, aunque sea breve. Hoy glosan sus obras medios de todo el mundo, as\u00ed que no aburrir\u00e9 con esbozos biogr\u00e1ficos ni listados de obras ni nada parecido. Prefiero rendir homenaje al padre de\u2026","rel":"","context":"En \u00abPersonal\u00bb","block_context":{"text":"Personal","link":"https:\/\/alpoma.net\/tecob\/?cat=2"},"img":{"alt_text":"","src":"https:\/\/i0.wp.com\/alpoma.net\/tecob\/wp-content\/uploads\/2008\/03\/2345706690_400b6698fb_o.jpg?resize=350%2C200&ssl=1","width":350,"height":200,"srcset":"https:\/\/i0.wp.com\/alpoma.net\/tecob\/wp-content\/uploads\/2008\/03\/2345706690_400b6698fb_o.jpg?resize=350%2C200&ssl=1 1x, https:\/\/i0.wp.com\/alpoma.net\/tecob\/wp-content\/uploads\/2008\/03\/2345706690_400b6698fb_o.jpg?resize=525%2C300&ssl=1 1.5x"},"classes":[]},{"id":540,"url":"https:\/\/alpoma.net\/tecob\/?p=540","url_meta":{"origin":2880,"position":5},"title":"1816, el a\u00f1o sin verano","author":"alpoma","date":"19 junio 2016","format":false,"excerpt":"Publiqu\u00e9 este articulo hace ahora diez a\u00f1os, en el verano de 2006. Ahora que se cumplen dos siglos del \"a\u00f1o sin verano\" y como complemento a mi art\u00edculo del pasado viernes sobre Andrew Crosse y Frankenstein, lo rescato de las brumas del tiempo... El verano de 1816 no puede decirse\u2026","rel":"","context":"En \u00abClima\u00bb","block_context":{"text":"Clima","link":"https:\/\/alpoma.net\/tecob\/?cat=8"},"img":{"alt_text":"","src":"https:\/\/i0.wp.com\/alpoma.net\/tecob\/wp-content\/uploads\/2006\/07\/192859965_468160e56a_o.jpg?resize=350%2C200&ssl=1","width":350,"height":200,"srcset":"https:\/\/i0.wp.com\/alpoma.net\/tecob\/wp-content\/uploads\/2006\/07\/192859965_468160e56a_o.jpg?resize=350%2C200&ssl=1 1x, https:\/\/i0.wp.com\/alpoma.net\/tecob\/wp-content\/uploads\/2006\/07\/192859965_468160e56a_o.jpg?resize=525%2C300&ssl=1 1.5x"},"classes":[]}],"jetpack_sharing_enabled":true,"_links":{"self":[{"href":"https:\/\/alpoma.net\/tecob\/index.php?rest_route=\/wp\/v2\/posts\/2880","targetHints":{"allow":["GET"]}}],"collection":[{"href":"https:\/\/alpoma.net\/tecob\/index.php?rest_route=\/wp\/v2\/posts"}],"about":[{"href":"https:\/\/alpoma.net\/tecob\/index.php?rest_route=\/wp\/v2\/types\/post"}],"author":[{"embeddable":true,"href":"https:\/\/alpoma.net\/tecob\/index.php?rest_route=\/wp\/v2\/users\/1"}],"replies":[{"embeddable":true,"href":"https:\/\/alpoma.net\/tecob\/index.php?rest_route=%2Fwp%2Fv2%2Fcomments&post=2880"}],"version-history":[{"count":0,"href":"https:\/\/alpoma.net\/tecob\/index.php?rest_route=\/wp\/v2\/posts\/2880\/revisions"}],"wp:featuredmedia":[{"embeddable":true,"href":"https:\/\/alpoma.net\/tecob\/index.php?rest_route=\/wp\/v2\/media\/11145"}],"wp:attachment":[{"href":"https:\/\/alpoma.net\/tecob\/index.php?rest_route=%2Fwp%2Fv2%2Fmedia&parent=2880"}],"wp:term":[{"taxonomy":"category","embeddable":true,"href":"https:\/\/alpoma.net\/tecob\/index.php?rest_route=%2Fwp%2Fv2%2Fcategories&post=2880"},{"taxonomy":"post_tag","embeddable":true,"href":"https:\/\/alpoma.net\/tecob\/index.php?rest_route=%2Fwp%2Fv2%2Ftags&post=2880"}],"curies":[{"name":"wp","href":"https:\/\/api.w.org\/{rel}","templated":true}]}}