{"id":2811,"date":"2010-05-31T16:20:48","date_gmt":"2010-05-31T14:20:48","guid":{"rendered":"http:\/\/www.alpoma.net\/tecob\/?p=2811"},"modified":"2010-05-31T16:23:13","modified_gmt":"2010-05-31T14:23:13","slug":"y-la-luna-miro-al-mediterraneo","status":"publish","type":"post","link":"https:\/\/alpoma.net\/tecob\/?p=2811","title":{"rendered":"Y la Luna mir\u00f3 al Mediterr\u00e1neo&#8230;"},"content":{"rendered":"<p>Esta imagen es de las que merece la pena disfrutar pausadamente, al menos en mi opini\u00f3n. Se trata de una toma desde la ISS (Estaci\u00f3n Espacial Internacional) el <strong>28 de abril de 2010<\/strong>. \u00bfQu\u00e9 tiene de especial? Realmente la colecci\u00f3n de im\u00e1genes de la Tierra realizadas desde el espacio es gigantesca, pero de vez en cuando algunas sobresalen por su belleza. Mirando hacia el sureste, contemplemos la costa del sur de Francia y el norte italiano, la mara\u00f1a que forman las ciudades iluminadas en la noche y, grandioso, el <strong>reflejo de la Luna llena sobre el Mediterr\u00e1neo<\/strong>. (Recomiendo pinchar en la fotograf\u00eda para verlo m\u00e1s grande). \ud83d\ude09<\/p>\n<p style=\"text-align: center\"><a href=\"http:\/\/www.flickr.com\/photos\/alpoma\/4655653601\/\" title=\"City Lights at Night along the France-Italy Border (NASA) by alpoma, on Flickr\"><img decoding=\"async\" src=\"http:\/\/farm5.static.flickr.com\/4051\/4656320560_91895b6636_b.jpg\" alt=\"City Lights at Night along the France-Italy Border (NASA)\" class=\"otros\"\/><\/a><\/p>\n<p><strong>M\u00e1s informaci\u00f3n<\/strong>: <a href=\"http:\/\/earthobservatory.nasa.gov\/IOTD\/view.php?id=44124&#038;src=eorss-iotd\">NASA-EO City Lights at Night along the France-Italy Border<\/a><\/p>\n","protected":false},"excerpt":{"rendered":"<div class=\"mh-excerpt\"><p>Esta imagen es de las que merece la pena disfrutar pausadamente, al menos en mi opini\u00f3n. Se trata de una toma desde la ISS (Estaci\u00f3n Espacial Internacional) el 28 de <a class=\"mh-excerpt-more\" href=\"https:\/\/alpoma.net\/tecob\/?p=2811\" title=\"Y la Luna mir\u00f3 al Mediterr\u00e1neo&#8230;\">[&#8230;]<\/a><\/p>\n<\/div>","protected":false},"author":1,"featured_media":10684,"comment_status":"open","ping_status":"open","sticky":false,"template":"","format":"standard","meta":{"jetpack_post_was_ever_published":false,"_jetpack_newsletter_access":"","_jetpack_dont_email_post_to_subs":false,"_jetpack_newsletter_tier_id":0,"_jetpack_memberships_contains_paywalled_content":false,"_jetpack_memberships_contains_paid_content":false,"footnotes":""},"categories":[5],"tags":[],"class_list":["post-2811","post","type-post","status-publish","format-standard","has-post-thumbnail","hentry","category-geo"],"jetpack_featured_media_url":"https:\/\/alpoma.net\/tecob\/wp-content\/uploads\/2010\/05\/4656320560_91895b6636_b.jpg","jetpack_shortlink":"https:\/\/wp.me\/p93Dc1-Jl","jetpack-related-posts":[{"id":14845,"url":"https:\/\/alpoma.net\/tecob\/?p=14845","url_meta":{"origin":2811,"position":0},"title":"Atlantropa y el mar del S\u00e1hara","author":"alpoma","date":"7 diciembre 2019","format":false,"excerpt":"He tratado en anteriores ocasiones este asunto (algunas se remontan incluso al a\u00f1o 2005), pero vuelve de nuevo a TecOb debido al reciente art\u00edculo (noviembre 2019) que publiqu\u00e9 sobre ello en la revista Historia de Espa\u00f1a y el Mundo. Esta es la versi\u00f3n para TecOb de ese art\u00edculo. Ingenier\u00eda a\u2026","rel":"","context":"En \u00abObsolescencia\u00bb","block_context":{"text":"Obsolescencia","link":"https:\/\/alpoma.net\/tecob\/?cat=3"},"img":{"alt_text":"Herman S\u00f6rgel","src":"https:\/\/i0.wp.com\/alpoma.net\/tecob\/wp-content\/uploads\/2019\/12\/1.jpg?resize=350%2C200&ssl=1","width":350,"height":200,"srcset":"https:\/\/i0.wp.com\/alpoma.net\/tecob\/wp-content\/uploads\/2019\/12\/1.jpg?resize=350%2C200&ssl=1 1x, https:\/\/i0.wp.com\/alpoma.net\/tecob\/wp-content\/uploads\/2019\/12\/1.jpg?resize=525%2C300&ssl=1 1.5x, https:\/\/i0.wp.com\/alpoma.net\/tecob\/wp-content\/uploads\/2019\/12\/1.jpg?resize=700%2C400&ssl=1 2x"},"classes":[]},{"id":8,"url":"https:\/\/alpoma.net\/tecob\/?p=8","url_meta":{"origin":2811,"position":1},"title":"La presa de Gibraltar","author":"alpoma","date":"5 septiembre 2005","format":false,"excerpt":"Imagina una presa tan grande como nunca antes se ha visto. Imagina un muro de hormig\u00f3n colosal capaz de unir Espa\u00f1a y Marruecos. Imagina poder controlar la comunicaci\u00f3n entre el Atl\u00e1ntico y el Mediterr\u00e1neo. \u00bfLocura? Seguramente, pero alguien se tom\u00f3 en serio la cuesti\u00f3n. \u00bfO mejor ser\u00eda llamarlo \"burrada\"? T\u00e9cnicamente\u2026","rel":"","context":"En \u00abObsolescencia\u00bb","block_context":{"text":"Obsolescencia","link":"https:\/\/alpoma.net\/tecob\/?cat=3"},"img":{"alt_text":"","src":"https:\/\/i0.wp.com\/alpoma.net\/tecob\/wp-content\/uploads\/2005\/09\/atlantropa.jpg?resize=350%2C200&ssl=1","width":350,"height":200,"srcset":"https:\/\/i0.wp.com\/alpoma.net\/tecob\/wp-content\/uploads\/2005\/09\/atlantropa.jpg?resize=350%2C200&ssl=1 1x, https:\/\/i0.wp.com\/alpoma.net\/tecob\/wp-content\/uploads\/2005\/09\/atlantropa.jpg?resize=525%2C300&ssl=1 1.5x"},"classes":[]},{"id":12801,"url":"https:\/\/alpoma.net\/tecob\/?p=12801","url_meta":{"origin":2811,"position":2},"title":"Los habitantes de la Luna (lectura de verano)","author":"alpoma","date":"11 agosto 2017","format":false,"excerpt":"George Clyde Fisher, quien fuera responsable del American Museum of Natural History y m\u00e1s tarde director del Planetario Hayden, public\u00f3 en 1943 un libro titulado The True Story of the Moon, en el que recog\u00eda en tono divulgativo el conocimiento de la \u00e9poca sobre nuestro sat\u00e9lite natural, adem\u00e1s de sus\u2026","rel":"","context":"En \u00abObsolescencia\u00bb","block_context":{"text":"Obsolescencia","link":"https:\/\/alpoma.net\/tecob\/?cat=3"},"img":{"alt_text":"","src":"https:\/\/i0.wp.com\/alpoma.net\/tecob\/wp-content\/uploads\/2017\/08\/luna.jpg?resize=350%2C200&ssl=1","width":350,"height":200,"srcset":"https:\/\/i0.wp.com\/alpoma.net\/tecob\/wp-content\/uploads\/2017\/08\/luna.jpg?resize=350%2C200&ssl=1 1x, https:\/\/i0.wp.com\/alpoma.net\/tecob\/wp-content\/uploads\/2017\/08\/luna.jpg?resize=525%2C300&ssl=1 1.5x"},"classes":[]},{"id":1180,"url":"https:\/\/alpoma.net\/tecob\/?p=1180","url_meta":{"origin":2811,"position":3},"title":"De la Tierra a la Luna en quince d\u00edas (1930)","author":"alpoma","date":"22 julio 2009","format":false,"excerpt":"El texto que a continuaci\u00f3n transcribo fue publicado en la revista Estampa el 21 de octubre de 1930 por Ignacio Carral. En estos d\u00edas \"lunares\", celebrando los 40 a\u00f1os del viaje del Apolo 11 a nuestro sat\u00e9lite, no viene mal revisar un poco lo que pensaba la prensa popular de\u2026","rel":"","context":"En \u00abObsolescencia\u00bb","block_context":{"text":"Obsolescencia","link":"https:\/\/alpoma.net\/tecob\/?cat=3"},"img":{"alt_text":"","src":"https:\/\/i0.wp.com\/alpoma.net\/tecob\/wp-content\/uploads\/2009\/07\/3745728989_5a26f7ac70_o.jpg?resize=350%2C200&ssl=1","width":350,"height":200,"srcset":"https:\/\/i0.wp.com\/alpoma.net\/tecob\/wp-content\/uploads\/2009\/07\/3745728989_5a26f7ac70_o.jpg?resize=350%2C200&ssl=1 1x, https:\/\/i0.wp.com\/alpoma.net\/tecob\/wp-content\/uploads\/2009\/07\/3745728989_5a26f7ac70_o.jpg?resize=525%2C300&ssl=1 1.5x"},"classes":[]},{"id":513,"url":"https:\/\/alpoma.net\/tecob\/?p=513","url_meta":{"origin":2811,"position":4},"title":"Intrusiones saharianas","author":"alpoma","date":"26 junio 2006","format":false,"excerpt":"A pesar del t\u00edtulo, las intrusiones a las que me referir\u00e9 no son humanas. La gente est\u00e1 acostumbrada a asociar, al escuchar la palabra aerosol, a los cl\u00e1sicos botes tipo spray de mil y una clases que nos podemos encontrar en cualquier supermercado, pero en esa palabra hay encerrado mucho\u2026","rel":"","context":"En \u00abGeo\u00bb","block_context":{"text":"Geo","link":"https:\/\/alpoma.net\/tecob\/?cat=5"},"img":{"alt_text":"","src":"","width":0,"height":0},"classes":[]},{"id":1166,"url":"https:\/\/alpoma.net\/tecob\/?p=1166","url_meta":{"origin":2811,"position":5},"title":"[Libro] La conspiraci\u00f3n lunar \u00a1vaya timo!","author":"alpoma","date":"6 julio 2009","format":false,"excerpt":"Hay momentos en los que, ya que se tiene un blog y que, al menos seg\u00fan las estad\u00edsticas, mucha es la gente que se asoma por aqu\u00ed, hay que aprovechar la oportunidad que ofrece este medio para difundir asuntos que, en mi humilde opini\u00f3n, merecen reconocimiento. Vaya aqu\u00ed mi saludo\u2026","rel":"","context":"En \u00abObsolescencia\u00bb","block_context":{"text":"Obsolescencia","link":"https:\/\/alpoma.net\/tecob\/?cat=3"},"img":{"alt_text":"","src":"","width":0,"height":0},"classes":[]}],"jetpack_sharing_enabled":true,"_links":{"self":[{"href":"https:\/\/alpoma.net\/tecob\/index.php?rest_route=\/wp\/v2\/posts\/2811","targetHints":{"allow":["GET"]}}],"collection":[{"href":"https:\/\/alpoma.net\/tecob\/index.php?rest_route=\/wp\/v2\/posts"}],"about":[{"href":"https:\/\/alpoma.net\/tecob\/index.php?rest_route=\/wp\/v2\/types\/post"}],"author":[{"embeddable":true,"href":"https:\/\/alpoma.net\/tecob\/index.php?rest_route=\/wp\/v2\/users\/1"}],"replies":[{"embeddable":true,"href":"https:\/\/alpoma.net\/tecob\/index.php?rest_route=%2Fwp%2Fv2%2Fcomments&post=2811"}],"version-history":[{"count":0,"href":"https:\/\/alpoma.net\/tecob\/index.php?rest_route=\/wp\/v2\/posts\/2811\/revisions"}],"wp:featuredmedia":[{"embeddable":true,"href":"https:\/\/alpoma.net\/tecob\/index.php?rest_route=\/wp\/v2\/media\/10684"}],"wp:attachment":[{"href":"https:\/\/alpoma.net\/tecob\/index.php?rest_route=%2Fwp%2Fv2%2Fmedia&parent=2811"}],"wp:term":[{"taxonomy":"category","embeddable":true,"href":"https:\/\/alpoma.net\/tecob\/index.php?rest_route=%2Fwp%2Fv2%2Fcategories&post=2811"},{"taxonomy":"post_tag","embeddable":true,"href":"https:\/\/alpoma.net\/tecob\/index.php?rest_route=%2Fwp%2Fv2%2Ftags&post=2811"}],"curies":[{"name":"wp","href":"https:\/\/api.w.org\/{rel}","templated":true}]}}