{"id":2781,"date":"2010-05-25T23:14:43","date_gmt":"2010-05-25T21:14:43","guid":{"rendered":"http:\/\/www.alpoma.net\/tecob\/?p=2781"},"modified":"2010-05-25T23:14:43","modified_gmt":"2010-05-25T21:14:43","slug":"orfila-y-los-catedraticos","status":"publish","type":"post","link":"https:\/\/alpoma.net\/tecob\/?p=2781","title":{"rendered":"Orfila y los catedr\u00e1ticos"},"content":{"rendered":"<p>Esta tarde he terminado un nuevo art\u00edculo para <strong><a href=\"http:\/\/www.historiadeiberiavieja.com\/\">Historia de Iberia Vieja<\/a><\/strong>, que aparecer\u00e1 en papel en el n\u00famero de julio si no se tuerce nada, dedicado a la figura del insigne padre de la toxicolog\u00eda, el menorqu\u00edn <strong><a href=\"http:\/\/es.wikipedia.org\/wiki\/Mateo_Orfila\">Mateo Orfila<\/a><\/strong>. Una vez cerrado el texto y enviado a la redacci\u00f3n, no he podido aguantar la tentaci\u00f3n de traer a <em>TecOb<\/em> un breve fragmento de uno de los documentos que he empleado para documentar el art\u00edculo. Se trata de una peque\u00f1a parte de una extensa carta que Orfila, cuando apenas era un chaval reci\u00e9n llegado a la Universidad de Valencia para estudiar medicina, env\u00eda a su padre en Menorca el 17 de agosto de 1805.<sup>1<\/sup> Quien lleg\u00f3 a ser el qu\u00edmico m\u00e1s famoso y reconocido de su tiempo, gran figura de las ciencias forenses y la medicina legal, esperaba a su llegada a la Universidad encontrar un ambiente adecuado para cultivar su pasi\u00f3n cient\u00edfica. Lo que encontr\u00f3 fue precisamente lo contrario y, por la forma tan cruda de relatarlo, he decidido rescatar aqu\u00ed estas letras:<\/p>\n<blockquote><p><a href=\"http:\/\/www.flickr.com\/photos\/alpoma\/4639565931\/\" title=\"mateo-orfila, on Flickr\"><img loading=\"lazy\" decoding=\"async\" src=\"http:\/\/farm5.static.flickr.com\/4057\/4639565931_f68a59c563_m.jpg\" width=\"199\" height=\"240\" alt=\"mateo-orfila\" class=\"dch\"\/><\/a>&#8230;me dijo que la Universidad Valencia era la mejor de Espa\u00f1a y quiz\u00e1 de Europa; yo como un inocente lo cre\u00ed. Ah, Padre: s\u00f3lo tengo aliento para decirle que primero morir antes que quedarme diez d\u00edas m\u00e1s en esta Universidad, primero ser zapatero, sastre, tejedor, \u00a1morirme primero de hambre que quedarme perdiendo mi juventud entre b\u00e1rbaros como son los que aqu\u00ed habitan! En esta Universidad (&#8230;) se hacen cincuenta y cinco o cincuenta y seis veces Escuela al a\u00f1o, y si no quite desde 10 de Mayo hasta 4 de Noviembre, que est\u00e1 la puerta cerrada; quite un mes por Navidad; quite un mes por Pascua; quite quince d\u00edas por Carnaval; quite jueves. Fiestas de Misa y de precepto, todos los d\u00edas que hace un poco de fr\u00edo y llueve y ver\u00e1 lo que queda del a\u00f1o: los d\u00edas de Escuela dura tres cuartos de hora cuando m\u00e1s; unos fuman, otros hablan, otros cantan y los Maestros lo que quieren es que los Estudiantes se queden tan burros como son ellos: la lecci\u00f3n es una hoja muy peque\u00f1a y, a veces, se ha de repetir tres o cuatro d\u00edas, por haber la mitad que no la saben: el Autor que estudian es lo m\u00e1s indigno que se ha escrito, y la causa es porque es f\u00e1cil, pues si fuese dif\u00edcil no sabr\u00edan explicarlo y esto no les tiene cuenta: los Catedr\u00e1ticos todos, desde el primero hasta el \u00faltimo, son unos pedantones, como sabe toda Espa\u00f1a, que no saben m\u00e1s que liar cigarros y fumar, hacer visitas si las tienen, pues de otra manera se morir\u00edan de hambre, porque la Universidad no les da lo bastante para merendar: con todas estas circunstancias nos quedamos nosotros, infelices, sin aprender una palabra.<\/p><\/blockquote>\n<p><sup>1<\/sup> Fragmento de la carta, traducido del mallorqu\u00edn, publicada por Juan Farr\u00e9 Oliver en <em>Nuestro Tiempo<\/em>, Madrid, junio de 1914. Cabe a\u00f1adir aqu\u00ed que Orfila abandon\u00f3 al poco la Universidad de Valencia y march\u00f3 a Barcelona para estudiar qu\u00edmica de forma pr\u00e1cticamente autodidacta antes de viajar finalmente a Par\u00eds, donde pas\u00f3 el resto de su vida despu\u00e9s de doctorarse en medicina en la capital francesa.<\/p>\n","protected":false},"excerpt":{"rendered":"<div class=\"mh-excerpt\"><p>Esta tarde he terminado un nuevo art\u00edculo para Historia de Iberia Vieja, que aparecer\u00e1 en papel en el n\u00famero de julio si no se tuerce nada, dedicado a la figura <a class=\"mh-excerpt-more\" href=\"https:\/\/alpoma.net\/tecob\/?p=2781\" title=\"Orfila y los catedr\u00e1ticos\">[&#8230;]<\/a><\/p>\n<\/div>","protected":false},"author":1,"featured_media":10955,"comment_status":"open","ping_status":"open","sticky":false,"template":"","format":"standard","meta":{"jetpack_post_was_ever_published":false,"_jetpack_newsletter_access":"","_jetpack_dont_email_post_to_subs":false,"_jetpack_newsletter_tier_id":0,"_jetpack_memberships_contains_paywalled_content":false,"_jetpack_memberships_contains_paid_content":false,"footnotes":""},"categories":[10],"tags":[],"class_list":["post-2781","post","type-post","status-publish","format-standard","has-post-thumbnail","hentry","category-made_in_spain"],"jetpack_featured_media_url":"https:\/\/alpoma.net\/tecob\/wp-content\/uploads\/2010\/05\/4639565931_f68a59c563_m.jpg","jetpack_shortlink":"https:\/\/wp.me\/p93Dc1-IR","jetpack-related-posts":[{"id":3054,"url":"https:\/\/alpoma.net\/tecob\/?p=3054","url_meta":{"origin":2781,"position":0},"title":"Mateo Orfila, qu\u00edmica y pasi\u00f3n","author":"alpoma","date":"3 julio 2010","format":false,"excerpt":"AVISO: El presente post corresponde a una versi\u00f3n abreviada del art\u00edculo que publiqu\u00e9 en la revista Historia de Iberia Vieja, edici\u00f3n de julio de 2010. Usted sabe que D. Hern\u00e1ndez me dijo que la Universidad Valencia era la mejor de Espa\u00f1a y quiz\u00e1 de Europa; yo como un inocente lo\u2026","rel":"","context":"En \u00abMade in Spain\u00bb","block_context":{"text":"Made in Spain","link":"https:\/\/alpoma.net\/tecob\/?cat=10"},"img":{"alt_text":"","src":"https:\/\/i0.wp.com\/alpoma.net\/tecob\/wp-content\/uploads\/2010\/07\/4757049495_35e40bfca8_m.jpg?resize=350%2C200&ssl=1","width":350,"height":200},"classes":[]},{"id":7681,"url":"https:\/\/alpoma.net\/tecob\/?p=7681","url_meta":{"origin":2781,"position":1},"title":"Por una pizca de ars\u00e9nico","author":"alpoma","date":"7 enero 2013","format":false,"excerpt":"\u00c9rase una vez una chica llamada Marie-Fortun\u00e9e Capelle, m\u00e1s conocida en las p\u00e1ginas de la historia como Marie Lafarge, por su apellido de casada. Nacida en Francia all\u00e1 por el a\u00f1o 1816, es recordada por ser la protagonista de uno de los primeros casos de supuesto asesinato en el que\u2026","rel":"","context":"En \u00abObsolescencia\u00bb","block_context":{"text":"Obsolescencia","link":"https:\/\/alpoma.net\/tecob\/?cat=3"},"img":{"alt_text":"test_marsh","src":"https:\/\/i0.wp.com\/farm9.staticflickr.com\/8211\/8359340632_3527e03658_o.jpg?resize=350%2C200","width":350,"height":200},"classes":[]},{"id":3661,"url":"https:\/\/alpoma.net\/tecob\/?p=3661","url_meta":{"origin":2781,"position":2},"title":"Severo Ochoa y el c\u00f3digo de la vida","author":"alpoma","date":"3 noviembre 2010","format":false,"excerpt":"El presente art\u00edculo corresponde a una versi\u00f3n reducida del que publiqu\u00e9 en la revista Historia de Iberia Vieja en su edici\u00f3n del mes de noviembre de 2010. Creo que es un gran honor, lo mejor que le puede suceder a un cient\u00edfico. Pero no pienso que un cient\u00edfico necesite un\u2026","rel":"","context":"En \u00abMade in Spain\u00bb","block_context":{"text":"Made in Spain","link":"https:\/\/alpoma.net\/tecob\/?cat=10"},"img":{"alt_text":"","src":"https:\/\/i0.wp.com\/alpoma.net\/tecob\/wp-content\/uploads\/2010\/11\/5143001910_1ece0ba650.jpg?resize=350%2C200&ssl=1","width":350,"height":200},"classes":[]},{"id":8723,"url":"https:\/\/alpoma.net\/tecob\/?p=8723","url_meta":{"origin":2781,"position":3},"title":"Fidel Pag\u00e9s Mirav\u00e9, el olvidado descubridor de la anestesia epidural","author":"alpoma","date":"2 enero 2014","format":false,"excerpt":"Versi\u00f3n reducida del art\u00edculo que publiqu\u00e9 en la revista Historia de Iberia Vieja, n\u00famero 103, enero de 2014. Un accidente de autom\u00f3vil, un detalle de este vertiginoso modo de ser de los tiempo que corren, en los que se llega a la muerta a noventa por hora, ha dejado sin\u2026","rel":"","context":"En \u00abMade in Spain\u00bb","block_context":{"text":"Made in Spain","link":"https:\/\/alpoma.net\/tecob\/?cat=10"},"img":{"alt_text":"fidel_pages","src":"https:\/\/i0.wp.com\/www.alpoma.net\/tecob\/wp-content\/uploads\/2014\/01\/fidel_pages-190x300.jpg?resize=350%2C200","width":350,"height":200},"classes":[]},{"id":5742,"url":"https:\/\/alpoma.net\/tecob\/?p=5742","url_meta":{"origin":2781,"position":4},"title":"Los \u00c1lvarez, de Asturias a los confines del universo","author":"alpoma","date":"1 diciembre 2011","format":false,"excerpt":"Versi\u00f3n reducida del art\u00edculo que publiqu\u00e9 en la revista Historia de Iberia Vieja en su edici\u00f3n del mes de diciembre de 2011. Lo que pretendo abarcar con este art\u00edculo no puede contenerse en unas pocas p\u00e1ginas, es m\u00e1s, dar\u00eda como para escribir varios libros, apasionantes todos ellos. \u00a1Y simplemente se\u2026","rel":"","context":"En \u00abMade in Spain\u00bb","block_context":{"text":"Made in Spain","link":"https:\/\/alpoma.net\/tecob\/?cat=10"},"img":{"alt_text":"","src":"https:\/\/i0.wp.com\/alpoma.net\/tecob\/wp-content\/uploads\/2011\/12\/6435876121_77cb3ba38b_z.jpg?resize=350%2C200&ssl=1","width":350,"height":200,"srcset":"https:\/\/i0.wp.com\/alpoma.net\/tecob\/wp-content\/uploads\/2011\/12\/6435876121_77cb3ba38b_z.jpg?resize=350%2C200&ssl=1 1x, https:\/\/i0.wp.com\/alpoma.net\/tecob\/wp-content\/uploads\/2011\/12\/6435876121_77cb3ba38b_z.jpg?resize=525%2C300&ssl=1 1.5x"},"classes":[]},{"id":10202,"url":"https:\/\/alpoma.net\/tecob\/?p=10202","url_meta":{"origin":2781,"position":5},"title":"Un adelanto de lo que ser\u00e1 mi libro \u00abMade in Spain: Cuando invent\u00e1bamos nosotros\u00bb","author":"alpoma","date":"10 noviembre 2014","format":false,"excerpt":"Si no hay contratiempos, antes de que termine este a\u00f1o 2014 ver\u00e1 la luz mi nuevo libro (adem\u00e1s de la ya presentada edici\u00f3n en papel de la novela El viaje de Argos). A lo largo de la \u00faltima d\u00e9cada he publicado en diversos medios, sobre todo en la revista Historia\u2026","rel":"","context":"En \u00abMade in Spain\u00bb","block_context":{"text":"Made in Spain","link":"https:\/\/alpoma.net\/tecob\/?cat=10"},"img":{"alt_text":"","src":"https:\/\/i0.wp.com\/alpoma.net\/tecob\/wp-content\/uploads\/2014\/11\/barreiros-300x2771.png?resize=350%2C200&ssl=1","width":350,"height":200},"classes":[]}],"jetpack_sharing_enabled":true,"_links":{"self":[{"href":"https:\/\/alpoma.net\/tecob\/index.php?rest_route=\/wp\/v2\/posts\/2781","targetHints":{"allow":["GET"]}}],"collection":[{"href":"https:\/\/alpoma.net\/tecob\/index.php?rest_route=\/wp\/v2\/posts"}],"about":[{"href":"https:\/\/alpoma.net\/tecob\/index.php?rest_route=\/wp\/v2\/types\/post"}],"author":[{"embeddable":true,"href":"https:\/\/alpoma.net\/tecob\/index.php?rest_route=\/wp\/v2\/users\/1"}],"replies":[{"embeddable":true,"href":"https:\/\/alpoma.net\/tecob\/index.php?rest_route=%2Fwp%2Fv2%2Fcomments&post=2781"}],"version-history":[{"count":0,"href":"https:\/\/alpoma.net\/tecob\/index.php?rest_route=\/wp\/v2\/posts\/2781\/revisions"}],"wp:featuredmedia":[{"embeddable":true,"href":"https:\/\/alpoma.net\/tecob\/index.php?rest_route=\/wp\/v2\/media\/10955"}],"wp:attachment":[{"href":"https:\/\/alpoma.net\/tecob\/index.php?rest_route=%2Fwp%2Fv2%2Fmedia&parent=2781"}],"wp:term":[{"taxonomy":"category","embeddable":true,"href":"https:\/\/alpoma.net\/tecob\/index.php?rest_route=%2Fwp%2Fv2%2Fcategories&post=2781"},{"taxonomy":"post_tag","embeddable":true,"href":"https:\/\/alpoma.net\/tecob\/index.php?rest_route=%2Fwp%2Fv2%2Ftags&post=2781"}],"curies":[{"name":"wp","href":"https:\/\/api.w.org\/{rel}","templated":true}]}}