{"id":277,"date":"2005-12-21T14:25:44","date_gmt":"2005-12-21T12:25:44","guid":{"rendered":"http:\/\/www.alpoma.net\/tecob\/?p=277"},"modified":"2019-10-05T11:35:00","modified_gmt":"2019-10-05T09:35:00","slug":"desaparecidos-en-la-niebla","status":"publish","type":"post","link":"https:\/\/alpoma.net\/tecob\/?p=277","title":{"rendered":"Desaparecidos en la niebla&#8230;"},"content":{"rendered":"<p>Hace tiempo, hablando con <a href=\"http:\/\/postcardfrommagonia.blogspot.com\/\">Chris Aubeck<\/a>, amigo y gran desenmascarador de fen\u00f3menos presuntamente paranormales, empezamos a repasar la gran cantidad de historias que circulan por el mundo acerca de coches que desaparecen al penetrar en extra\u00f1as nieblas y, de manera repentina, reaparecen al otro lado del mundo. Lo curioso de todos estos casos es que, siendo tan similares unos de otros, cuando se tira del hilo, no aparece jam\u00e1s la fuente original, lo que no es nada raro porque en realidad no hay ninguna \u00abfuente\u00bb.<\/p>\n<p>De hecho, muchos de estos casos surgieron a ra\u00edz de una pel\u00edcula de ciencia ficci\u00f3n, o de terror seg\u00fan se mire, dando lugar a la historia de los Vidal. De boca en boca, la narraci\u00f3n nos cuenta que el Dr. Gerardo Vidal y su mujer subieron a su coche en <a href=\"http:\/\/www.chascomus.net\/\">Chascomus<\/a>, una ciudad cerca de Buenos Aires, en mayo de 1968, con la intenci\u00f3n de conducir unas cien millas hacia el sur, para visitar a unos familiares, pero nunca llegaron a su destino. Dos d\u00edas m\u00e1s tarde, Gerardo Vidal hizo una llamada telef\u00f3nica a su familia para comunicarles que se encontraban bien y que el coche hab\u00eda saltado misteriosamente de Argentina a M\u00e9jico tras penetrar una densa niebla. <\/p>\n<p>Seg\u00fan se cuenta, el coche fue enviado a un laboratorio norteamericano para que se inspeccionara y la se\u00f1ora Vidal acab\u00f3 en un hospital mental por el susto. El caso se hizo tan famoso que llegaron a reproducirse decenas de historias id\u00e9nticas o parecidas en todo el mundo, muchas veces con testigos aparentemente fiables y relatos a\u00fan m\u00e1s espectaculares. <\/p>\n<p>Sin embargo, hoy, despu\u00e9s de treinta a\u00f1os, sabemos que todo el incidente de los Vidal se cre\u00f3 para promocionar <em><a href=\"http:\/\/www.imdb.com\/title\/tt0204202\/\">Che, Ovni<\/a><\/em>, una pel\u00edcula de bajo presupuesto del cineasta <a href=\"http:\/\/www.imdb.com\/name\/nm0882285\/\">Anibal Uset<\/a>. La pel\u00edcula contaba la vida de una cantante de tangos que es abducida en Argentina y transportada hasta Madrid. Tanto la cantante como la familia Vidal eran ficticias. A\u00f1os despu\u00e9s nadie se acordaba de la pel\u00edcula, pero tanta gente declaraba conocer a los Vidal, o haber pasado por exactamente la misma experiencia aterradora en un coche, que el mismo Uset empez\u00f3 a creer seriamente si quiz\u00e1s hab\u00eda escrito algo que coincid\u00eda con un incidente real. Aunque el incidente nunca sucedi\u00f3, todav\u00eda hay gente que busca incansablemente a los Vidal. Tal es el poder de las leyendas urbanas.<\/p>\n","protected":false},"excerpt":{"rendered":"<div class=\"mh-excerpt\"><p>Hace tiempo, hablando con Chris Aubeck, amigo y gran desenmascarador de fen\u00f3menos presuntamente paranormales, empezamos a repasar la gran cantidad de historias que circulan por el mundo acerca de coches <a class=\"mh-excerpt-more\" href=\"https:\/\/alpoma.net\/tecob\/?p=277\" title=\"Desaparecidos en la niebla&#8230;\">[&#8230;]<\/a><\/p>\n<\/div>","protected":false},"author":1,"featured_media":14739,"comment_status":"closed","ping_status":"closed","sticky":false,"template":"","format":"standard","meta":{"jetpack_post_was_ever_published":false,"_jetpack_newsletter_access":"","_jetpack_dont_email_post_to_subs":false,"_jetpack_newsletter_tier_id":0,"_jetpack_memberships_contains_paywalled_content":false,"_jetpack_memberships_contains_paid_content":false,"footnotes":""},"categories":[3],"tags":[],"class_list":["post-277","post","type-post","status-publish","format-standard","has-post-thumbnail","hentry","category-obsolescencia"],"jetpack_featured_media_url":"https:\/\/alpoma.net\/tecob\/wp-content\/uploads\/2005\/12\/v5q32.jpg","jetpack_shortlink":"https:\/\/wp.me\/p93Dc1-4t","jetpack-related-posts":[{"id":6939,"url":"https:\/\/alpoma.net\/tecob\/?p=6939","url_meta":{"origin":277,"position":0},"title":"El monoc\u00f3ptero de Papin y Rouilly","author":"alpoma","date":"24 julio 2012","format":false,"excerpt":"De todos los veh\u00edculos a\u00e9reos que conozco, el que hoy me ocupa es uno de los m\u00e1s raros y, sin duda, es de los que se adelantaron a su tiempo. Antes de describir de qu\u00e9 se trata quiero mostrar algunas im\u00e1genes, como puede verse a continuaci\u00f3n, el aparato no desentonar\u00eda\u2026","rel":"","context":"En \u00abObsolescencia\u00bb","block_context":{"text":"Obsolescencia","link":"https:\/\/alpoma.net\/tecob\/?cat=3"},"img":{"alt_text":"","src":"https:\/\/i0.wp.com\/alpoma.net\/tecob\/wp-content\/uploads\/2012\/07\/7638669232_3d7418ed28_o.jpg?resize=350%2C200&ssl=1","width":350,"height":200,"srcset":"https:\/\/i0.wp.com\/alpoma.net\/tecob\/wp-content\/uploads\/2012\/07\/7638669232_3d7418ed28_o.jpg?resize=350%2C200&ssl=1 1x, https:\/\/i0.wp.com\/alpoma.net\/tecob\/wp-content\/uploads\/2012\/07\/7638669232_3d7418ed28_o.jpg?resize=525%2C300&ssl=1 1.5x"},"classes":[]},{"id":1174,"url":"https:\/\/alpoma.net\/tecob\/?p=1174","url_meta":{"origin":277,"position":1},"title":"Sobre libros encuadernados con piel humana","author":"alpoma","date":"17 julio 2009","format":false,"excerpt":"Un reciente art\u00edculo de Los Angeles Times me ha hecho buscar otro art\u00edculo que le\u00ed hace tiempo sobre un macabro tema en el que, por lo general, se suele mezclar la ficci\u00f3n y lo real. Se trata de los libros encuadernados con piel humana que, a decir de los bibli\u00f3filos\u2026","rel":"","context":"En \u00abObsolescencia\u00bb","block_context":{"text":"Obsolescencia","link":"https:\/\/alpoma.net\/tecob\/?cat=3"},"img":{"alt_text":"","src":"https:\/\/i0.wp.com\/alpoma.net\/tecob\/wp-content\/uploads\/2009\/07\/3729669088_cefa2335bf_m.jpg?resize=350%2C200&ssl=1","width":350,"height":200},"classes":[]},{"id":6672,"url":"https:\/\/alpoma.net\/tecob\/?p=6672","url_meta":{"origin":277,"position":2},"title":"La \u00faltima v\u00edctima de la viruela","author":"alpoma","date":"22 mayo 2012","format":false,"excerpt":"Aunque actualmente su negro recuerdo va desapareciendo poco a poco de la lista de terrores del mundo, hubo un espectro que rein\u00f3 sobre la humanidad durante siglos. La viruela era temida, y con raz\u00f3n. Se llev\u00f3 por delante la vida de millones de personas pero, por fortuna, hace tiempo que\u2026","rel":"","context":"En \u00abObsolescencia\u00bb","block_context":{"text":"Obsolescencia","link":"https:\/\/alpoma.net\/tecob\/?cat=3"},"img":{"alt_text":"","src":"https:\/\/i0.wp.com\/alpoma.net\/tecob\/wp-content\/uploads\/2012\/05\/7248322012_37016f4b38_z.jpg?resize=350%2C200&ssl=1","width":350,"height":200,"srcset":"https:\/\/i0.wp.com\/alpoma.net\/tecob\/wp-content\/uploads\/2012\/05\/7248322012_37016f4b38_z.jpg?resize=350%2C200&ssl=1 1x, https:\/\/i0.wp.com\/alpoma.net\/tecob\/wp-content\/uploads\/2012\/05\/7248322012_37016f4b38_z.jpg?resize=525%2C300&ssl=1 1.5x"},"classes":[]},{"id":7368,"url":"https:\/\/alpoma.net\/tecob\/?p=7368","url_meta":{"origin":277,"position":3},"title":"La Operaci\u00f3n Haudegen","author":"alpoma","date":"6 octubre 2012","format":false,"excerpt":"Mediado el mes de diciembre de 1944 la guerra que asolaba el mundo parec\u00eda que estaba a punto de llegar a su fin, o al menos eso se pensaba desde el punto de vista aliado, que aunque tem\u00eda una gran ofensiva final enemiga, estaba confiado en alcanzar Alemania con rapidez\u2026","rel":"","context":"En \u00abObsolescencia\u00bb","block_context":{"text":"Obsolescencia","link":"https:\/\/alpoma.net\/tecob\/?cat=3"},"img":{"alt_text":"","src":"https:\/\/i0.wp.com\/alpoma.net\/tecob\/wp-content\/uploads\/2012\/10\/oprt_1.jpg?resize=350%2C200&ssl=1","width":350,"height":200,"srcset":"https:\/\/i0.wp.com\/alpoma.net\/tecob\/wp-content\/uploads\/2012\/10\/oprt_1.jpg?resize=350%2C200&ssl=1 1x, https:\/\/i0.wp.com\/alpoma.net\/tecob\/wp-content\/uploads\/2012\/10\/oprt_1.jpg?resize=525%2C300&ssl=1 1.5x"},"classes":[]},{"id":486,"url":"https:\/\/alpoma.net\/tecob\/?p=486","url_meta":{"origin":277,"position":4},"title":"Viejos tractores","author":"alpoma","date":"29 mayo 2006","format":false,"excerpt":"Al escribir sobre el locom\u00f3vil, Corsaria me dej\u00f3 un comentario en el que se interesaba por los viej\u00edsimos tractores, como los primeros Fordson, de ruedas macizas. As\u00ed pues, hoy visitan TecOb aquellas duras m\u00e1quinas que durante tantos a\u00f1os surcaron los campos de medio mundo. Aunque los Fordson han venido evolucionando\u2026","rel":"","context":"En \u00abObsolescencia\u00bb","block_context":{"text":"Obsolescencia","link":"https:\/\/alpoma.net\/tecob\/?cat=3"},"img":{"alt_text":"","src":"https:\/\/i0.wp.com\/alpoma.net\/tecob\/wp-content\/uploads\/2006\/05\/155609383_c44b0ea0b1_o.jpg?resize=350%2C200&ssl=1","width":350,"height":200},"classes":[]},{"id":14913,"url":"https:\/\/alpoma.net\/tecob\/?p=14913","url_meta":{"origin":277,"position":5},"title":"La ag\u00f3nica odisea del submarino S-5 (1920)","author":"alpoma","date":"28 enero 2020","format":false,"excerpt":"En la historia de los rescates navales, sobre todo en los casos de submarinos, no son frecuentes aquellos hundimientos en los que toda la tripulaci\u00f3n pueda contarlo con vida. El caso el submarino estadounidense S-5 es uno de los m\u00e1s asombrosos casos de naufragio de un veh\u00edculo sumergible que, tras\u2026","rel":"","context":"En \u00abObsolescencia\u00bb","block_context":{"text":"Obsolescencia","link":"https:\/\/alpoma.net\/tecob\/?cat=3"},"img":{"alt_text":"","src":"https:\/\/i0.wp.com\/alpoma.net\/tecob\/wp-content\/uploads\/2020\/01\/s-5-rescate.png?resize=350%2C200&ssl=1","width":350,"height":200,"srcset":"https:\/\/i0.wp.com\/alpoma.net\/tecob\/wp-content\/uploads\/2020\/01\/s-5-rescate.png?resize=350%2C200&ssl=1 1x, https:\/\/i0.wp.com\/alpoma.net\/tecob\/wp-content\/uploads\/2020\/01\/s-5-rescate.png?resize=525%2C300&ssl=1 1.5x"},"classes":[]}],"jetpack_sharing_enabled":true,"_links":{"self":[{"href":"https:\/\/alpoma.net\/tecob\/index.php?rest_route=\/wp\/v2\/posts\/277","targetHints":{"allow":["GET"]}}],"collection":[{"href":"https:\/\/alpoma.net\/tecob\/index.php?rest_route=\/wp\/v2\/posts"}],"about":[{"href":"https:\/\/alpoma.net\/tecob\/index.php?rest_route=\/wp\/v2\/types\/post"}],"author":[{"embeddable":true,"href":"https:\/\/alpoma.net\/tecob\/index.php?rest_route=\/wp\/v2\/users\/1"}],"replies":[{"embeddable":true,"href":"https:\/\/alpoma.net\/tecob\/index.php?rest_route=%2Fwp%2Fv2%2Fcomments&post=277"}],"version-history":[{"count":0,"href":"https:\/\/alpoma.net\/tecob\/index.php?rest_route=\/wp\/v2\/posts\/277\/revisions"}],"wp:featuredmedia":[{"embeddable":true,"href":"https:\/\/alpoma.net\/tecob\/index.php?rest_route=\/wp\/v2\/media\/14739"}],"wp:attachment":[{"href":"https:\/\/alpoma.net\/tecob\/index.php?rest_route=%2Fwp%2Fv2%2Fmedia&parent=277"}],"wp:term":[{"taxonomy":"category","embeddable":true,"href":"https:\/\/alpoma.net\/tecob\/index.php?rest_route=%2Fwp%2Fv2%2Fcategories&post=277"},{"taxonomy":"post_tag","embeddable":true,"href":"https:\/\/alpoma.net\/tecob\/index.php?rest_route=%2Fwp%2Fv2%2Ftags&post=277"}],"curies":[{"name":"wp","href":"https:\/\/api.w.org\/{rel}","templated":true}]}}