{"id":2723,"date":"2010-05-18T19:01:35","date_gmt":"2010-05-18T17:01:35","guid":{"rendered":"http:\/\/www.alpoma.net\/tecob\/?p=2723"},"modified":"2010-05-18T22:46:51","modified_gmt":"2010-05-18T20:46:51","slug":"sobre-la-radiactividad-de-las-cenizas-volantes","status":"publish","type":"post","link":"https:\/\/alpoma.net\/tecob\/?p=2723","title":{"rendered":"Sobre la radiactividad de las cenizas volantes"},"content":{"rendered":"<p><a href=\"http:\/\/www.flickr.com\/photos\/alpoma\/2855433505\/\" title=\"T\u00e9rmica II by alpoma, on Flickr\"><img loading=\"lazy\" decoding=\"async\" src=\"http:\/\/farm4.static.flickr.com\/3249\/2855433505_f7b3a6c497_m.jpg\" width=\"180\" height=\"240\" alt=\"T\u00e9rmica II\" class=\"dch\"\/><\/a> Vivir cerca de una central t\u00e9rmica de carb\u00f3n, <strong><a href=\"http:\/\/www.flickr.com\/photos\/alpoma\/2856149694\/\">en mi caso la de Velilla del R\u00edo Carri\u00f3n<\/a><\/strong>, guarda ciertos aspectos inquietantes. Este pensamiento viene porque acabo de toparme con un viejo libro que hac\u00eda a\u00f1os dorm\u00eda olvidado entre un mont\u00f3n de manuales t\u00e9cnicos<sup>1<\/sup>. Una de sus hojas se encuentra doblada, as\u00ed que me ha llamado la atenci\u00f3n y he pasado a ver el motivo. He descubierto que la marca estaba all\u00ed con raz\u00f3n, pues el asunto es muy interesante. Lo que sigue son algunos extractos de esa p\u00e1gina&#8230;<\/p>\n<blockquote><p><strong>Radiactividad de las cenizas volantes<\/strong><\/p>\n<p>Los elementos radiactivos plantean problemas particulares [en lo que se refiere a las cenizas procedentes de la combusti\u00f3n de carb\u00f3n en centrales t\u00e9rmicas] (&#8230;) Las tres \u00e1reas de mayor inter\u00e9s para su estudio son:<\/p>\n<ul>\n<li>La posibilidad de que las cenizas volantes contengan elementos suficientemente activos como uranio, torio y radio, para clasificarlas como peligrosas y, por lo tanto, requieran disposiciones particulares.<\/li>\n<li>La posibilidad de que la actividad de los elementos radiactivos con emisi\u00f3n directa pueda limitar sus aplicaciones, como por ejemplo en su incorporci\u00f3n a materiales de construcci\u00f3n.<\/li>\n<li>El hecho de que a corto plazo las cenizas volantes con elementos radiactivos no presenten problemas en su uso industrial, pero con el tiempo y si se usan en la construcci\u00f3n, en los recintos cerrados puedan producirse niveles elevados de emanaci\u00f3n de gas rad\u00f3n.<\/li>\n<\/ul>\n<\/blockquote>\n<p><!--more--><br \/>\nAh\u00ed est\u00e1 el n\u00facleo de este asunto. El carb\u00f3n presenta trazas de elementos radiactivos en su seno y, al ser quemado, pasan a las cenizas volantes. Estas cenizas son empleadas en ocasiones en la fabricaci\u00f3n de materiales de construcci\u00f3n, \u00bfcabe la posibilidad de que presenten emisiones radiactivas peligrosas? Realmente esas emisiones ser\u00edan bajas, pero la determinaci\u00f3n del contenido de radionucleidos naturales en el carb\u00f3n se presenta como algo de inter\u00e9s, sobre todo por el posible impacto radiol\u00f3gico ambiental que existe. Citando nuevamente el mismo libro:<\/p>\n<blockquote><p>Los carbones, como rocas sedimentarias, poseen un contenido [en radionucleidos naturales] similar a la media de la corteza terrestre. Los lignitos constituyen a veces una excepci\u00f3n, con contenidos anormalmente elevados de algunos radionucleidos, en particular uranio, hasta tal punto que algunos pueden considerarse como potenciales yacimientos de uranio.<\/p><\/blockquote>\n<p>El manual sigue desarrollando el asunto con detalladas gr\u00e1ficas y an\u00e1lisis de diversos carbones, algo que sobrepasa el objetivo de esta breve nota. El tema es sumamente interesante y, a este respecto, J. \u00c1ngel Men\u00e9ndez, del <em>Instituto Nacional del Carb\u00f3n de Oviedo<\/em> (CSIC) anotaba lo siguiente<sup>2<\/sup>:<\/p>\n<blockquote><p>Se ha dicho que, por unidad de energi\u0301a producida, una central te\u0301rmica de carbo\u0301n emite, principalmente en las cenizas volantes, una cantidad de radiactividad 100 veces superior a la que emite una central nuclear de fisio\u0301n. (&#8230;) En la actualidad, la mayori\u0301a de las centrales te\u0301rmicas poseen, o deberi\u0301an poseer, sistemas para capturar la mayor parte de las cenizas volantes producidas durante el proceso de combustio\u0301n del carbo\u0301n. Estas cenizas, al igual que las escorias, deberi\u0301an gestionarse teniendo en cuenta el hecho de que poseen una pequen\u0303i\u0301sima, pero no despreciable, cantidad de material con actividad radiactiva. Por ejemplo, evitando su apilamiento cerca de corrientes de agua. (&#8230;) Por otro lado, las centrales nucleares pra\u0301cticamente no presentan emisiones radioactivas, dado que, por ley, todos los residuos radioactivos deben ser convenientemente manejados y almacenados. Asi\u0301 pues, suponiendo que ambos tipos de centrales este\u0301n bien gestionadas, las emisiones de radiactividad deberi\u0301an ser mi\u0301nimas, en ambos casos. Sin embargo, si el control y la gestio\u0301n de las cenizas producidas en una central te\u0301rmica de carbo\u0301n no fuese el adecuado, caso relativamente frecuente hace algunos an\u0303os y que en la actualidad podri\u0301a suceder en algunos pai\u0301ses en vi\u0301as de desarrollo, si\u0301 que puede ocurrir que la radiactividad emitida por una central te\u0301rmica sea muy superior a la emitida por una central nuclear. Siempre y cuando esta u\u0301ltima cumpla estrictamente la legislacio\u0301n. Esto, salvo caso de accidente, resulta ma\u0301s que probable, dado que los controles de emisiones radiactivas son mucho ma\u0301s estrictos y rigurosos que los controles de emisiones a los que esta\u0301n sujetos las centrales te\u0301rmicas. De hecho, la afirmacio\u0301n inicial podri\u0301a plantearse diciendo que una central nuclear, bien gestionada, da lugar a menos emisiones radioactivas que una central te\u0301rmica de carbo\u0301n.<\/p>\n<p>En cualquier caso, si bien las emisiones radiactivas potenciales no son en absoluto despreciables, tampoco puede decirse que sean extremadamente elevadas, produciendo una perturbacio\u0301n de la radiactividad natural medioambiental apenas perceptible y siendo el riesgo asociado a estas emisiones, generalmente, no mayor que el asociado a la radiactividad natural. Sin embargo, y dada la gran cantidad de carbo\u0301n que se quema en una central te\u0301rmica, el problema podri\u0301a radicar en la acumulacio\u0301n de especies radioactivas a lo largo de varios an\u0303os de emisiones producidas durante el funcionamiento de la central te\u0301rmica. Otra complicacio\u0301n asociada es que el uranio liberado en la atmo\u0301sfera podri\u0301a, al menos potencialmente, trasmutarse en plutonio absorbiendo neutrones de los rayos co\u0301smicos que chocan en la atmo\u0301sfera. Otro posible problema es la posterior utilizacio\u0301n de las cenizas volantes, en las cuales se concentran los radionucleidos presentes en el carbo\u0301n, en materiales de construccio\u0301n. No obstante, la concentracio\u0301n de radionucleidos en las cenizas volantes depende del contenido de los mismos en el carbo\u0301n y en la mayori\u0301a de los casos no parece que su uso debiera ser motivo de alarma para la salud humana&#8230;<\/p><\/blockquote>\n<p>____________<br \/>\n<sup>1<\/sup> <em><a href=\"http:\/\/www.igme.es\/internet\/recursosminerales\/publicaciones\/indice.asp?numero=12\">Manual de reutilizaci\u00f3n de residuos de la industria minera, siderometal\u00fargica y termoel\u00e9ctrica<\/a><\/em>. Instituto Tecnol\u00f3gico GeoMinero de Espa\u00f1a. 1995.<br \/>\n<sup>2<\/sup> <a href=\"http:\/\/www.gecarbon.org\/Boletines\/Boletin\/boletinGEC_013.pdf\">BOLETIN del Grupo Espan\u0303ol del Carbo\u0301n. N\u00famero 13, agosto de 2009<\/a>. (PDF).<\/p>\n<p><strong>De inter\u00e9s<\/strong>: <a href=\"http:\/\/cesartomelopez.blogspot.com\/2010\/04\/fuentes-alternativas-de-combustible.html\">Experientia docet &#8211; Fuentes alternativas de combustible nuclear<\/a>. <\/p>\n","protected":false},"excerpt":{"rendered":"<div class=\"mh-excerpt\"><p>Vivir cerca de una central t\u00e9rmica de carb\u00f3n, en mi caso la de Velilla del R\u00edo Carri\u00f3n, guarda ciertos aspectos inquietantes. Este pensamiento viene porque acabo de toparme con un <a class=\"mh-excerpt-more\" href=\"https:\/\/alpoma.net\/tecob\/?p=2723\" title=\"Sobre la radiactividad de las cenizas volantes\">[&#8230;]<\/a><\/p>\n<\/div>","protected":false},"author":1,"featured_media":10569,"comment_status":"open","ping_status":"open","sticky":false,"template":"","format":"standard","meta":{"jetpack_post_was_ever_published":false,"_jetpack_newsletter_access":"","_jetpack_dont_email_post_to_subs":false,"_jetpack_newsletter_tier_id":0,"_jetpack_memberships_contains_paywalled_content":false,"_jetpack_memberships_contains_paid_content":false,"footnotes":""},"categories":[5,2],"tags":[],"class_list":["post-2723","post","type-post","status-publish","format-standard","has-post-thumbnail","hentry","category-geo","category-personal"],"jetpack_featured_media_url":"https:\/\/alpoma.net\/tecob\/wp-content\/uploads\/2010\/05\/2855433505_f7b3a6c497_m.jpg","jetpack_shortlink":"https:\/\/wp.me\/p93Dc1-HV","jetpack-related-posts":[{"id":532,"url":"https:\/\/alpoma.net\/tecob\/?p=532","url_meta":{"origin":2723,"position":0},"title":"Huesos radiactivos","author":"alpoma","date":"11 julio 2006","format":false,"excerpt":"Hace unos setenta a\u00f1os, Robley D. Evans, a la saz\u00f3n director em\u00e9rito del centro de radiactividad del Instituto de Tecnolog\u00eda de Massachussetts, decidi\u00f3 investigar una serie de extra\u00f1os casos acerca de enfermedades causadas por radiaci\u00f3n. Entre los pacientes que estudi\u00f3, estaban todos aquellos que profesionalmente hab\u00edan trabajado con productos qu\u00edmicos\u2026","rel":"","context":"En \u00abObsolescencia\u00bb","block_context":{"text":"Obsolescencia","link":"https:\/\/alpoma.net\/tecob\/?cat=3"},"img":{"alt_text":"radithor","src":"https:\/\/i0.wp.com\/static.flickr.com\/59\/187561380_0b97f1fbac_o.jpg?resize=350%2C200","width":350,"height":200},"classes":[]},{"id":1055,"url":"https:\/\/alpoma.net\/tecob\/?p=1055","url_meta":{"origin":2723,"position":1},"title":"\u00bfC\u00f3mo capturar micrometeoritos?","author":"alpoma","date":"7 enero 2009","format":false,"excerpt":"He pensado introducir algunas novedades en TecOb para este a\u00f1o 2009. Lamentablemente, el tiempo seguir\u00e1 siendo escaso, as\u00ed que muchos art\u00edculos que est\u00e1n ahora mismo en espera, sobre todo los largos, muy largos o extralargos, aparecer\u00e1n con la frecuencia acostumbrada, es decir, menos de lo que desear\u00eda. He pensado cambiar\u2026","rel":"","context":"En \u00abExperimentos\u00bb","block_context":{"text":"Experimentos","link":"https:\/\/alpoma.net\/tecob\/?cat=9"},"img":{"alt_text":"","src":"","width":0,"height":0},"classes":[]},{"id":13154,"url":"https:\/\/alpoma.net\/tecob\/?p=13154","url_meta":{"origin":2723,"position":2},"title":"El ataque de los platillos volantes","author":"alpoma","date":"11 marzo 2018","format":false,"excerpt":"En el marco de la guerra fr\u00eda y, a la vez, de la posguerra espa\u00f1ola, entre los a\u00f1os cincuenta y los sesenta se vivi\u00f3 en Espa\u00f1a, como en el resto de occidente, toda una fiebre de locura en torno a los \"platillos volantes\". Los nuevos reactores y las oleadas masivas\u2026","rel":"","context":"En \u00abMade in Spain\u00bb","block_context":{"text":"Made in Spain","link":"https:\/\/alpoma.net\/tecob\/?cat=10"},"img":{"alt_text":"","src":"https:\/\/i0.wp.com\/alpoma.net\/tecob\/wp-content\/uploads\/2018\/03\/platillo_villafria.png?resize=350%2C200&ssl=1","width":350,"height":200},"classes":[]},{"id":97,"url":"https:\/\/alpoma.net\/tecob\/?p=97","url_meta":{"origin":2723,"position":3},"title":"Howard Hughes y sus locuras volantes","author":"alpoma","date":"24 febrero 2005","format":false,"excerpt":"Hace poco, tras ver El Aviador volv\u00ed a revisar viejas revistas de m\u00e1quinas voladoras para reencontrarme con las locuras de Howard Hughes... Al margen de la calidad de la pel\u00edcula, de si DiCaprio da la talla o no y todas esas cosas de cin\u00e9filos, lo cierto es que la figura\u2026","rel":"","context":"En \u00abObsolescencia\u00bb","block_context":{"text":"Obsolescencia","link":"https:\/\/alpoma.net\/tecob\/?cat=3"},"img":{"alt_text":"","src":"https:\/\/i0.wp.com\/alpoma.net\/tecob\/wp-content\/uploads\/2005\/02\/Howard_Hughes.jpg?resize=350%2C200&ssl=1","width":350,"height":200},"classes":[]},{"id":540,"url":"https:\/\/alpoma.net\/tecob\/?p=540","url_meta":{"origin":2723,"position":4},"title":"1816, el a\u00f1o sin verano","author":"alpoma","date":"19 junio 2016","format":false,"excerpt":"Publiqu\u00e9 este articulo hace ahora diez a\u00f1os, en el verano de 2006. Ahora que se cumplen dos siglos del \"a\u00f1o sin verano\" y como complemento a mi art\u00edculo del pasado viernes sobre Andrew Crosse y Frankenstein, lo rescato de las brumas del tiempo... El verano de 1816 no puede decirse\u2026","rel":"","context":"En \u00abClima\u00bb","block_context":{"text":"Clima","link":"https:\/\/alpoma.net\/tecob\/?cat=8"},"img":{"alt_text":"","src":"https:\/\/i0.wp.com\/alpoma.net\/tecob\/wp-content\/uploads\/2006\/07\/192859965_468160e56a_o.jpg?resize=350%2C200&ssl=1","width":350,"height":200,"srcset":"https:\/\/i0.wp.com\/alpoma.net\/tecob\/wp-content\/uploads\/2006\/07\/192859965_468160e56a_o.jpg?resize=350%2C200&ssl=1 1x, https:\/\/i0.wp.com\/alpoma.net\/tecob\/wp-content\/uploads\/2006\/07\/192859965_468160e56a_o.jpg?resize=525%2C300&ssl=1 1.5x"},"classes":[]},{"id":768,"url":"https:\/\/alpoma.net\/tecob\/?p=768","url_meta":{"origin":2723,"position":5},"title":"El grito de la Tierra","author":"alpoma","date":"30 agosto 2007","format":false,"excerpt":"La gran isla humeante llevaba varios meses respirando con dificultad, lanzando al aire una pestilente mezcla de gases y cenizas. De vez en cuando, aumentaba la intensidad de sus estertores acompa\u00f1ados por la emisi\u00f3n de ardiente lava para, pasado un tiempo, volver a la quietud. Nada parec\u00eda diferente aquel d\u00eda\u2026","rel":"","context":"En \u00abClima\u00bb","block_context":{"text":"Clima","link":"https:\/\/alpoma.net\/tecob\/?cat=8"},"img":{"alt_text":"","src":"","width":0,"height":0},"classes":[]}],"jetpack_sharing_enabled":true,"_links":{"self":[{"href":"https:\/\/alpoma.net\/tecob\/index.php?rest_route=\/wp\/v2\/posts\/2723","targetHints":{"allow":["GET"]}}],"collection":[{"href":"https:\/\/alpoma.net\/tecob\/index.php?rest_route=\/wp\/v2\/posts"}],"about":[{"href":"https:\/\/alpoma.net\/tecob\/index.php?rest_route=\/wp\/v2\/types\/post"}],"author":[{"embeddable":true,"href":"https:\/\/alpoma.net\/tecob\/index.php?rest_route=\/wp\/v2\/users\/1"}],"replies":[{"embeddable":true,"href":"https:\/\/alpoma.net\/tecob\/index.php?rest_route=%2Fwp%2Fv2%2Fcomments&post=2723"}],"version-history":[{"count":0,"href":"https:\/\/alpoma.net\/tecob\/index.php?rest_route=\/wp\/v2\/posts\/2723\/revisions"}],"wp:featuredmedia":[{"embeddable":true,"href":"https:\/\/alpoma.net\/tecob\/index.php?rest_route=\/wp\/v2\/media\/10569"}],"wp:attachment":[{"href":"https:\/\/alpoma.net\/tecob\/index.php?rest_route=%2Fwp%2Fv2%2Fmedia&parent=2723"}],"wp:term":[{"taxonomy":"category","embeddable":true,"href":"https:\/\/alpoma.net\/tecob\/index.php?rest_route=%2Fwp%2Fv2%2Fcategories&post=2723"},{"taxonomy":"post_tag","embeddable":true,"href":"https:\/\/alpoma.net\/tecob\/index.php?rest_route=%2Fwp%2Fv2%2Ftags&post=2723"}],"curies":[{"name":"wp","href":"https:\/\/api.w.org\/{rel}","templated":true}]}}