{"id":2658,"date":"2010-05-06T13:40:17","date_gmt":"2010-05-06T11:40:17","guid":{"rendered":"http:\/\/www.alpoma.net\/tecob\/?p=2658"},"modified":"2018-04-28T23:46:51","modified_gmt":"2018-04-28T21:46:51","slug":"reconstruyendo-la-musica-de-la-antigua-roma","status":"publish","type":"post","link":"https:\/\/alpoma.net\/tecob\/?p=2658","title":{"rendered":"Reconstruyendo la m\u00fasica de la antigua Roma"},"content":{"rendered":"<p>Quienes nos hemos sumergido en las aguas de la historia de la m\u00fasica, aunque sea someramente, somos conscientes de que hay barreras que parecen imposibles de superar. Por ejemplo, en el estudio de las formas arquitect\u00f3nicas, los modos de escritura y muchas \u00e1reas de la arqueolog\u00eda, al menos el objeto de estudio se encuentra f\u00edsicamente ante el investigador. Ya sean fragmentos de cer\u00e1mica o pedazos de metal procedentes de una antiqu\u00edsima cota de malla, al menos se dispone de algo tangible que es posible someter a an\u00e1lisis.<\/p>\n<p>Bien, <strong>\u00bfy qu\u00e9 sucede con los sonidos?<\/strong> \u00bfC\u00f3mo era la m\u00fasica de la antig\u00fcedad? Asunto complicado, navegar m\u00e1s all\u00e1 del siglo XIV, con al surgimiento del Ars Nova es complicado, pero intentar averiguar sobre las m\u00fasicas occidentales anteriores a la Escuela de Notre Dame del siglo XIII empieza a ser algo de locos. Queda, no obstante, el canto gregoriano, pero poco m\u00e1s donde enfocar la atenci\u00f3n. S\u00ed, hay referencias en la literatura cl\u00e1sica m\u00e1s que suficientes como para saber que la m\u00fasica siempre estaba ah\u00ed, pero a falta de notaci\u00f3n precisa y partituras la cuesti\u00f3n cae hacia el lado de la especulaci\u00f3n. Pero hay quien no pierde la esperanza y se atreve incluso con el paisaje musical de la antigua Roma. Es el caso de <strong><a href=\"http:\/\/en.wikipedia.org\/wiki\/Synaulia\">Synaulia<\/a><\/strong>, un grupo de arque\u00f3logos y m\u00fasicos que se ha especializado en \u00abreconstruir\u00bb la m\u00fasica romana y etrusca. Desconozco hasta qu\u00e9 punto sus obras se aproximar\u00e1n a lo que realmente pudo ser, pero su <strong><a href=\"http:\/\/www.soundcenter.it\/\">m\u00e9todo de trabajo<\/a><\/strong> es minucioso y, al menos, logra extraer al m\u00e1ximo los pocos detalles que han llegado a nosotros. Estas reconstrucciones hipot\u00e9ticas han sido empleadas ocasionalmente en el cine y la televisi\u00f3n para ambientar pel\u00edculas \u00abde romanos\u00bb y se basan sobre todo, a falta de un sistema de notaci\u00f3n que haya resistido el paso del tiempo, en el an\u00e1lisis de textos, iconograf\u00eda y en la reconstrucci\u00f3n de instrumentos musicales antiguos. En YouTube existe todo un <strong><a href=\"http:\/\/www.youtube.com\/user\/generalpatton3#grid\/user\/7C8E43A462F3BD34\">canal que recopila, entre otros, parte de los trabajos de Synaulia<\/a><\/strong>. <strong>Para escuchar<\/strong>: <a href=\"http:\/\/open.spotify.com\/artist\/6ZGkjaeTAYwjaoxzJK6Ipf\">Synaulia en Spotify<\/a>.<\/p>\n","protected":false},"excerpt":{"rendered":"<div class=\"mh-excerpt\"><p>Quienes nos hemos sumergido en las aguas de la historia de la m\u00fasica, aunque sea someramente, somos conscientes de que hay barreras que parecen imposibles de superar. Por ejemplo, en <a class=\"mh-excerpt-more\" href=\"https:\/\/alpoma.net\/tecob\/?p=2658\" title=\"Reconstruyendo la m\u00fasica de la antigua Roma\">[&#8230;]<\/a><\/p>\n<\/div>","protected":false},"author":1,"featured_media":10598,"comment_status":"open","ping_status":"open","sticky":false,"template":"","format":"standard","meta":{"jetpack_post_was_ever_published":false,"_jetpack_newsletter_access":"","_jetpack_dont_email_post_to_subs":false,"_jetpack_newsletter_tier_id":0,"_jetpack_memberships_contains_paywalled_content":false,"_jetpack_memberships_contains_paid_content":false,"footnotes":""},"categories":[42],"tags":[],"class_list":["post-2658","post","type-post","status-publish","format-standard","has-post-thumbnail","hentry","category-musica"],"jetpack_featured_media_url":"https:\/\/alpoma.net\/tecob\/wp-content\/uploads\/2010\/05\/4583943042_39b0e60cb9_m.jpg","jetpack_shortlink":"https:\/\/wp.me\/p93Dc1-GS","jetpack-related-posts":[{"id":843,"url":"https:\/\/alpoma.net\/tecob\/?p=843","url_meta":{"origin":2658,"position":0},"title":"Momentos musicales","author":"alpoma","date":"29 febrero 2008","format":false,"excerpt":"Revisando la diaria acumulaci\u00f3n de feeds, una referencia musical ha logrado encadenar en mi cabeza varios recuerdos aparentemente inconexos que comparten el mismo esp\u00edritu, la b\u00fasqueda de la musicalidad en \u00e1mbitos impensables o, por lo menos, extra\u00f1os. Todo comenz\u00f3 con el n\u00famero pi, en concreto con un experimento que convierte\u2026","rel":"","context":"En \u00abM\u00fasica\u00bb","block_context":{"text":"M\u00fasica","link":"https:\/\/alpoma.net\/tecob\/?cat=42"},"img":{"alt_text":"","src":"https:\/\/i0.wp.com\/alpoma.net\/tecob\/wp-content\/uploads\/2008\/02\/2299598901_b8d527967e.jpg?resize=350%2C200&ssl=1","width":350,"height":200},"classes":[]},{"id":14951,"url":"https:\/\/alpoma.net\/tecob\/?p=14951","url_meta":{"origin":2658,"position":1},"title":"Maelzel, el inventor de cabecera de Beethoven","author":"alpoma","date":"12 marzo 2020","format":false,"excerpt":"Con obediente confianza se aplic\u00f3 Beethoven a seguir las varias prescripciones de los m\u00e9dicos que iba consultando [sin mejor\u00eda alguna] (\u2026) Desilusionado, descorazonado, tuvo que llegar a interponer entre \u00e9l y el mundo aquellas trompetillas ac\u00fasticas de diferentes formas que le constru\u00eda Maelzel, el inventor del metr\u00f3nomo. Y, al fin,\u2026","rel":"","context":"En \u00abM\u00fasica\u00bb","block_context":{"text":"M\u00fasica","link":"https:\/\/alpoma.net\/tecob\/?cat=42"},"img":{"alt_text":"","src":"https:\/\/i0.wp.com\/alpoma.net\/tecob\/wp-content\/uploads\/2020\/03\/Orquestri%C3%B3n.jpg?resize=350%2C200&ssl=1","width":350,"height":200,"srcset":"https:\/\/i0.wp.com\/alpoma.net\/tecob\/wp-content\/uploads\/2020\/03\/Orquestri%C3%B3n.jpg?resize=350%2C200&ssl=1 1x, https:\/\/i0.wp.com\/alpoma.net\/tecob\/wp-content\/uploads\/2020\/03\/Orquestri%C3%B3n.jpg?resize=525%2C300&ssl=1 1.5x, https:\/\/i0.wp.com\/alpoma.net\/tecob\/wp-content\/uploads\/2020\/03\/Orquestri%C3%B3n.jpg?resize=700%2C400&ssl=1 2x, https:\/\/i0.wp.com\/alpoma.net\/tecob\/wp-content\/uploads\/2020\/03\/Orquestri%C3%B3n.jpg?resize=1050%2C600&ssl=1 3x, https:\/\/i0.wp.com\/alpoma.net\/tecob\/wp-content\/uploads\/2020\/03\/Orquestri%C3%B3n.jpg?resize=1400%2C800&ssl=1 4x"},"classes":[]},{"id":7136,"url":"https:\/\/alpoma.net\/tecob\/?p=7136","url_meta":{"origin":2658,"position":2},"title":"La edad de oro de las pianolas","author":"alpoma","date":"30 agosto 2012","format":false,"excerpt":"Durante la segunda mitad del siglo XIX, y hasta bien entrada la siguiente centuria, la \u00fanica forma de reproducir en casa grandes composiciones musicales, en ocasiones grabadas de la misma mano de grandes genios como el gran Sergei Rachmaninoff, era contar con una pianola, salvo que uno supiera tocar bien\u2026","rel":"","context":"En \u00abObsolescencia\u00bb","block_context":{"text":"Obsolescencia","link":"https:\/\/alpoma.net\/tecob\/?cat=3"},"img":{"alt_text":"","src":"https:\/\/i0.wp.com\/alpoma.net\/tecob\/wp-content\/uploads\/2012\/08\/7896413070_ba675c8077_o.jpg?resize=350%2C200&ssl=1","width":350,"height":200,"srcset":"https:\/\/i0.wp.com\/alpoma.net\/tecob\/wp-content\/uploads\/2012\/08\/7896413070_ba675c8077_o.jpg?resize=350%2C200&ssl=1 1x, https:\/\/i0.wp.com\/alpoma.net\/tecob\/wp-content\/uploads\/2012\/08\/7896413070_ba675c8077_o.jpg?resize=525%2C300&ssl=1 1.5x"},"classes":[]},{"id":9062,"url":"https:\/\/alpoma.net\/tecob\/?p=9062","url_meta":{"origin":2658,"position":3},"title":"Juan Garc\u00eda Castillejo, un m\u00fasico electr\u00f3nico de los a\u00f1os cuarenta","author":"alpoma","date":"1 junio 2014","format":false,"excerpt":"Versi\u00f3n reducida del art\u00edculo que publiqu\u00e9 en la revista Historia de Iberia Vieja, edici\u00f3n de junio de 2014. En cuanto a la prehistoria de la computer-music, despu\u00e9s de recordar sistemas como el Arca Musar\u00edtmica de Athanasius Kircher en el siglo XVII o los manuales del XVIII para componer por medio\u2026","rel":"","context":"En \u00abMade in Spain\u00bb","block_context":{"text":"Made in Spain","link":"https:\/\/alpoma.net\/tecob\/?cat=10"},"img":{"alt_text":"","src":"https:\/\/i0.wp.com\/alpoma.net\/tecob\/wp-content\/uploads\/2014\/06\/Electrocompositor-647x10241.jpg?resize=350%2C200&ssl=1","width":350,"height":200,"srcset":"https:\/\/i0.wp.com\/alpoma.net\/tecob\/wp-content\/uploads\/2014\/06\/Electrocompositor-647x10241.jpg?resize=350%2C200&ssl=1 1x, https:\/\/i0.wp.com\/alpoma.net\/tecob\/wp-content\/uploads\/2014\/06\/Electrocompositor-647x10241.jpg?resize=525%2C300&ssl=1 1.5x"},"classes":[]},{"id":785,"url":"https:\/\/alpoma.net\/tecob\/?p=785","url_meta":{"origin":2658,"position":4},"title":"Los raros","author":"alpoma","date":"29 septiembre 2007","format":false,"excerpt":"Sirva el t\u00edtulo de este peque\u00f1o art\u00edculo como humilde homenaje a la obra de Rub\u00e9n Dar\u00edo del mismo nombre y a un \"derivado\" suyo, cierto programa de Radio Cl\u00e1sica que se emit\u00eda los fines de semana con la intenci\u00f3n de descubrir obras de compositores casi olvidados y, por lo general,\u2026","rel":"","context":"En \u00abM\u00fasica\u00bb","block_context":{"text":"M\u00fasica","link":"https:\/\/alpoma.net\/tecob\/?cat=42"},"img":{"alt_text":"","src":"","width":0,"height":0},"classes":[]},{"id":1059,"url":"https:\/\/alpoma.net\/tecob\/?p=1059","url_meta":{"origin":2658,"position":5},"title":"Manuel Garc\u00eda y el laringoscopio","author":"alpoma","date":"13 enero 2009","format":false,"excerpt":"Versi\u00f3n web del art\u00edculo que publiqu\u00e9 en Historia de Iberia Vieja, n\u00famero 43 - enero 2009. El inventor del laringoscopio, el Crist\u00f3bal Col\u00f3n de las laringes, hizo posible con su invento una serie de r\u00e1pidos progresos m\u00e9dico-quir\u00fargicos. Y su talla cient\u00edfica se alza en las cumbres inmortales donde Koch, Virchow,\u2026","rel":"","context":"En \u00abMade in Spain\u00bb","block_context":{"text":"Made in Spain","link":"https:\/\/alpoma.net\/tecob\/?cat=10"},"img":{"alt_text":"","src":"","width":0,"height":0},"classes":[]}],"jetpack_sharing_enabled":true,"_links":{"self":[{"href":"https:\/\/alpoma.net\/tecob\/index.php?rest_route=\/wp\/v2\/posts\/2658","targetHints":{"allow":["GET"]}}],"collection":[{"href":"https:\/\/alpoma.net\/tecob\/index.php?rest_route=\/wp\/v2\/posts"}],"about":[{"href":"https:\/\/alpoma.net\/tecob\/index.php?rest_route=\/wp\/v2\/types\/post"}],"author":[{"embeddable":true,"href":"https:\/\/alpoma.net\/tecob\/index.php?rest_route=\/wp\/v2\/users\/1"}],"replies":[{"embeddable":true,"href":"https:\/\/alpoma.net\/tecob\/index.php?rest_route=%2Fwp%2Fv2%2Fcomments&post=2658"}],"version-history":[{"count":0,"href":"https:\/\/alpoma.net\/tecob\/index.php?rest_route=\/wp\/v2\/posts\/2658\/revisions"}],"wp:featuredmedia":[{"embeddable":true,"href":"https:\/\/alpoma.net\/tecob\/index.php?rest_route=\/wp\/v2\/media\/10598"}],"wp:attachment":[{"href":"https:\/\/alpoma.net\/tecob\/index.php?rest_route=%2Fwp%2Fv2%2Fmedia&parent=2658"}],"wp:term":[{"taxonomy":"category","embeddable":true,"href":"https:\/\/alpoma.net\/tecob\/index.php?rest_route=%2Fwp%2Fv2%2Fcategories&post=2658"},{"taxonomy":"post_tag","embeddable":true,"href":"https:\/\/alpoma.net\/tecob\/index.php?rest_route=%2Fwp%2Fv2%2Ftags&post=2658"}],"curies":[{"name":"wp","href":"https:\/\/api.w.org\/{rel}","templated":true}]}}