{"id":2609,"date":"2010-04-28T16:26:43","date_gmt":"2010-04-28T14:26:43","guid":{"rendered":"http:\/\/www.alpoma.net\/tecob\/?p=2609"},"modified":"2010-04-28T16:26:43","modified_gmt":"2010-04-28T14:26:43","slug":"%c2%bfla-primera-persona-que-aparecio-en-television","status":"publish","type":"post","link":"https:\/\/alpoma.net\/tecob\/?p=2609","title":{"rendered":"\u00bfLa primera persona que apareci\u00f3 en televisi\u00f3n?"},"content":{"rendered":"<p>Como tantas otras cosas, esta curiosidad puede ser discutida, pero en la bibliograf\u00eda cl\u00e1sica sobre historia de la televisi\u00f3n se afirma que fue un tal <strong>William Taynton<\/strong> la primera persona en tener el honor de \u00absalir en la tele\u00bb. Aunque no fuera realmente el pionero as\u00ed ha quedado escrito porque no se conoce, al menos de momento, el nombre de ninguna otra persona digna de tal honor. <\/p>\n<p>As\u00ed, fue William Taynton, un chaval que ayudaba en sus experimentos a <strong><a href=\"http:\/\/www.bairdtelevision.com\/\">John Logie Baird<\/a><\/strong>, uno de los padres de la televisi\u00f3n, quien se coloc\u00f3 delante de una primitiva c\u00e1mara de televisi\u00f3n el <strong>2 de octubre de 1925<\/strong>. Lo que apareci\u00f3 en pantalla no era gran cosa, simplemente una serie de manchas y brillos que, en secuencia de cinco im\u00e1genes por segundo, apenas pod\u00eda ofrecer ilusi\u00f3n de movimiento. Al parecer, no existe captura fotogr\u00e1fica de tan memorable instante, pero s\u00ed de un experimento algo posterior. El <strong>16 de julio de 1926<\/strong> Baird volvi\u00f3 a pedir a Taynton que se colocara delante de la c\u00e1mara. En esta ocasi\u00f3n la velocidad de \u00abrefresco\u00bb fue superior y, adem\u00e1s, se encontraba en el laboratorio uno de los m\u00e1s conocidos fot\u00f3grafos de la \u00e9poca, <strong><a href=\"http:\/\/www.vam.ac.uk\/vastatic\/microsites\/1158_lafayette\/index.php\">James Lafayette<\/a><\/strong>. Lo que <strong><a href=\"http:\/\/www.vam.ac.uk\/vastatic\/microsites\/1158_lafayette\/categories.php?page_number=14&#038;category=stage\">capt\u00f3 su c\u00e1mara<\/a><\/strong> no fueron m\u00e1s que espectrales im\u00e1genes de un joven, pero a pesar de lo tosco del resultado, el momento era digno de ser capturado: la televisi\u00f3n \u00aben directo\u00bb hab\u00eda nacido. He aqu\u00ed dos de las tomas que realiz\u00f3 Lafayette en el laboratorio de Baird, que nos muestran lo que apareci\u00f3 en la primitiva pantalla de televisi\u00f3n cuando Taynton se coloc\u00f3 ante la c\u00e1mara. Estas im\u00e1genes se encuentran hoy d\u00eda custodiadas en el <strong><a href=\"http:\/\/www.vam.ac.uk\/your_visit\/other_languages\/spanish\/\">Museo de Victoria y Alberto en Londres<\/a><\/strong>.<\/p>\n<p><a href=\"http:\/\/www.flickr.com\/photos\/alpoma\/4560094605\/\" title=\"taynton by alpoma, on Flickr\"><img loading=\"lazy\" decoding=\"async\" src=\"http:\/\/farm4.static.flickr.com\/3116\/4560094605_0e91aa8f26_o.jpg\" width=\"620\" height=\"343\" alt=\"taynton\" class=\"otros\" \/><\/a><\/p>\n<p>| V\u00eda <a href=\"http:\/\/billyjane.tumblr.com\/\">bits&#038;bites<\/a> |<\/p>\n","protected":false},"excerpt":{"rendered":"<div class=\"mh-excerpt\"><p>Como tantas otras cosas, esta curiosidad puede ser discutida, pero en la bibliograf\u00eda cl\u00e1sica sobre historia de la televisi\u00f3n se afirma que fue un tal William Taynton la primera persona <a class=\"mh-excerpt-more\" href=\"https:\/\/alpoma.net\/tecob\/?p=2609\" title=\"\u00bfLa primera persona que apareci\u00f3 en televisi\u00f3n?\">[&#8230;]<\/a><\/p>\n<\/div>","protected":false},"author":1,"featured_media":10749,"comment_status":"open","ping_status":"open","sticky":false,"template":"","format":"standard","meta":{"jetpack_post_was_ever_published":false,"_jetpack_newsletter_access":"","_jetpack_dont_email_post_to_subs":false,"_jetpack_newsletter_tier_id":0,"_jetpack_memberships_contains_paywalled_content":false,"_jetpack_memberships_contains_paid_content":false,"footnotes":""},"categories":[3],"tags":[],"class_list":["post-2609","post","type-post","status-publish","format-standard","has-post-thumbnail","hentry","category-obsolescencia"],"jetpack_featured_media_url":"https:\/\/alpoma.net\/tecob\/wp-content\/uploads\/2010\/04\/4560094605_0e91aa8f26_o.jpg","jetpack_shortlink":"https:\/\/wp.me\/p93Dc1-G5","jetpack-related-posts":[{"id":1041,"url":"https:\/\/alpoma.net\/tecob\/?p=1041","url_meta":{"origin":2609,"position":0},"title":"Reinas del cielo","author":"alpoma","date":"4 diciembre 2008","format":false,"excerpt":"Desde los primeros tiempos de la aerostaci\u00f3n, a finales del siglo XVIII, cuando los primeros globos tripulados comenzaron a surcar los cielos, apareci\u00f3 toda una modalidad de espect\u00e1culo, muy rentable a decir de las cr\u00f3nicas, que consist\u00eda en unir peligrosos veh\u00edculos a\u00e9reos y mujeres. Hay que pensar en la \u00e9poca,\u2026","rel":"","context":"En \u00abObsolescencia\u00bb","block_context":{"text":"Obsolescencia","link":"https:\/\/alpoma.net\/tecob\/?cat=3"},"img":{"alt_text":"","src":"","width":0,"height":0},"classes":[]},{"id":8087,"url":"https:\/\/alpoma.net\/tecob\/?p=8087","url_meta":{"origin":2609,"position":1},"title":"Y se hizo la luz (el\u00e9ctrica)","author":"alpoma","date":"10 abril 2013","format":false,"excerpt":"La bella mansi\u00f3n que aparece en la fotograf\u00eda que acompa\u00f1a estas letras es la propiedad Cragside, situada en el norte de Inglaterra, en Northumberland, entre bosques y monta\u00f1as. Este lugar atrajo la atenci\u00f3n de William Armstrong, uno de los m\u00e1s c\u00e9lebres ingenieros e industriales brit\u00e1nicos del siglo XIX. Hace ahora\u2026","rel":"","context":"En \u00abObsolescencia\u00bb","block_context":{"text":"Obsolescencia","link":"https:\/\/alpoma.net\/tecob\/?cat=3"},"img":{"alt_text":"Cragside","src":"https:\/\/i0.wp.com\/farm9.staticflickr.com\/8392\/8636562841_4f7fc9e2cd_n.jpg?resize=350%2C200","width":350,"height":200},"classes":[]},{"id":4588,"url":"https:\/\/alpoma.net\/tecob\/?p=4588","url_meta":{"origin":2609,"position":2},"title":"A toda h\u00e9lice por el S\u00e1hara","author":"alpoma","date":"16 abril 2011","format":false,"excerpt":"Cuando, hace pocos d\u00edas, publiqu\u00e9 el art\u00edculo sobre los coches-avi\u00f3n de Marcel Leyat, encontr\u00e9 una referencia a un veh\u00edculo de estampa similar pero del que apenas he localizado datos. No lo quiero dejar ah\u00ed, durmiento junto a otros cientos de pistas interesantes con falta de tiempo para ser exploradas, as\u00ed\u2026","rel":"","context":"En \u00abObsolescencia\u00bb","block_context":{"text":"Obsolescencia","link":"https:\/\/alpoma.net\/tecob\/?cat=3"},"img":{"alt_text":"le_petite_journal","src":"https:\/\/i0.wp.com\/farm6.static.flickr.com\/5029\/5624788496_6f61859a82_o.jpg?resize=350%2C200","width":350,"height":200},"classes":[]},{"id":4051,"url":"https:\/\/alpoma.net\/tecob\/?p=4051","url_meta":{"origin":2609,"position":3},"title":"Un siglo del primer aterrizaje en un portaaviones","author":"alpoma","date":"18 enero 2011","format":false,"excerpt":"Posiblemente sea un poco exagerado, porque no era un portaaviones como tal, pero no creo que ese detalle importe mucho porque la aventura en s\u00ed fue lo suficientemente osada como para haber pasado a la historia como el punto de partida de la aviaci\u00f3n naval. Eugene Burton Ely, junto a\u2026","rel":"","context":"En \u00abObsolescencia\u00bb","block_context":{"text":"Obsolescencia","link":"https:\/\/alpoma.net\/tecob\/?cat=3"},"img":{"alt_text":"","src":"https:\/\/i0.wp.com\/alpoma.net\/tecob\/wp-content\/uploads\/2011\/01\/5367204035_94b11cb33c_o.jpg?resize=350%2C200&ssl=1","width":350,"height":200,"srcset":"https:\/\/i0.wp.com\/alpoma.net\/tecob\/wp-content\/uploads\/2011\/01\/5367204035_94b11cb33c_o.jpg?resize=350%2C200&ssl=1 1x, https:\/\/i0.wp.com\/alpoma.net\/tecob\/wp-content\/uploads\/2011\/01\/5367204035_94b11cb33c_o.jpg?resize=525%2C300&ssl=1 1.5x"},"classes":[]},{"id":10067,"url":"https:\/\/alpoma.net\/tecob\/?p=10067","url_meta":{"origin":2609,"position":4},"title":"La m\u00e1quina de buceo de Klingert (1797)","author":"alpoma","date":"5 septiembre 2014","format":false,"excerpt":"Repasando la historia de la tecnolog\u00eda de buceo, sorprende ver c\u00f3mo se sucedieron los proyectos para desarrollar m\u00e1quinas capaces de ofrecer la capacidad de respiraci\u00f3n bajo el agua con seguridad a lo largo de varios siglos. Se cuentan por decenas los intentos documentados desde el siglo XV. He ah\u00ed, por\u2026","rel":"","context":"En \u00abGeneral\u00bb","block_context":{"text":"General","link":"https:\/\/alpoma.net\/tecob\/?cat=1"},"img":{"alt_text":"","src":"https:\/\/i0.wp.com\/alpoma.net\/tecob\/wp-content\/uploads\/2014\/09\/Klingert.jpg?resize=350%2C200&ssl=1","width":350,"height":200,"srcset":"https:\/\/i0.wp.com\/alpoma.net\/tecob\/wp-content\/uploads\/2014\/09\/Klingert.jpg?resize=350%2C200&ssl=1 1x, https:\/\/i0.wp.com\/alpoma.net\/tecob\/wp-content\/uploads\/2014\/09\/Klingert.jpg?resize=525%2C300&ssl=1 1.5x"},"classes":[]},{"id":5940,"url":"https:\/\/alpoma.net\/tecob\/?p=5940","url_meta":{"origin":2609,"position":5},"title":"\u00a1Fumen radio!","author":"alpoma","date":"4 enero 2012","format":false,"excerpt":"El noruego Roald Amundsen, que hace poco m\u00e1s de un siglo se convirti\u00f3 en el primer ser humano en llegar al Polo Sur, era un explorador de esos que no se quedan quietos ni en la cama. Despu\u00e9s de diversas expediciones por medio mundo, decidi\u00f3 que su pr\u00f3xima aventura, entre\u2026","rel":"","context":"En \u00abObsolescencia\u00bb","block_context":{"text":"Obsolescencia","link":"https:\/\/alpoma.net\/tecob\/?cat=3"},"img":{"alt_text":"el_buen_tono","src":"https:\/\/i0.wp.com\/farm8.staticflickr.com\/7155\/6630658301_39d6fc694e.jpg?resize=350%2C200","width":350,"height":200},"classes":[]}],"jetpack_sharing_enabled":true,"_links":{"self":[{"href":"https:\/\/alpoma.net\/tecob\/index.php?rest_route=\/wp\/v2\/posts\/2609","targetHints":{"allow":["GET"]}}],"collection":[{"href":"https:\/\/alpoma.net\/tecob\/index.php?rest_route=\/wp\/v2\/posts"}],"about":[{"href":"https:\/\/alpoma.net\/tecob\/index.php?rest_route=\/wp\/v2\/types\/post"}],"author":[{"embeddable":true,"href":"https:\/\/alpoma.net\/tecob\/index.php?rest_route=\/wp\/v2\/users\/1"}],"replies":[{"embeddable":true,"href":"https:\/\/alpoma.net\/tecob\/index.php?rest_route=%2Fwp%2Fv2%2Fcomments&post=2609"}],"version-history":[{"count":0,"href":"https:\/\/alpoma.net\/tecob\/index.php?rest_route=\/wp\/v2\/posts\/2609\/revisions"}],"wp:featuredmedia":[{"embeddable":true,"href":"https:\/\/alpoma.net\/tecob\/index.php?rest_route=\/wp\/v2\/media\/10749"}],"wp:attachment":[{"href":"https:\/\/alpoma.net\/tecob\/index.php?rest_route=%2Fwp%2Fv2%2Fmedia&parent=2609"}],"wp:term":[{"taxonomy":"category","embeddable":true,"href":"https:\/\/alpoma.net\/tecob\/index.php?rest_route=%2Fwp%2Fv2%2Fcategories&post=2609"},{"taxonomy":"post_tag","embeddable":true,"href":"https:\/\/alpoma.net\/tecob\/index.php?rest_route=%2Fwp%2Fv2%2Ftags&post=2609"}],"curies":[{"name":"wp","href":"https:\/\/api.w.org\/{rel}","templated":true}]}}