{"id":2516,"date":"2010-04-15T13:58:57","date_gmt":"2010-04-15T11:58:57","guid":{"rendered":"http:\/\/www.alpoma.net\/tecob\/?p=2516"},"modified":"2010-04-15T13:58:57","modified_gmt":"2010-04-15T11:58:57","slug":"alpoma-net-premio-buscando-el-norte-digital","status":"publish","type":"post","link":"https:\/\/alpoma.net\/tecob\/?p=2516","title":{"rendered":"alpoma.net, Premio Buscando el Norte Digital"},"content":{"rendered":"<p>Lo coment\u00e9 anoche con prisas en mi \u00abecosistema\u00bb social (<em>Twitter<\/em> y <em>Facebook<\/em> mayormente), pero no ha sido hasta ahora que tengo un peque\u00f1o respiro para comentarlo con m\u00e1s calma. Ayer, se celebr\u00f3 la gala de entrega de los <strong>Premios Buscando el Norte Digital 2010<\/strong>, organizados por el peri\u00f3dico <strong><a href=\"http:\/\/www.nortecastilla.es\/\">El Norte de Castilla<\/a><\/strong> y patrocinados, entre otros, por la <strong>Junta de Castilla y Le\u00f3n<\/strong>.<\/p>\n<p>No pude asistir personalmente, pero en mi nombre recogi\u00f3 el <strong><a href=\"http:\/\/buscando.elnortedigital.es\/\">premio al mejor proyecto personal<\/a><\/strong> <strong>Jos\u00e9 Fonseca<\/strong>, a quien agradezco profundamente el gesto. No hay mucho m\u00e1s que contar, porque lo m\u00e1s importante llega ahora: <strong>GRACIAS<\/strong>. S\u00ed, he de agradecerle al jurado que haya valorado tan positivamente mi proyecto <strong>alpoma.net<\/strong> o, lo que es lo mismo, a <em><a href=\"http:\/\/www.alpoma.net\/tecob\">Tecnolog\u00eda Obsoleta<\/a><\/em> y a <em><a href=\"http:\/\/www.alpoma.net\/carto\">La Cartoteca<\/a><\/em> pero el agradecimiento va mucho m\u00e1s all\u00e1. <strong>Son las personas que leen y disfrutan a diario de lo que aqu\u00ed escribo los verdaderos protagonistas, a quienes debo que este blog sea considerado actualmente como un referente por muchos<\/strong>. A vosotr@s&#8230; <strong>\u00a1GRACIAS!<\/strong> \ud83d\ude42<\/p>\n<p><a href=\"http:\/\/www.flickr.com\/photos\/alpoma\/4522576939\/\" title=\"Premios by alpoma, on Flickr\"><img loading=\"lazy\" decoding=\"async\" src=\"http:\/\/farm3.static.flickr.com\/2713\/4522576939_ca71aa0e99_o.jpg\" width=\"620\" height=\"465\" alt=\"Premios\" \/><\/a><\/p>\n","protected":false},"excerpt":{"rendered":"<div class=\"mh-excerpt\"><p>Lo coment\u00e9 anoche con prisas en mi \u00abecosistema\u00bb social (Twitter y Facebook mayormente), pero no ha sido hasta ahora que tengo un peque\u00f1o respiro para comentarlo con m\u00e1s calma. Ayer, <a class=\"mh-excerpt-more\" href=\"https:\/\/alpoma.net\/tecob\/?p=2516\" title=\"alpoma.net, Premio Buscando el Norte Digital\">[&#8230;]<\/a><\/p>\n<\/div>","protected":false},"author":1,"featured_media":11003,"comment_status":"open","ping_status":"open","sticky":false,"template":"","format":"standard","meta":{"jetpack_post_was_ever_published":false,"_jetpack_newsletter_access":"","_jetpack_dont_email_post_to_subs":false,"_jetpack_newsletter_tier_id":0,"_jetpack_memberships_contains_paywalled_content":false,"_jetpack_memberships_contains_paid_content":false,"footnotes":""},"categories":[2],"tags":[],"class_list":["post-2516","post","type-post","status-publish","format-standard","has-post-thumbnail","hentry","category-personal"],"jetpack_featured_media_url":"https:\/\/alpoma.net\/tecob\/wp-content\/uploads\/2010\/04\/4522576939_ca71aa0e99_o.jpg","jetpack_shortlink":"https:\/\/wp.me\/p93Dc1-EA","jetpack-related-posts":[{"id":6067,"url":"https:\/\/alpoma.net\/tecob\/?p=6067","url_meta":{"origin":2516,"position":0},"title":"Los colmenares tradicionales y el oso pardo","author":"alpoma","date":"23 enero 2012","format":false,"excerpt":"Desde hace ya tanto tiempo que nadie recuerda el momento en que fue levantado, cuenta mi familia con un vetusto colmenar a las faldas de la imponente Pe\u00f1a Redonda, en la Monta\u00f1a Palentina, pintoresca construcci\u00f3n tradicional a la que corresponde esta fotograf\u00eda que tom\u00e9 en el verano de 2007. Ese\u2026","rel":"","context":"En \u00abObsolescencia\u00bb","block_context":{"text":"Obsolescencia","link":"https:\/\/alpoma.net\/tecob\/?cat=3"},"img":{"alt_text":"","src":"https:\/\/i0.wp.com\/alpoma.net\/tecob\/wp-content\/uploads\/2012\/01\/1032898092_de6e0edcc1_z.jpg?resize=350%2C200&ssl=1","width":350,"height":200,"srcset":"https:\/\/i0.wp.com\/alpoma.net\/tecob\/wp-content\/uploads\/2012\/01\/1032898092_de6e0edcc1_z.jpg?resize=350%2C200&ssl=1 1x, https:\/\/i0.wp.com\/alpoma.net\/tecob\/wp-content\/uploads\/2012\/01\/1032898092_de6e0edcc1_z.jpg?resize=525%2C300&ssl=1 1.5x"},"classes":[]},{"id":938,"url":"https:\/\/alpoma.net\/tecob\/?p=938","url_meta":{"origin":2516,"position":1},"title":"El Canal de Castilla","author":"alpoma","date":"23 julio 2008","format":false,"excerpt":"Versi\u00f3n reducida (sin cuadros ni im\u00e1genes) del art\u00edculo que publiqu\u00e9 en Historia de Iberia Vieja , Diciembre de 2007. Sue\u00f1o nunca finalizado, proeza de la ingenier\u00eda espa\u00f1ola, dep\u00f3sito de esperanzas y testigo de frustraciones. El Canal de Castilla refleja lo m\u00e1s \u00edntimo del esp\u00edritu de los campos que rasga y\u2026","rel":"","context":"En \u00abMade in Spain\u00bb","block_context":{"text":"Made in Spain","link":"https:\/\/alpoma.net\/tecob\/?cat=10"},"img":{"alt_text":"","src":"https:\/\/i0.wp.com\/alpoma.net\/tecob\/wp-content\/uploads\/2008\/07\/2695566633_838e4be993_o.jpg?resize=350%2C200&ssl=1","width":350,"height":200,"srcset":"https:\/\/i0.wp.com\/alpoma.net\/tecob\/wp-content\/uploads\/2008\/07\/2695566633_838e4be993_o.jpg?resize=350%2C200&ssl=1 1x, https:\/\/i0.wp.com\/alpoma.net\/tecob\/wp-content\/uploads\/2008\/07\/2695566633_838e4be993_o.jpg?resize=525%2C300&ssl=1 1.5x"},"classes":[]},{"id":1992,"url":"https:\/\/alpoma.net\/tecob\/?p=1992","url_meta":{"origin":2516,"position":2},"title":"Proyecto Decadencia","author":"alpoma","date":"11 enero 2010","format":false,"excerpt":"Hace tiempo que lo he comentado en Twitter y, mucho antes, ocupa un lugar en mi galer\u00eda de Flickr, pero hoy ha sido cuando he completado la puesta de largo de un peque\u00f1o proyecto que comenc\u00e9 en 2005. Con la selecci\u00f3n que he incluido entre los proyectos que estoy subiendo\u2026","rel":"","context":"En \u00abObsolescencia\u00bb","block_context":{"text":"Obsolescencia","link":"https:\/\/alpoma.net\/tecob\/?cat=3"},"img":{"alt_text":"","src":"","width":0,"height":0},"classes":[]},{"id":13187,"url":"https:\/\/alpoma.net\/tecob\/?p=13187","url_meta":{"origin":2516,"position":3},"title":"Descubre mi proyecto \u00abMinimal Geography\u00bb","author":"alpoma","date":"23 marzo 2018","format":false,"excerpt":"Lo coment\u00e9 hace d\u00edas en mi blog sobre mapas, pero hasta ahora no lo hab\u00eda mencionado por aqu\u00ed. All\u00e1 por 2010 dise\u00f1\u00e9 una serie de carteles con tema cartogr\u00e1fico que, por mil asuntos y falta de tiempo, terminaron olvidados en un caj\u00f3n (algo de esa \u00e9poca puede verse en mi\u2026","rel":"","context":"En \u00abPersonal\u00bb","block_context":{"text":"Personal","link":"https:\/\/alpoma.net\/tecob\/?cat=2"},"img":{"alt_text":"","src":"https:\/\/i0.wp.com\/alpoma.net\/tecob\/wp-content\/uploads\/2018\/03\/Captura-de-pantalla-2018-03-17-a-las-17.29.57.png?resize=350%2C200&ssl=1","width":350,"height":200,"srcset":"https:\/\/i0.wp.com\/alpoma.net\/tecob\/wp-content\/uploads\/2018\/03\/Captura-de-pantalla-2018-03-17-a-las-17.29.57.png?resize=350%2C200&ssl=1 1x, https:\/\/i0.wp.com\/alpoma.net\/tecob\/wp-content\/uploads\/2018\/03\/Captura-de-pantalla-2018-03-17-a-las-17.29.57.png?resize=525%2C300&ssl=1 1.5x, https:\/\/i0.wp.com\/alpoma.net\/tecob\/wp-content\/uploads\/2018\/03\/Captura-de-pantalla-2018-03-17-a-las-17.29.57.png?resize=700%2C400&ssl=1 2x, https:\/\/i0.wp.com\/alpoma.net\/tecob\/wp-content\/uploads\/2018\/03\/Captura-de-pantalla-2018-03-17-a-las-17.29.57.png?resize=1050%2C600&ssl=1 3x, https:\/\/i0.wp.com\/alpoma.net\/tecob\/wp-content\/uploads\/2018\/03\/Captura-de-pantalla-2018-03-17-a-las-17.29.57.png?resize=1400%2C800&ssl=1 4x"},"classes":[]},{"id":6039,"url":"https:\/\/alpoma.net\/tecob\/?p=6039","url_meta":{"origin":2516,"position":4},"title":"Cencelladas","author":"alpoma","date":"11 enero 2012","format":false,"excerpt":"Despu\u00e9s de estar bastantes d\u00edas en Guardo, con sol, en jornadas que m\u00e1s parec\u00edan de primavera que de invierno, resulta que hoy en Valladolid me salud\u00f3 la ma\u00f1ana con lo que parec\u00eda nieve. Y pens\u00e9 para m\u00ed que ya era hora de ver algo de nieve este invierno. \u00a1Vaya burrada!\u2026","rel":"","context":"En \u00abGeo\u00bb","block_context":{"text":"Geo","link":"https:\/\/alpoma.net\/tecob\/?cat=5"},"img":{"alt_text":"","src":"https:\/\/i0.wp.com\/alpoma.net\/tecob\/wp-content\/uploads\/2012\/01\/6679616047_91b5cd93a5_z.jpg?resize=350%2C200&ssl=1","width":350,"height":200,"srcset":"https:\/\/i0.wp.com\/alpoma.net\/tecob\/wp-content\/uploads\/2012\/01\/6679616047_91b5cd93a5_z.jpg?resize=350%2C200&ssl=1 1x, https:\/\/i0.wp.com\/alpoma.net\/tecob\/wp-content\/uploads\/2012\/01\/6679616047_91b5cd93a5_z.jpg?resize=525%2C300&ssl=1 1.5x"},"classes":[]},{"id":14943,"url":"https:\/\/alpoma.net\/tecob\/?p=14943","url_meta":{"origin":2516,"position":5},"title":"Physics Atlas 1889, mi nuevo proyecto en Kickstarter","author":"alpoma","date":"1 febrero 2020","format":false,"excerpt":"Lo publiqu\u00e9 ayer, y en principio marcha bastante bien. S\u00ed, es mi nuevo proyecto en Kickstarter, pero en esta ocasi\u00f3n es muy diferente a mis proyectos \"cl\u00e1sicos\" sobre mapas. En mi biblioteca guardo multitud de libros sobre ciencia, algunos muy antiguos. Varios de esos libros son realmente preciosos, verdaderas joyas\u2026","rel":"","context":"En \u00abPersonal\u00bb","block_context":{"text":"Personal","link":"https:\/\/alpoma.net\/tecob\/?cat=2"},"img":{"alt_text":"","src":"https:\/\/i0.wp.com\/alpoma.net\/tecob\/wp-content\/uploads\/2020\/02\/COVER-scaled.jpg?resize=350%2C200&ssl=1","width":350,"height":200,"srcset":"https:\/\/i0.wp.com\/alpoma.net\/tecob\/wp-content\/uploads\/2020\/02\/COVER-scaled.jpg?resize=350%2C200&ssl=1 1x, https:\/\/i0.wp.com\/alpoma.net\/tecob\/wp-content\/uploads\/2020\/02\/COVER-scaled.jpg?resize=525%2C300&ssl=1 1.5x, https:\/\/i0.wp.com\/alpoma.net\/tecob\/wp-content\/uploads\/2020\/02\/COVER-scaled.jpg?resize=700%2C400&ssl=1 2x, https:\/\/i0.wp.com\/alpoma.net\/tecob\/wp-content\/uploads\/2020\/02\/COVER-scaled.jpg?resize=1050%2C600&ssl=1 3x, https:\/\/i0.wp.com\/alpoma.net\/tecob\/wp-content\/uploads\/2020\/02\/COVER-scaled.jpg?resize=1400%2C800&ssl=1 4x"},"classes":[]}],"jetpack_sharing_enabled":true,"_links":{"self":[{"href":"https:\/\/alpoma.net\/tecob\/index.php?rest_route=\/wp\/v2\/posts\/2516","targetHints":{"allow":["GET"]}}],"collection":[{"href":"https:\/\/alpoma.net\/tecob\/index.php?rest_route=\/wp\/v2\/posts"}],"about":[{"href":"https:\/\/alpoma.net\/tecob\/index.php?rest_route=\/wp\/v2\/types\/post"}],"author":[{"embeddable":true,"href":"https:\/\/alpoma.net\/tecob\/index.php?rest_route=\/wp\/v2\/users\/1"}],"replies":[{"embeddable":true,"href":"https:\/\/alpoma.net\/tecob\/index.php?rest_route=%2Fwp%2Fv2%2Fcomments&post=2516"}],"version-history":[{"count":0,"href":"https:\/\/alpoma.net\/tecob\/index.php?rest_route=\/wp\/v2\/posts\/2516\/revisions"}],"wp:featuredmedia":[{"embeddable":true,"href":"https:\/\/alpoma.net\/tecob\/index.php?rest_route=\/wp\/v2\/media\/11003"}],"wp:attachment":[{"href":"https:\/\/alpoma.net\/tecob\/index.php?rest_route=%2Fwp%2Fv2%2Fmedia&parent=2516"}],"wp:term":[{"taxonomy":"category","embeddable":true,"href":"https:\/\/alpoma.net\/tecob\/index.php?rest_route=%2Fwp%2Fv2%2Fcategories&post=2516"},{"taxonomy":"post_tag","embeddable":true,"href":"https:\/\/alpoma.net\/tecob\/index.php?rest_route=%2Fwp%2Fv2%2Ftags&post=2516"}],"curies":[{"name":"wp","href":"https:\/\/api.w.org\/{rel}","templated":true}]}}